{"id":111658,"date":"2025-05-19T11:49:09","date_gmt":"2025-05-19T11:49:09","guid":{"rendered":"https:\/\/www.europesays.com\/fr\/111658\/"},"modified":"2025-05-19T11:49:09","modified_gmt":"2025-05-19T11:49:09","slug":"jura-apres-la-colonisation-comment-lutter-contre-le-moustique-tigre-a-lons-le-saunier-le-progres","status":"publish","type":"post","link":"https:\/\/www.europesays.com\/fr\/111658\/","title":{"rendered":"Jura. Apr\u00e8s la colonisation, comment lutter contre le moustique tigre \u00e0 Lons-le-Saunier &#8211; Le Progr\u00e8s"},"content":{"rendered":"<ol>\n<li><a href=\"https:\/\/news.google.com\/rss\/articles\/CBMi3wFBVV95cUxQVVdLeHJCMWdQc3NMbnFxR2lDcWVMak85Y05jZE1pQ0ktaGNZRml0MlBONGFsTGkzZkk1YUlRQmlWTms0UzI4cVFPN0Z4eEVZOUpCclRwZkwybVNsU3NOOVZfMzdrbVpQY0pmYlRSMUlBY3N5RjZyTzdLcURQTm0yNmkxd2k4Y1NsQy1CYlVBeWFZSDdEamxOcnMwN0dqUTdYSjVudUJ5NF9ZNUNCYmdBNnAxbU45cW1pUHAzQVR2M3EzamhhbDd1UUFVUFRwcWNUVXZUajVLblNLbExhejYw?oc=5\" target=\"_blank\" rel=\"noopener\">Jura. Apr\u00e8s la colonisation, comment lutter contre le moustique tigre \u00e0 Lons-le-Saunier<\/a>&nbsp;&nbsp;Le Progr\u00e8s<\/li>\n<li><a href=\"https:\/\/news.google.com\/rss\/articles\/CBMinAJBVV95cUxOMFBnZnhJVFQwSkU0MFllcldVRkh2ejB0TThkRXlSWFg2UTFHR0t4SkY2WXRVM1JCNl9BSUpYTEFIMVNZdUlLelZ3UnhNVWU2ZVhnWGZMdW0yTlduaEJKVlFLYTZ0V3Z2NTV1M0U4a0FiV2pKZV9ZLVppRHB2OXBrNmlnQkFaaGlGOW1tU3htM2ZYS1VnMmZVeHhtZ3VJZ00xaDNUb0pISlMzN0Roak1pc3d4TWh2SEhJaldvYi1zY3h5QlRqVEJZTGVVZmR3bC01UTk3c0dvTmtNdTNycnpGQWxORG5iRFF3R0FzNlVEUHZGQTMtRmJxQXFZTGNlZlZBdF9RTnRLSFpkd3lxbk5hMDB2YmNzVUp2MFc4Zw?oc=5\" target=\"_blank\" rel=\"noopener\">A l\u2019occasion du lancement de la surveillance renforc\u00e9e de la dengue, du chikungunya et du Zika en France m\u00e9tropolitaine, les autorit\u00e9s sanitaires rappellent l\u2019importance de se prot\u00e9ger des piq\u00fbres de moustiques<\/a>&nbsp;&nbsp;Sant\u00e9 publique France<\/li>\n<li><a href=\"https:\/\/news.google.com\/rss\/articles\/CBMi6wFBVV95cUxQY1VJTWphTXNBcjdKVkRBLXdPQ0tCeVlGbklqWVFhbTZZVnF4WXE1QlpVN2NaU1JaQnJRUURqZDVWYzdIWkx0TGItbTNvVmJndGhCaXN0QUF1c2hLeUxMR1Z5Y3JKLXl2NXlmZFU3amNDd2ZvakxlOXdQYUpzRVZldVVTLUVhbTN1QWNjc05jZ1pCcnFLTS1sUXZxSXlrQUNaeG5uSFFpREF4N2VvSm9fbHdHX3c2dFhVZ0hWaHg1UTNpelMzR09pb1lGeGpROU1HUm4zRU5qeXVOaERxZi1mQTFHZlBpZWpnNnhR?oc=5\" target=\"_blank\" rel=\"noopener\">VID\u00c9O &#8211; Ils l\u00e2chent des moustiques tigres rendus st\u00e9riles pour sauver l\u2019\u00e9t\u00e9 et si c\u2019\u00e9tait la solution miracle ?<\/a>&nbsp;&nbsp;francebleu.fr<\/li>\n<li><a href=\"https:\/\/news.google.com\/rss\/articles\/CBMi2AFBVV95cUxOdUVwY19tZ3JxM0psakJzZ1F3VVQ0VHVqbGs1TTVWWkFreThwQ3NsdUVzSGFNemwxQXIwc3AzMTNLeTExUk9kbnJHOGdSLVFEZHcxTFJiSXJ4dHhoaEFhcjJ3SXprRjBqZVhMWlBVY2tadVpGcEV1Y1FEUEYxcUlRTXJqckw0V1UxcEdncDl2Z0J6SEQ4Q0s5c1IxNDhOVVoyLWR3ZHlmQTg4Ny0za05qUUVzNTNOTVlJT0RKdnhIdC1nNkY2ME45NHBqUjIxVzVrdkJLb1g5Zko?oc=5\" target=\"_blank\" rel=\"noopener\">Dengue, chikungunya: faut-il craindre ces maladies transmises par le moustique tigre?<\/a>&nbsp;&nbsp;Notretemps.com<\/li>\n<li><a href=\"https:\/\/news.google.com\/rss\/articles\/CBMiugFBVV95cUxOWTN4Y2dHSGdsb3R3ME1NSW5SeXgzOUNZeGRCaHp6ZURMZFBtU2VPU0xVLWZ6YXFPb2d2MmNWVXVfM0JEbnlJTE9YeXNWUUhYRGp0UTdyMkFYTHEzbkR3N1ZiRnYyZHNLcGM2czBSTERFOU10cUkzbVBnR1BvZTgwenphaHQ2bEVQVmNBTWMyNDBfWS01UnNQV1ROY0h4ZzRnZWN1a0RRQ0I2WVJIQThDVk9yck85eXpOaEE?oc=5\" target=\"_blank\" rel=\"noopener\">Le moustique tigre bient\u00f4t dans la r\u00e9gion?<\/a>&nbsp;&nbsp;Radio France<\/li>\n<\/ol>\n","protected":false},"excerpt":{"rendered":"Jura. Apr\u00e8s la colonisation, comment lutter contre le moustique tigre \u00e0 Lons-le-Saunier&nbsp;&nbsp;Le Progr\u00e8s A l\u2019occasion du lancement de&hellip;\n","protected":false},"author":2,"featured_media":111659,"comment_status":"","ping_status":"","sticky":false,"template":"","format":"standard","meta":{"footnotes":""},"categories":[10],"tags":[2274,436,107,1011,27,72,1826,3352,7874,71],"class_list":{"0":"post-111658","1":"post","2":"type-post","3":"status-publish","4":"format-standard","5":"has-post-thumbnail","7":"category-sante","8":"tag-edition-jura-sud","9":"tag-environnement","10":"tag-fil-info","11":"tag-fr","12":"tag-france","13":"tag-health","14":"tag-jura","15":"tag-lons-le-saunier","16":"tag-lons-le-saunier-ville","17":"tag-sante"},"share_on_mastodon":{"url":"https:\/\/pubeurope.com\/@fr\/114534348436997785","error":""},"_links":{"self":[{"href":"https:\/\/www.europesays.com\/fr\/wp-json\/wp\/v2\/posts\/111658","targetHints":{"allow":["GET"]}}],"collection":[{"href":"https:\/\/www.europesays.com\/fr\/wp-json\/wp\/v2\/posts"}],"about":[{"href":"https:\/\/www.europesays.com\/fr\/wp-json\/wp\/v2\/types\/post"}],"author":[{"embeddable":true,"href":"https:\/\/www.europesays.com\/fr\/wp-json\/wp\/v2\/users\/2"}],"replies":[{"embeddable":true,"href":"https:\/\/www.europesays.com\/fr\/wp-json\/wp\/v2\/comments?post=111658"}],"version-history":[{"count":0,"href":"https:\/\/www.europesays.com\/fr\/wp-json\/wp\/v2\/posts\/111658\/revisions"}],"wp:featuredmedia":[{"embeddable":true,"href":"https:\/\/www.europesays.com\/fr\/wp-json\/wp\/v2\/media\/111659"}],"wp:attachment":[{"href":"https:\/\/www.europesays.com\/fr\/wp-json\/wp\/v2\/media?parent=111658"}],"wp:term":[{"taxonomy":"category","embeddable":true,"href":"https:\/\/www.europesays.com\/fr\/wp-json\/wp\/v2\/categories?post=111658"},{"taxonomy":"post_tag","embeddable":true,"href":"https:\/\/www.europesays.com\/fr\/wp-json\/wp\/v2\/tags?post=111658"}],"curies":[{"name":"wp","href":"https:\/\/api.w.org\/{rel}","templated":true}]}}