{"id":111670,"date":"2025-05-19T11:55:17","date_gmt":"2025-05-19T11:55:17","guid":{"rendered":"https:\/\/www.europesays.com\/fr\/111670\/"},"modified":"2025-05-19T11:55:17","modified_gmt":"2025-05-19T11:55:17","slug":"suivez-la-mobilisation-des-taxis-en-centre-ouest","status":"publish","type":"post","link":"https:\/\/www.europesays.com\/fr\/111670\/","title":{"rendered":"suivez la mobilisation des taxis en Centre-Ouest"},"content":{"rendered":"<p>Bienvenue dans ce direct. Il est aliment\u00e9 sur le terrain par nos journalistes de l\u2019Indre, de l\u2019Indre-et-Loire, du Loir-et-Cher et des Deux-S\u00e8vres et \u00e9dit\u00e9 par Boris Granger \u00e0 la r\u00e9daction.<\/p>\n<p><strong>13\u00a0h\u00a015.<\/strong> \u00c0 <strong>Blois<\/strong> aussi, c\u2019est la pause. Chauffeurs de taxi et membres de la Coordination rurale se retrouvent pour un pique-nique devant la pr\u00e9fecture.<\/p>\n<\/p>\n<p><strong>12\u00a0h\u00a045.<\/strong> Du c\u00f4t\u00e9 des <strong>Deux-S\u00e8vres<\/strong>, les taxis, de retour au rond-point de la Mude, entament un pique-nique. Si le gros de la mobilisation avait lieu ce matin, ils ont n\u00e9anmoins pr\u00e9vu de relancer une op\u00e9ration escargot \u00e0 13\u00a0h en direction du centre-ville, o\u00f9 le pr\u00e9fet doit les recevoir. Ils devraient \u00eatre de retour sur le rond-point aux alentours de 15\u00a0h\u00a030 et y resteront jusqu\u2019\u00e0 18\u00a0h.<\/p>\n<p><img alt=\"Les chauffeurs de taxi sont de retour sur le rond-point de la Mude o\u00f9 ils font une pause pique-nique.\" loading=\"lazy\" width=\"980\" height=\"573\" decoding=\"async\" data-nimg=\"1\" class=\"img-responsive spinner-show\" style=\"color:transparent;background-size:cover;background-position:50% 50%;background-repeat:no-repeat;background-image:url(&quot;data:image\/svg+xml;charset=utf-8,%3Csvg xmlns=\" http:=\"\" viewbox=\"0 0 980 573\" id=\"b\" color-interpolation-filters=\"sRGB\" stddeviation=\"20\" values=\"1 0 0 0 0 0 1 0 0 0 0 0 1 0 0 0 0 0 100 -1\" result=\"s\" x=\"0\" y=\"0\" operator=\"out\" in=\"s\" in2=\"SourceGraphic\" preserveaspectratio=\"none\" href=\"https:\/\/images.lanouvellerepublique.fr\/image\/upload\/t_88w\/f_auto\/682b0d4b805a00ae618b4585.jpg\"   src=\"https:\/\/www.europesays.com\/fr\/wp-content\/uploads\/2025\/05\/682b0d4b805a00ae618b4585.jpg\"\/><\/p>\n<p style=\"background-color:#F2F2F2;padding:5px;margin-top:0px;margin-bottom:10px\">Les chauffeurs de taxi sont de retour sur le rond-point de la Mude o\u00f9 ils font une pause pique-nique.<br \/> \u00a9 Photo NR, H\u00e9l\u00e8ne Echass\u00e9riau<\/p>\n<p><strong>12\u00a0h\u00a030.<\/strong> Du c\u00f4t\u00e9 de <strong>Blois<\/strong>, le cort\u00e8ge est \u00e0 l\u2019arr\u00eat. Certains manifestants souhaitent distribuer des tracts dans le centre hospitalier. Les autres ont d\u00e9pos\u00e9 des tracts sur\u00a0les pare-brise des voitures en stationnement et pr\u00e9voient de repartir dans les prochaines minutes.<\/p>\n<p><strong>12\u00a0h\u00a015.<\/strong>\u00a0\u00c0 <strong>Niort<\/strong>, les taxis sont revenus au rond-point de la Mude mais la circulation n\u2019est ni filtr\u00e9e ni bloqu\u00e9e.<\/p>\n<p><img alt=\"\u00c0 Niort, Val\u00e9rie, chauffeuse de taxi, a re\u00e7u un texto de soutien de la part d\u2019une de ses clientes.\" loading=\"lazy\" width=\"980\" height=\"573\" decoding=\"async\" data-nimg=\"1\" class=\"img-responsive spinner-show\" style=\"color:transparent;background-size:cover;background-position:50% 50%;background-repeat:no-repeat;background-image:url(&quot;data:image\/svg+xml;charset=utf-8,%3Csvg xmlns=\" http:=\"\" viewbox=\"0 0 980 573\" id=\"b\" color-interpolation-filters=\"sRGB\" stddeviation=\"20\" values=\"1 0 0 0 0 0 1 0 0 0 0 0 1 0 0 0 0 0 100 -1\" result=\"s\" x=\"0\" y=\"0\" operator=\"out\" in=\"s\" in2=\"SourceGraphic\" preserveaspectratio=\"none\" href=\"https:\/\/images.lanouvellerepublique.fr\/image\/upload\/t_88w\/f_auto\/682b0d4b805a00ac618b4580.jpg\"   src=\"https:\/\/www.europesays.com\/fr\/wp-content\/uploads\/2025\/05\/682b0d4b805a00ac618b4580.jpg\"\/><\/p>\n<p style=\"background-color:#F2F2F2;padding:5px;margin-top:0px;margin-bottom:10px\">\u00c0 Niort, Val\u00e9rie, chauffeuse de taxi, a re\u00e7u un texto de soutien de la part d\u2019une de ses clientes.<br \/> \u00a9 Photo NR, H\u00e9l\u00e8ne Echass\u00e9riau<\/p>\n<p><strong>12\u00a0h.<\/strong> Le cort\u00e8ge arrive devant l\u2019h\u00f4pital de <strong>Blois<\/strong>. Les taxis font le tour du rond-point avant de rallier la pr\u00e9fecture. Les taxis ouvrent la marche, suivis des tracteurs.<\/p>\n<\/p>\n<p><strong>11\u00a0h\u00a015.<\/strong> \u00c0 <strong>Blois<\/strong>, la mobilisation fera bien un crochet par l\u2019h\u00f4pital. D\u00e9part de la MSA dans une dizaine de minutes.<\/p>\n<p><img alt=\"Les taxis du Loir-et-Cher s\u2019appr\u00eatent \u00e0 rejoindre l\u2019h\u00f4pital depuis la MSA.\" loading=\"lazy\" width=\"980\" height=\"573\" decoding=\"async\" data-nimg=\"1\" class=\"img-responsive spinner-show\" style=\"color:transparent;background-size:cover;background-position:50% 50%;background-repeat:no-repeat;background-image:url(&quot;data:image\/svg+xml;charset=utf-8,%3Csvg xmlns=\" http:=\"\" viewbox=\"0 0 980 573\" id=\"b\" color-interpolation-filters=\"sRGB\" stddeviation=\"20\" values=\"1 0 0 0 0 0 1 0 0 0 0 0 1 0 0 0 0 0 100 -1\" result=\"s\" x=\"0\" y=\"0\" operator=\"out\" in=\"s\" in2=\"SourceGraphic\" preserveaspectratio=\"none\" href=\"https:\/\/images.lanouvellerepublique.fr\/image\/upload\/t_88w\/f_auto\/682af75053aa40f7048b45a1.jpg\"   src=\"https:\/\/www.europesays.com\/fr\/wp-content\/uploads\/2025\/05\/682af75053aa40f7048b45a1.jpg\"\/><\/p>\n<p style=\"background-color:#F2F2F2;padding:5px;margin-top:0px;margin-bottom:10px\">Les taxis du Loir-et-Cher s\u2019appr\u00eatent \u00e0 rejoindre l\u2019h\u00f4pital depuis la MSA.<br \/> \u00a9 Photo NR, Natacha Monhoven<\/p>\n<p><strong>11\u00a0h.<\/strong> Selon le dernier comptage devant la Mutualit\u00e9 sociale agricole de <strong>Blois<\/strong>, 80 taxis, une vingtaine de tracteurs de la Coordination rurale et plus de 110 personnes sont mobilis\u00e9s dans la capitale du Loir-et-Cher.\u00a0Un passage devant l\u2019h\u00f4pital reste envisag\u00e9 (mais incertain) avant de rallier la pr\u00e9fecture pour la mi-journ\u00e9e.<\/p>\n<p>\u00ab\u00a0On a rejoint le mouvement des taxis car l\u2019union fait la force, souligne Fr\u00e9d\u00e9ric, agriculteur de la Coordination rurale. On n\u2019a pas tout \u00e0 fait les m\u00eames revendications mais le r\u00e9sultat est le m\u00eame\u00a0: on veut vivre de ce que l\u2019on fait et l\u2019\u00c9tat ne nous entend pas, comme les taxis. Il y a un probl\u00e8me dans notre pays, ce ne sont m\u00eame plus les \u00e9lus qui dirigent mais l\u2019administration\u2026\u00a0\u00bb<\/p>\n<p>Corinne est quant \u00e0 elle salari\u00e9e d\u2019un taxi\u00a0: \u00ab\u00a0Je suis l\u00e0 en solidarit\u00e9 avec eux, car si cette loi passe je risque de perdre mon emploi. Ce sont les malades qui en paieront les cons\u00e9quences.\u00a0\u00bb<\/p>\n<p><strong>10\u00a0h\u00a055.<\/strong> Du c\u00f4t\u00e9 des <strong>Deux-S\u00e8vres<\/strong>, l\u2019op\u00e9ration escargot d\u00e9bouche sur la place de la Br\u00e8che, \u00e0 Niort. Les taxis vont y rester jusqu\u2019\u00e0 11\u00a0h\u00a030 avant de se rendre \u00e0\u00a0la pr\u00e9fecture.<\/p>\n<p><img alt=\"Les taxis deux-s\u00e9vriens sont arriv\u00e9s dans le centre-ville de Niort.\" loading=\"lazy\" width=\"980\" height=\"573\" decoding=\"async\" data-nimg=\"1\" class=\"img-responsive spinner-show\" style=\"color:transparent;background-size:cover;background-position:50% 50%;background-repeat:no-repeat;background-image:url(&quot;data:image\/svg+xml;charset=utf-8,%3Csvg xmlns=\" http:=\"\" viewbox=\"0 0 980 573\" id=\"b\" color-interpolation-filters=\"sRGB\" stddeviation=\"20\" values=\"1 0 0 0 0 0 1 0 0 0 0 0 1 0 0 0 0 0 100 -1\" result=\"s\" x=\"0\" y=\"0\" operator=\"out\" in=\"s\" in2=\"SourceGraphic\" preserveaspectratio=\"none\" href=\"https:\/\/images.lanouvellerepublique.fr\/image\/upload\/t_88w\/f_auto\/682af42b53aa40667a8b458f.jpg\"   src=\"https:\/\/www.europesays.com\/fr\/wp-content\/uploads\/2025\/05\/682af42b53aa40667a8b458f.jpg\"\/><\/p>\n<p style=\"background-color:#F2F2F2;padding:5px;margin-top:0px;margin-bottom:10px\">Les taxis deux-s\u00e9vriens sont arriv\u00e9s dans le centre-ville de Niort.<br \/> \u00a9 Photo NR, H\u00e9l\u00e8ne Echass\u00e9riau<\/p>\n<p><strong>10\u00a0h\u00a050.<\/strong> En <strong>Indre-et-Loire<\/strong>, une partie des chauffeurs mobilis\u00e9s manifestent leur col\u00e8re depuis 7\u00a0h ce matin devant la clinique de l\u2019Alliance, \u00e0 Saint-Cyr-sur-Loire. \u00ab\u00a095\u00a0% de notre activit\u00e9, ce sont les transports m\u00e9dicaux, quand on est taxi \u00e0 la campagne\u00a0\u00bb, disent ces chauffeurs Tourangeaux install\u00e9s \u00e0 Ch\u00e2teau-la-Valli\u00e8re, Savonni\u00e8res, Cerelles ou encore Vernou-sur-Brenne.<\/p>\n<p><strong>10\u00a0h\u00a045.<\/strong> \u00c0 <strong>Blois<\/strong>, une centaine de taxis sont mobilis\u00e9s contre le projet de tarification de l\u2019Assurance maladie. Parmi eux, Kevin Martins, chauffeur de taxi de Contres\u00a0: \u00ab\u00a0Cette r\u00e9glementation va entra\u00eener des grosses pertes de chiffres d\u2019affaires pour moi et la plupart de mes coll\u00e8gues.\u00a0\u00bb<\/p>\n<\/p>\n<p><strong>10\u00a0h\u00a015.<\/strong>\u00a0Dans l\u2019<strong>Indre<\/strong>, le cort\u00e8ge vient d\u2019atteindre son point de chute \u00e0 Ch\u00e2teauroux, apr\u00e8s son passage par Vatan. Les taxis se garent progressivement aux abords de l\u2019h\u00f4pital. Sur place, une discussion est en cours avec le d\u00e9put\u00e9 Horizon Fran\u00e7ois Jolivet, \u00e0 qui les professionnels exposent leurs revendications contre la nouvelle convention du transport sanitaire.<\/p>\n<p>Une prise de parole syndicale est pr\u00e9vue dans les prochaines minutes, suivie d\u2019une distribution de tracts. Les chauffeurs entendent ensuite mener quelques op\u00e9rations filtrantes sur plusieurs ronds-points strat\u00e9giques du centre-ville.<\/p>\n<p><img alt=\"Le pr\u00e9sident de la F\u00e9d\u00e9ration des taxis ind\u00e9pendants de l\u2019Indre, Eric Bourscheidt, expose les revendications de chauffeurs de taxi au d\u00e9put\u00e9 Horizon Fran\u00e7ois Jolivet.\" loading=\"lazy\" width=\"980\" height=\"573\" decoding=\"async\" data-nimg=\"1\" class=\"img-responsive spinner-show\" style=\"color:transparent;background-size:cover;background-position:50% 50%;background-repeat:no-repeat;background-image:url(&quot;data:image\/svg+xml;charset=utf-8,%3Csvg xmlns=\" http:=\"\" viewbox=\"0 0 980 573\" id=\"b\" color-interpolation-filters=\"sRGB\" stddeviation=\"20\" values=\"1 0 0 0 0 0 1 0 0 0 0 0 1 0 0 0 0 0 100 -1\" result=\"s\" x=\"0\" y=\"0\" operator=\"out\" in=\"s\" in2=\"SourceGraphic\" preserveaspectratio=\"none\" href=\"https:\/\/images.lanouvellerepublique.fr\/image\/upload\/t_88w\/f_auto\/682aec1a805a00546a8b4581.jpg\"   src=\"https:\/\/www.europesays.com\/fr\/wp-content\/uploads\/2025\/05\/682aec1a805a00546a8b4581.jpg\"\/><\/p>\n<p style=\"background-color:#F2F2F2;padding:5px;margin-top:0px;margin-bottom:10px\">Le pr\u00e9sident de la F\u00e9d\u00e9ration des taxis ind\u00e9pendants de l\u2019Indre, Eric Bourscheidt, expose les revendications de chauffeurs de taxi au d\u00e9put\u00e9 Horizon Fran\u00e7ois Jolivet.<br \/> \u00a9 Photo NR, Matthieu Renard<\/p>\n<p><strong>10\u00a0h.<\/strong>\u00a0Changement de circuit pour les manifestants \u00e0 <strong>Blois<\/strong>. Taxis et agriculteurs se rendent finalement \u00e0 la MSA avenue de Vend\u00f4me. Ils iront ensuite au centre hospitalier de Blois.<\/p>\n<p><strong>9\u00a0h\u00a050.<\/strong>\u00a0\u00c0 <strong>Niort<\/strong>, ils sont 21 taxis mobilis\u00e9s, rassembl\u00e9s sur le rond-point de la Mude, \u00e0 la sortie de Niort en direction de La\u00a0Rochelle, o\u00f9 un barrage filtrant a \u00e9t\u00e9 mis en place. Ils vont partir en op\u00e9ration escargot vers le centre-ville \u00e0 10\u00a0h.<\/p>\n<p><img alt=\"Une vingtaine de taxis sont mobilis\u00e9s \u00e0 Niort.\" loading=\"lazy\" width=\"980\" height=\"573\" decoding=\"async\" data-nimg=\"1\" class=\"img-responsive spinner-show\" style=\"color:transparent;background-size:cover;background-position:50% 50%;background-repeat:no-repeat;background-image:url(&quot;data:image\/svg+xml;charset=utf-8,%3Csvg xmlns=\" http:=\"\" viewbox=\"0 0 980 573\" id=\"b\" color-interpolation-filters=\"sRGB\" stddeviation=\"20\" values=\"1 0 0 0 0 0 1 0 0 0 0 0 1 0 0 0 0 0 100 -1\" result=\"s\" x=\"0\" y=\"0\" operator=\"out\" in=\"s\" in2=\"SourceGraphic\" preserveaspectratio=\"none\" href=\"https:\/\/images.lanouvellerepublique.fr\/image\/upload\/t_88w\/f_auto\/682ae50d53aa409d3d8b4593.jpg\"   src=\"https:\/\/www.europesays.com\/fr\/wp-content\/uploads\/2025\/05\/682ae50d53aa409d3d8b4593.jpg\"\/><\/p>\n<p style=\"background-color:#F2F2F2;padding:5px;margin-top:0px;margin-bottom:10px\">Une vingtaine de taxis sont mobilis\u00e9s \u00e0 Niort.<br \/> \u00a9 Photo NR, H\u00e9l\u00e8ne Echass\u00e9riau<\/p>\n<p><strong>9\u00a0h\u00a045.<\/strong>\u00a0\u00c0 <strong>Tours<\/strong>, une vingtaine de taxis sont post\u00e9s devant l\u2019h\u00f4pital Bretonneau. \u00ab\u00a099\u00a0% de notre travail repose sur le transport de malades assis, t\u00e9moignent Clotilde et Jean-Jacques, respectivement 31 et 25\u00a0ans de m\u00e9tier. La CPAM (Caisse primaire d\u2019assurance maladie) prend des d\u00e9cisions sans n\u00e9gociations. Ils nous font un 49.3.\u00a0\u00bb Ils ont pr\u00e9vu de rester jusqu\u2019\u00e0 18\u00a0h.<\/p>\n<p><img alt=\"Clotilde et Jean-Jacques font partie de la vingtaine de taxis post\u00e9s devant l\u2019h\u00f4pital Bretonneau.\" loading=\"lazy\" width=\"980\" height=\"573\" decoding=\"async\" data-nimg=\"1\" class=\"img-responsive spinner-show\" style=\"color:transparent;background-size:cover;background-position:50% 50%;background-repeat:no-repeat;background-image:url(&quot;data:image\/svg+xml;charset=utf-8,%3Csvg xmlns=\" http:=\"\" viewbox=\"0 0 980 573\" id=\"b\" color-interpolation-filters=\"sRGB\" stddeviation=\"20\" values=\"1 0 0 0 0 0 1 0 0 0 0 0 1 0 0 0 0 0 100 -1\" result=\"s\" x=\"0\" y=\"0\" operator=\"out\" in=\"s\" in2=\"SourceGraphic\" preserveaspectratio=\"none\" href=\"https:\/\/images.lanouvellerepublique.fr\/image\/upload\/t_88w\/f_auto\/682ae46065c2be946d8b4577.jpg\"   src=\"https:\/\/www.europesays.com\/fr\/wp-content\/uploads\/2025\/05\/682ae46065c2be946d8b4577.jpg\"\/><\/p>\n<p style=\"background-color:#F2F2F2;padding:5px;margin-top:0px;margin-bottom:10px\">Clotilde et Jean-Jacques font partie de la vingtaine de taxis post\u00e9s devant l\u2019h\u00f4pital Bretonneau.<br \/> \u00a9 Photo NR, Pascaline Mesnage<\/p>\n<p><strong>9\u00a0h\u00a040. <\/strong>Les abords de l\u2019h\u00f4pital de <strong>Blois<\/strong>, o\u00f9 doit arriver le cort\u00e8ge, sont bien calmes pour l\u2019instant. Seuls quelques v\u00e9hicules en sortent ou y entrent, comme celui de Beno\u00eet qui avait un rendez-vous \u00e0 8\u00a0h\u00a030. \u00ab\u00a0J\u2019ai pris beaucoup de retard dans les bouchons, j\u2019esp\u00e8re qu\u2019on va me recevoir tout de m\u00eame\u2026\u00a0\u00bb Pour l\u2019instant, le cort\u00e8ge ne se fait pas encore entendre au loin.<\/p>\n<p><strong>9\u00a0h\u00a030.<\/strong>\u00a0Mais au fait qu\u2019est ce qui am\u00e8ne les taxis \u00e0 se mobiliser\u00a0? Ils protestent contre le projet de tarification sur le transport des malades, qui doit entrer en vigueur au 1er\u00a0octobre 2025. Son objectif est de contr\u00f4ler la d\u00e9pense des transports sanitaires, qui s\u2019est \u00e9lev\u00e9e \u00e0 3,07\u00a0milliards d\u2019euros en 2024 pour les taxis conventionn\u00e9s (+\u00a045\u00a0% depuis 2019). Les taxis seront r\u00e9mun\u00e9r\u00e9s sur la base d\u2019un forfait de prise en charge et d\u2019une tarification kilom\u00e9trique align\u00e9e sur le tarif fix\u00e9 dans chaque d\u00e9partement.<\/p>\n<p>Aujourd\u2019hui environ 85\u00a0% des taxis font du transport conventionn\u00e9 de malades, certains pouvant r\u00e9aliser 90\u00a0% de leurs revenus par ce moyen, notamment en milieu rural, selon Dominique Buisson, le secr\u00e9taire f\u00e9d\u00e9ral de la F\u00e9d\u00e9ration nationale du taxi (FNDT). Pour lui, \u00ab\u00a0derri\u00e8re tout \u00e7a, l\u2019objectif est de dissuader des taxis de faire du transport conventionnel, en bridant leurs r\u00e9mun\u00e9rations\u00a0\u00bb.<\/p>\n<p>De fait la FNDT appelle \u00e0 manifester aussi lundi contre \u00ab\u00a0l\u2019impunit\u00e9\u00a0\u00bb accord\u00e9e aux plateformes num\u00e9riques de VTC, \u00ab\u00a0qui encouragent leurs chauffeurs \u00e0 enfreindre les r\u00e9glementations\u00a0\u00bb (prise de clients sur la voie publique,\u00a0etc.) et \u00ab\u00a0optimisent fiscalement leurs activit\u00e9s en France\u00a0\u00bb.<\/p>\n<p><strong>9\u00a0h\u00a015.<\/strong>\u00a0Dans l\u2019agglom\u00e9ration bl\u00e9soise (<strong>Loir-et-Cher<\/strong>), la plupart des grands axes sont en rouge sur Waze, mais les \u00e9galement les plus petits. Pour franchir la Loire, le pont de Gaulle est \u00e0 l\u2019arr\u00eat, le pont Gabriel \u00e9galement. Nombre d\u2019automobilistes choisissent de terminer leur trajet \u00e0 pied. On aper\u00e7oit \u00e9galement beaucoup de cyclistes.<\/p>\n<p>Tandis que le cort\u00e8ge poursuit sa route sur la quatre-voies de Blois, en direction du rond-point des Mardeaux (pr\u00e8s de l\u2019usine Poulain), un premier d\u00e9compte indique une cinquantaine de taxis mobilis\u00e9s depuis 6\u00a0h\u00a030 \u00e0 leur d\u00e9part de la Patte-d\u2019Oie, accompagn\u00e9s d\u2019une vingtaine de tracteurs. Ils doivent rejoindre l\u2019h\u00f4pital pour 9\u00a0h\u00a030.<\/p>\n<p><strong>9\u00a0h\u00a010.<\/strong>\u00a0En <strong>Indre-et-Loire<\/strong>, ce sont au total 140 v\u00e9hicules taxis qui sont dispos\u00e9s depuis 7\u00a0h ce matin aux acc\u00e8s des quatre principaux centres hospitaliers de l\u2019agglom\u00e9ration tourangelle\u00a0: au CHRU Trousseau et au P\u00f4le de sant\u00e9 Vinci \u00e0 Chambray-l\u00e8s-Tours, au CHRU Bretonneau \u00e0 Tours ainsi qu\u2019\u00e0 la clinique NCT +\u00a0Saint Gatien Alliance \u00e0 Saint-Cyr-sur-Loire. Comme partout, les barrages filtrants cr\u00e9ent des ralentissements, notamment pour les visiteurs des centres hospitaliers. Un mouvement de convergence des taxis en centre-ville de Tours est envisag\u00e9 pour le milieu d\u2019apr\u00e8s midi.<\/p>\n<p><img alt=\"\u00c0 Tours, les taxis sont dispos\u00e9s aux abords des quatre principaux centres hospitaliers de l\u2019agglom\u00e9ration tourangelle.\" loading=\"lazy\" width=\"980\" height=\"573\" decoding=\"async\" data-nimg=\"1\" class=\"img-responsive spinner-show\" style=\"color:transparent;background-size:cover;background-position:50% 50%;background-repeat:no-repeat;background-image:url(&quot;data:image\/svg+xml;charset=utf-8,%3Csvg xmlns=\" http:=\"\" viewbox=\"0 0 980 573\" id=\"b\" color-interpolation-filters=\"sRGB\" stddeviation=\"20\" values=\"1 0 0 0 0 0 1 0 0 0 0 0 1 0 0 0 0 0 100 -1\" result=\"s\" x=\"0\" y=\"0\" operator=\"out\" in=\"s\" in2=\"SourceGraphic\" preserveaspectratio=\"none\" href=\"https:\/\/images.lanouvellerepublique.fr\/image\/upload\/t_88w\/f_auto\/682ad972eac2e2be608b45e3.jpg\"   src=\"https:\/\/www.europesays.com\/fr\/wp-content\/uploads\/2025\/05\/682ad972eac2e2be608b45e3.jpg\"\/><\/p>\n<p style=\"background-color:#F2F2F2;padding:5px;margin-top:0px;margin-bottom:10px\">\u00c0 Tours, les taxis sont dispos\u00e9s aux abords des quatre principaux centres hospitaliers de l\u2019agglom\u00e9ration tourangelle.<br \/> \u00a9 Photo NR, Pascal Landr\u00e9<\/p>\n<p><strong>9\u00a0h\u00a005.<\/strong>\u00a0Dans l\u2019<strong>Indre<\/strong>, le cort\u00e8ge, d\u00e9sormais compos\u00e9 d\u2019un peu plus d\u2019une soixantaine de taxis, a poursuivi sa progression en direction de Vatan. Peu auparavant, l\u2019ensemble des v\u00e9hicules est pass\u00e9 \u00e0 proximit\u00e9 de D\u00e9ols, toujours sur l\u2019A20, au niveau de la sortie 12 (Ch\u00e2teauroux-nord).<\/p>\n<p>Une fois arriv\u00e9s \u00e0 Vatan, les taxis rebrousseront chemin pour revenir vers Ch\u00e2teauroux, o\u00f9 d\u2019autres v\u00e9hicules sont d\u00e9j\u00e0 positionn\u00e9s aux abords de l\u2019h\u00f4pital et de la clinique, avec des barrages filtrants aux entr\u00e9es. Une distribution de tracts et une prise de parole des syndicats sont pr\u00e9vues sur place \u00e0 10\u00a0h.<\/p>\n<\/p>\n<p><strong>9\u00a0h.<\/strong> Les automobilistes progressent lentement dans l\u2019agglom\u00e9ration bl\u00e9soise <strong>(Loir-et-Cher)<\/strong>. Habituellement, il faut une demi-heure \u00e0 cette salari\u00e9e rencontr\u00e9e dans les bouchons pour rejoindre son lieu de travail depuis son domicile. Ce lundi matin, elle a d\u00e9j\u00e0 pass\u00e9 1 heure 15 dans sa voiture et n\u2019a pas encore rejoint son bureau.<\/p>\n<p><strong>8\u00a0h\u00a040.<\/strong>\u00a0\u00c0 Chambray-l\u00e8s-Tours <strong>(Indre-et-Loire)<\/strong>, une quarantaine de taxis sont positionn\u00e9s sur le parking de l\u2019h\u00f4pital Trousseau et op\u00e8rent des barrages filtrants devant le CHRU, occasionnant des bouchons sur la D943.<\/p>\n<p><img alt=\"Une quarantaine de taxis op\u00e8rent des barrages filtrants \u00e0 Chambray-l\u00e8s-Tours.\" loading=\"lazy\" width=\"980\" height=\"573\" decoding=\"async\" data-nimg=\"1\" class=\"img-responsive spinner-show\" style=\"color:transparent;background-size:cover;background-position:50% 50%;background-repeat:no-repeat;background-image:url(&quot;data:image\/svg+xml;charset=utf-8,%3Csvg xmlns=\" http:=\"\" viewbox=\"0 0 980 573\" id=\"b\" color-interpolation-filters=\"sRGB\" stddeviation=\"20\" values=\"1 0 0 0 0 0 1 0 0 0 0 0 1 0 0 0 0 0 100 -1\" result=\"s\" x=\"0\" y=\"0\" operator=\"out\" in=\"s\" in2=\"SourceGraphic\" preserveaspectratio=\"none\" href=\"https:\/\/images.lanouvellerepublique.fr\/image\/upload\/t_88w\/f_auto\/682ad4bb805a0038048b4578.jpg\"   src=\"https:\/\/www.europesays.com\/fr\/wp-content\/uploads\/2025\/05\/682ad4bb805a0038048b4578.jpg\"\/><\/p>\n<p style=\"background-color:#F2F2F2;padding:5px;margin-top:0px;margin-bottom:10px\">Une quarantaine de taxis op\u00e8rent des barrages filtrants \u00e0 Chambray-l\u00e8s-Tours.<br \/> \u00a9 Photo NR, Pascal Landr\u00e9<\/p>\n<p><strong>8\u00a0h\u00a030.<\/strong> \u00c0 <strong>Blois<\/strong>, au balcon d\u2019un immeuble des Cornillettes, un couple regarde le cort\u00e8ge passer le pont \u00e0 faible allure\u00a0: \u00ab\u00a0Il y a \u00e9norm\u00e9ment de taxis et des tracteurs par dizaines, on les entend bien avec leurs musiques Baby shark\u2026 Ils ont raison de faire entendre leur col\u00e8re, mais les pauvres Loir-et-ch\u00e9riens qui vont au travail vont \u00eatre bien en retard aujourd\u2019hui\u00a0!\u00a0\u00bb d\u00e9taille Christian.<\/p>\n<p>Fataliste, Jeanine approuve\u00a0: \u00ab\u00a0\u00c7a fait un de ces bazars \u00e0 l\u2019entr\u00e9e de ville\u2026 mais c\u2019est comme \u00e7a\u00a0! Ils se font entendre au moins\u2026\u00a0\u00bb<\/p>\n<p><img alt=\"\u00c0 Blois, le cort\u00e8ge de taxis et de nombreux tracteurs aux couleurs de la Coordination rurale sont en train de passer le pont Charles-de-Gaulle, \u00e0 grand renfort de klaxons.\" loading=\"lazy\" width=\"980\" height=\"573\" decoding=\"async\" data-nimg=\"1\" class=\"img-responsive spinner-show\" style=\"color:transparent;background-size:cover;background-position:50% 50%;background-repeat:no-repeat;background-image:url(&quot;data:image\/svg+xml;charset=utf-8,%3Csvg xmlns=\" http:=\"\" viewbox=\"0 0 980 573\" id=\"b\" color-interpolation-filters=\"sRGB\" stddeviation=\"20\" values=\"1 0 0 0 0 0 1 0 0 0 0 0 1 0 0 0 0 0 100 -1\" result=\"s\" x=\"0\" y=\"0\" operator=\"out\" in=\"s\" in2=\"SourceGraphic\" preserveaspectratio=\"none\" href=\"https:\/\/images.lanouvellerepublique.fr\/image\/upload\/t_88w\/f_auto\/682ad2328944df56638b457d.jpg\"   src=\"https:\/\/www.europesays.com\/fr\/wp-content\/uploads\/2025\/05\/682ad2328944df56638b457d.jpg\"\/><\/p>\n<p style=\"background-color:#F2F2F2;padding:5px;margin-top:0px;margin-bottom:10px\">\u00c0 Blois, le cort\u00e8ge de taxis et de nombreux tracteurs aux couleurs de la Coordination rurale sont en train de passer le pont Charles-de-Gaulle, \u00e0 grand renfort de klaxons.<br \/> \u00a9 Photo NR, S\u00e9bastien Gaudard<\/p>\n<p><strong>8\u00a0h\u00a020.<\/strong>\u00a0Dans l\u2019<strong>Indre<\/strong>, le cort\u00e8ge principal de taxis en col\u00e8re est parti \u00e0 7\u00a0h de la sortie 21 de l\u2019A20, \u00e0 Mouhet. Apr\u00e8s avoir remont\u00e9 l\u2019autoroute en op\u00e9ration escargot, il est arriv\u00e9 vers 8\u00a0h\u00a015 dans la zone de Cap Sud, \u00e0 Saint-Maur (sortie 14, Ch\u00e2teauroux-sud).<\/p>\n<p>Sur place, un petit groupe de taxis castelroussins menait d\u00e9j\u00e0 des op\u00e9rations filtrantes sur les ronds-points de l\u2019avenue d\u2019Occitanie, \u00e0 proximit\u00e9 des acc\u00e8s \u00e0 l\u2019autoroute.<\/p>\n<p>Les deux cort\u00e8ges ont fini par se rejoindre pour poursuivre ensemble l\u2019op\u00e9ration escargot en direction de Vatan, dans le cadre de la mobilisation contre la nouvelle convention du transport sanitaire.<\/p>\n<p><strong>8\u00a0h\u00a015.<\/strong>\u00a0Dans l\u2019agglom\u00e9ration bl\u00e9soise <strong>(Loir-et-Cher)<\/strong>, les automobilistes venant du sud de la Loire sont pris dans des bouchons de plusieurs kilom\u00e8tres. Certains choisissent de faire demi-tour esp\u00e9rant trouver une route plus fluide pour se rendre \u00e0 leur travail.<\/p>\n<p>Prise dans les bouchons entre Vineuil et Blois, Laetitia sait qu\u2019elle sera en retard \u00e0 son travail\u00a0: \u00ab\u00a0Je suis infirmi\u00e8re. Je dois \u00eatre \u00e0 Blois \u00e0 8\u00a0h\u00a045, je n\u2019y serai pas. Je suis partie un peu plus t\u00f4t ce matin \u00e0 7\u00a0h\u00a030 au lieu de 8\u00a0h\u00a015. Je suis au courant du mouvement des taxis et des agriculteurs. Je comprends leurs revendications. Je ne suis pas dans le soin urgent\u00a0\u00bb, conc\u00e8de-t-elle, prenant son mal en patience.<\/p>\n<p><img alt=\"Des bouchons commencent \u00e0 se former dans l\u2019agglom\u00e9ration bl\u00e9soise.\" loading=\"lazy\" width=\"980\" height=\"573\" decoding=\"async\" data-nimg=\"1\" class=\"img-responsive spinner-show\" style=\"color:transparent;background-size:cover;background-position:50% 50%;background-repeat:no-repeat;background-image:url(&quot;data:image\/svg+xml;charset=utf-8,%3Csvg xmlns=\" http:=\"\" viewbox=\"0 0 980 573\" id=\"b\" color-interpolation-filters=\"sRGB\" stddeviation=\"20\" values=\"1 0 0 0 0 0 1 0 0 0 0 0 1 0 0 0 0 0 100 -1\" result=\"s\" x=\"0\" y=\"0\" operator=\"out\" in=\"s\" in2=\"SourceGraphic\" preserveaspectratio=\"none\" href=\"https:\/\/images.lanouvellerepublique.fr\/image\/upload\/t_88w\/f_auto\/682ad4bb65c2be13268b456f.jpg\"   src=\"https:\/\/www.europesays.com\/fr\/wp-content\/uploads\/2025\/05\/682ad4bb65c2be13268b456f.jpg\"\/><\/p>\n<p style=\"background-color:#F2F2F2;padding:5px;margin-top:0px;margin-bottom:10px\">Des bouchons commencent \u00e0 se former dans l\u2019agglom\u00e9ration bl\u00e9soise.<br \/> \u00a9 Photo NR, Claire Neilz<\/p>\n<p><strong>8\u00a0h\u00a005.<\/strong>\u00a0\u00c0 <strong>Blois<\/strong>, le cort\u00e8ge de taxis et de nombreux tracteurs aux couleurs de la Coordination rurale sont en train de passer le pont Charles-de-Gaulle, \u00e0 grand renfort de klaxons musicaux qu\u2019ils font vrombir depuis une bonne demi-heure pour faire entendre leur col\u00e8re. L\u2019op\u00e9ration escargot doit les mener vers l\u2019h\u00f4pital pour 9\u00a0h\u00a030. Elle ne passe pas inaper\u00e7ue \u00e0 cette heure d\u2019embauche.<\/p>\n<\/p>\n<p><strong>8\u00a0h.<\/strong> \u00ab\u00a0Le 19\u00a0mai, les taxis de France se mobilisent \u00e0 l\u2019appel de l\u2019intersyndicale des f\u00e9d\u00e9rations professionnelles contre ce mod\u00e8le de tarification et l\u2019impunit\u00e9 dont b\u00e9n\u00e9ficient les plateformes num\u00e9riques de VTC.\u00a0\u00bb C\u2019est ce qu\u2019a indiqu\u00e9 la F\u00e9d\u00e9ration nationale du taxi (FNDT) dans un communiqu\u00e9.<\/p>\n<p>Des rassemblements sont ainsi pr\u00e9vus dans toute la France, notamment \u00e0 Paris et dans la ville du premier ministre Fran\u00e7ois Bayrou, \u00e0 Pau, mais aussi dans l\u2019Indre, l\u2019<a title=\"Lien vers l&#039;article  : Mobilisation des taxis \u00e0 Tours : de fortes perturbations attendues lundi 19 mai 2025\" target=\"_self\" href=\"https:\/\/www.lanouvellerepublique.fr\/tours\/mobilisation-des-taxis-a-tours-de-fortes-perturbations-attendues-lundi-19-mai-2025-1747593294\" rel=\"noopener\">Indre-et-Loire<\/a>, le <a title=\"Line vers l&#039;article : La grogne monte chez les taxis en Loir-et-Cher\" target=\"_self\" href=\"https:\/\/www.lanouvellerepublique.fr\/blois\/la-grogne-monte-chez-les-taxis-en-loir-et-cher-1747576998\" rel=\"noopener\">Loir-et-Cher<\/a> et les Deux-S\u00e8vres.<\/p>\n","protected":false},"excerpt":{"rendered":"Bienvenue dans ce direct. Il est aliment\u00e9 sur le terrain par nos journalistes de l\u2019Indre, de l\u2019Indre-et-Loire, du&hellip;\n","protected":false},"author":2,"featured_media":111671,"comment_status":"","ping_status":"","sticky":false,"template":"","format":"standard","meta":{"footnotes":""},"categories":[4],"tags":[328,1392,11,2545,1011,27,5052,1387,4368,12,25,71,801,800],"class_list":{"0":"post-111670","1":"post","2":"type-post","3":"status-publish","4":"format-standard","5":"has-post-thumbnail","7":"category-france","8":"tag-a-la-une","9":"tag-a-la-une-local","10":"tag-actualites","11":"tag-deux-sevres","12":"tag-fr","13":"tag-france","14":"tag-indre","15":"tag-indre-et-loire","16":"tag-loir-et-cher","17":"tag-news","18":"tag-republique-francaise","19":"tag-sante","20":"tag-social","21":"tag-transports"},"share_on_mastodon":{"url":"https:\/\/pubeurope.com\/@fr\/114534372241632000","error":""},"_links":{"self":[{"href":"https:\/\/www.europesays.com\/fr\/wp-json\/wp\/v2\/posts\/111670","targetHints":{"allow":["GET"]}}],"collection":[{"href":"https:\/\/www.europesays.com\/fr\/wp-json\/wp\/v2\/posts"}],"about":[{"href":"https:\/\/www.europesays.com\/fr\/wp-json\/wp\/v2\/types\/post"}],"author":[{"embeddable":true,"href":"https:\/\/www.europesays.com\/fr\/wp-json\/wp\/v2\/users\/2"}],"replies":[{"embeddable":true,"href":"https:\/\/www.europesays.com\/fr\/wp-json\/wp\/v2\/comments?post=111670"}],"version-history":[{"count":0,"href":"https:\/\/www.europesays.com\/fr\/wp-json\/wp\/v2\/posts\/111670\/revisions"}],"wp:featuredmedia":[{"embeddable":true,"href":"https:\/\/www.europesays.com\/fr\/wp-json\/wp\/v2\/media\/111671"}],"wp:attachment":[{"href":"https:\/\/www.europesays.com\/fr\/wp-json\/wp\/v2\/media?parent=111670"}],"wp:term":[{"taxonomy":"category","embeddable":true,"href":"https:\/\/www.europesays.com\/fr\/wp-json\/wp\/v2\/categories?post=111670"},{"taxonomy":"post_tag","embeddable":true,"href":"https:\/\/www.europesays.com\/fr\/wp-json\/wp\/v2\/tags?post=111670"}],"curies":[{"name":"wp","href":"https:\/\/api.w.org\/{rel}","templated":true}]}}