{"id":1116731,"date":"2026-08-09T03:39:31","date_gmt":"2026-08-09T03:39:31","guid":{"rendered":"https:\/\/www.europesays.com\/fr\/1116731\/"},"modified":"2026-08-09T03:39:31","modified_gmt":"2026-08-09T03:39:31","slug":"russie-le-business-macabre-des-veuves-noires","status":"publish","type":"post","link":"https:\/\/www.europesays.com\/fr\/1116731\/","title":{"rendered":"Russie : le business macabre des veuves noires"},"content":{"rendered":"<p class=\"jsx-a2e2feb2a010d590 Time\">Publi\u00e9 le 8 ao\u00fbt 2026 \u00e0 19h57<\/p>\n<p class=\"jsx-3150768112 jsx-3884010115 ExpandableText__Text\">Avec la guerre men\u00e9e par Vladimir Poutine en Ukraine, la Russie est en proie \u00e0 une croissance en berne. Dans ce contexte, o\u00f9 les difficult\u00e9s \u00e9conomiques s&rsquo;accumulent pour la population, un business pour le moins macabre s&rsquo;est mis en place. Des femmes se marient \u00e0 des soldats promis \u00e0 une mort rapide sur le front pour toucher leurs indemnit\u00e9s. En cas de d\u00e9c\u00e8s, la veuve peut esp\u00e9rer toucher entre 50 000 et 90 000 euros. Ces \u00ab veuves noires \u00bb commencent \u00e0 faire scandale dans le pays.<\/p>\n<p>Lire plusReplier<\/p>\n","protected":false},"excerpt":{"rendered":"Publi\u00e9 le 8 ao\u00fbt 2026 \u00e0 19h57 Avec la guerre men\u00e9e par Vladimir Poutine en Ukraine, la Russie&hellip;\n","protected":false},"author":2,"featured_media":1116732,"comment_status":"","ping_status":"","sticky":false,"template":"","format":"standard","meta":{"footnotes":"","_share_on_mastodon":"0"},"categories":[1591],"tags":[11,1887,2952,12,1885,1886,132,133,1920],"class_list":["post-1116731","post","type-post","status-publish","format-standard","has-post-thumbnail","category-russie","tag-actualites","tag-federation-de-russie","tag-le-20h","tag-news","tag-russia","tag-russian-federation","tag-russie","tag-video","tag-video-international"],"share_on_mastodon":{"url":"https:\/\/pubeurope.com\/@fr\/117063474460833723","error":""},"_links":{"self":[{"href":"https:\/\/www.europesays.com\/fr\/wp-json\/wp\/v2\/posts\/1116731","targetHints":{"allow":["GET"]}}],"collection":[{"href":"https:\/\/www.europesays.com\/fr\/wp-json\/wp\/v2\/posts"}],"about":[{"href":"https:\/\/www.europesays.com\/fr\/wp-json\/wp\/v2\/types\/post"}],"author":[{"embeddable":true,"href":"https:\/\/www.europesays.com\/fr\/wp-json\/wp\/v2\/users\/2"}],"replies":[{"embeddable":true,"href":"https:\/\/www.europesays.com\/fr\/wp-json\/wp\/v2\/comments?post=1116731"}],"version-history":[{"count":0,"href":"https:\/\/www.europesays.com\/fr\/wp-json\/wp\/v2\/posts\/1116731\/revisions"}],"wp:featuredmedia":[{"embeddable":true,"href":"https:\/\/www.europesays.com\/fr\/wp-json\/wp\/v2\/media\/1116732"}],"wp:attachment":[{"href":"https:\/\/www.europesays.com\/fr\/wp-json\/wp\/v2\/media?parent=1116731"}],"wp:term":[{"taxonomy":"category","embeddable":true,"href":"https:\/\/www.europesays.com\/fr\/wp-json\/wp\/v2\/categories?post=1116731"},{"taxonomy":"post_tag","embeddable":true,"href":"https:\/\/www.europesays.com\/fr\/wp-json\/wp\/v2\/tags?post=1116731"}],"curies":[{"name":"wp","href":"https:\/\/api.w.org\/{rel}","templated":true}]}}