{"id":111674,"date":"2025-05-19T11:57:09","date_gmt":"2025-05-19T11:57:09","guid":{"rendered":"https:\/\/www.europesays.com\/fr\/111674\/"},"modified":"2025-05-19T11:57:09","modified_gmt":"2025-05-19T11:57:09","slug":"loire-luniversite-jean-monnet-accueille-300-etudiants-et-personnels-etrangers","status":"publish","type":"post","link":"https:\/\/www.europesays.com\/fr\/111674\/","title":{"rendered":"Loire. L\u2019universit\u00e9 Jean-Monnet accueille 300 \u00e9tudiants et personnels \u00e9trangers"},"content":{"rendered":"<p>300 \u00e9tudiants et personnels qui viennent de plusieurs universit\u00e9s europ\u00e9ennes (Espagne, Allemagne, Ukraine, Italie, Slov\u00e9nie, Estonie, Portugal, Bulgarie, Pologne et Lituanie) se sont rassembl\u00e9s ce lundi 19 mai, sur le campus Tr\u00e9filerie, pour l\u2019ouverture de la T4EU Week.<\/p>\n<p>La th\u00e9matique choisie par l\u2019UJM est \u00ab le design sous toutes ses formes \u00bb, faisant \u00e9cho <a href=\"https:\/\/www.leprogres.fr\/culture-loisirs\/2025\/05\/11\/cette-annee-la-biennale-design-ca-se-passera-aussi-dans-les-halles-barrouin\" target=\"_blank\" rel=\"nofollow noopener\">au lancement de la biennale du Design ce mercredi 22 mai.<\/a> Pour Jessica Stark, charg\u00e9e de projet T4EU de l\u2019universit\u00e9 Jean-Monnet, c\u2019est l\u2019occasion d\u2019apporter une r\u00e9flexion europ\u00e9enne sur diff\u00e9rentes probl\u00e9matiques.<\/p>\n<p>\u00ab Saint-\u00c9tienne, une ville \u00e0 taille humaine\u00a0\u00bb<\/p>\n<p>\u00ab On va travailler sur l\u2019accessibilit\u00e9 \u00e0 la mobilit\u00e9 internationale pour les \u00e9tudiants, mais aussi sur l\u2019inclusion \u00e0 l\u2019universit\u00e9 et plus pr\u00e9cis\u00e9ment sur la question de l\u2019accueil des personnes handicap\u00e9es \u00bb, explique-t-elle.<\/p>\n<p>Cette semaine donne l\u2019opportunit\u00e9 aux \u00e9tudiants \u00e9trangers de suivre des cours de fran\u00e7ais et de d\u00e9couvrir la ville de Saint-Etienne et ses alentours : \u00ab On organise une sortie d\u00e9couverte dans le Pilat \u00bb, s\u2019enthousiasme la charg\u00e9e de projet de l\u2019UJM.<\/p>\n<p>Pour Michael Mrissa, vice-recteur de l\u2019universit\u00e9 de Primorska \u00e0 Koper en Slov\u00e9nie, la ville de Saint-\u00c9tienne est id\u00e9ale pour l\u2019accueil d\u2019\u00e9tudiants \u00e9trangers : \u00ab On est \u00e0 l\u2019aise \u00e0 Saint-\u00c9tienne, car c\u2019est une ville \u00e0 taille humaine, similaire dans beaucoup de points aux villes slov\u00e8nes \u00bb, commente celui qui accompagne une quinzaine d\u2019\u00e9tudiants slov\u00e8nes.<\/p>\n<p>Chaque semestre, une semaine de ce type est organis\u00e9e dans un des onze pays europ\u00e9ens.<\/p>\n","protected":false},"excerpt":{"rendered":"300 \u00e9tudiants et personnels qui viennent de plusieurs universit\u00e9s europ\u00e9ennes (Espagne, Allemagne, Ukraine, Italie, Slov\u00e9nie, Estonie, Portugal, Bulgarie,&hellip;\n","protected":false},"author":2,"featured_media":111675,"comment_status":"","ping_status":"","sticky":false,"template":"","format":"standard","meta":{"footnotes":""},"categories":[9653],"tags":[1111,11,2430,7539,1057,4854,1777,674,1011,27,3367,12,25,4001,7538],"class_list":{"0":"post-111674","1":"post","2":"type-post","3":"status-publish","4":"format-standard","5":"has-post-thumbnail","7":"category-saint-etienne","8":"tag-actu","9":"tag-actualites","10":"tag-auvergne-rhone-alpes","11":"tag-edition-loire-sud","12":"tag-education","13":"tag-enseignement-superieur","14":"tag-eu","15":"tag-europe","16":"tag-fr","17":"tag-france","18":"tag-loire","19":"tag-news","20":"tag-republique-francaise","21":"tag-saint-etienne","22":"tag-saint-etienne-ville"},"share_on_mastodon":{"url":"https:\/\/pubeurope.com\/@fr\/114534379970011242","error":""},"_links":{"self":[{"href":"https:\/\/www.europesays.com\/fr\/wp-json\/wp\/v2\/posts\/111674","targetHints":{"allow":["GET"]}}],"collection":[{"href":"https:\/\/www.europesays.com\/fr\/wp-json\/wp\/v2\/posts"}],"about":[{"href":"https:\/\/www.europesays.com\/fr\/wp-json\/wp\/v2\/types\/post"}],"author":[{"embeddable":true,"href":"https:\/\/www.europesays.com\/fr\/wp-json\/wp\/v2\/users\/2"}],"replies":[{"embeddable":true,"href":"https:\/\/www.europesays.com\/fr\/wp-json\/wp\/v2\/comments?post=111674"}],"version-history":[{"count":0,"href":"https:\/\/www.europesays.com\/fr\/wp-json\/wp\/v2\/posts\/111674\/revisions"}],"wp:featuredmedia":[{"embeddable":true,"href":"https:\/\/www.europesays.com\/fr\/wp-json\/wp\/v2\/media\/111675"}],"wp:attachment":[{"href":"https:\/\/www.europesays.com\/fr\/wp-json\/wp\/v2\/media?parent=111674"}],"wp:term":[{"taxonomy":"category","embeddable":true,"href":"https:\/\/www.europesays.com\/fr\/wp-json\/wp\/v2\/categories?post=111674"},{"taxonomy":"post_tag","embeddable":true,"href":"https:\/\/www.europesays.com\/fr\/wp-json\/wp\/v2\/tags?post=111674"}],"curies":[{"name":"wp","href":"https:\/\/api.w.org\/{rel}","templated":true}]}}