{"id":111676,"date":"2025-05-19T11:58:09","date_gmt":"2025-05-19T11:58:09","guid":{"rendered":"https:\/\/www.europesays.com\/fr\/111676\/"},"modified":"2025-05-19T11:58:09","modified_gmt":"2025-05-19T11:58:09","slug":"football-quel-visage-pour-leffectif-de-lasse-en-ligue-2","status":"publish","type":"post","link":"https:\/\/www.europesays.com\/fr\/111676\/","title":{"rendered":"Football. Quel visage pour l\u2019effectif de l\u2019ASSE en Ligue 2\u00a0?"},"content":{"rendered":"<p>Dans un mois tout juste, les joueurs st\u00e9phanois vont reprendre le chemin de l\u2019entra\u00eenement. <a href=\"https:\/\/www.leprogres.fr\/p\/eirik-horneland\" target=\"_blank\" rel=\"noopener\">Eirik Horneland<\/a>, confirm\u00e9 \u00e0 son poste par <a href=\"https:\/\/www.leprogres.fr\/p\/ivan-gazidis\" target=\"_blank\" rel=\"noopener\">Ivan Gazidis<\/a> \u00e0 l\u2019issue de la d\u00e9faite face \u00e0 Toulouse, aura la charge, d\u00e8s le 19\u00a0juin, de faire remonter l\u2019ASSE. Mais avec quel effectif\u00a0?<\/p>\n<p>Un grand coup de balai\u00a0\u00a0?<\/p>\n<p>Depuis plusieurs semaines, sentant la catastrophe arriver, la cellule de recrutement travaillait sur les deux options, celle du maintien ou de la rel\u00e9gation. Avec des profils cibl\u00e9s forc\u00e9ment diff\u00e9rents. Et des joueurs qui seront plus difficiles \u00e0 convaincre qu\u2019en Ligue 1, malgr\u00e9 l\u2019ambiance et la ferveur de Geoffroy-Guichard qui demeurent un formidable atout de&#8230;<\/p>\n","protected":false},"excerpt":{"rendered":"Dans un mois tout juste, les joueurs st\u00e9phanois vont reprendre le chemin de l\u2019entra\u00eenement. Eirik Horneland, confirm\u00e9 \u00e0&hellip;\n","protected":false},"author":2,"featured_media":111677,"comment_status":"","ping_status":"","sticky":false,"template":"","format":"standard","meta":{"footnotes":""},"categories":[9653],"tags":[1111,11,4000,2430,7539,1777,674,107,63,1011,27,4002,3367,23100,12,25,4001,7538,517],"class_list":{"0":"post-111676","1":"post","2":"type-post","3":"status-publish","4":"format-standard","5":"has-post-thumbnail","7":"category-saint-etienne","8":"tag-actu","9":"tag-actualites","10":"tag-asse-as-saint-etienne-football","11":"tag-auvergne-rhone-alpes","12":"tag-edition-loire-sud","13":"tag-eu","14":"tag-europe","15":"tag-fil-info","16":"tag-football","17":"tag-fr","18":"tag-france","19":"tag-haute-loire","20":"tag-loire","21":"tag-mercato-football","22":"tag-news","23":"tag-republique-francaise","24":"tag-saint-etienne","25":"tag-saint-etienne-ville","26":"tag-sport"},"share_on_mastodon":{"url":"https:\/\/pubeurope.com\/@fr\/114534383809555291","error":""},"_links":{"self":[{"href":"https:\/\/www.europesays.com\/fr\/wp-json\/wp\/v2\/posts\/111676","targetHints":{"allow":["GET"]}}],"collection":[{"href":"https:\/\/www.europesays.com\/fr\/wp-json\/wp\/v2\/posts"}],"about":[{"href":"https:\/\/www.europesays.com\/fr\/wp-json\/wp\/v2\/types\/post"}],"author":[{"embeddable":true,"href":"https:\/\/www.europesays.com\/fr\/wp-json\/wp\/v2\/users\/2"}],"replies":[{"embeddable":true,"href":"https:\/\/www.europesays.com\/fr\/wp-json\/wp\/v2\/comments?post=111676"}],"version-history":[{"count":0,"href":"https:\/\/www.europesays.com\/fr\/wp-json\/wp\/v2\/posts\/111676\/revisions"}],"wp:featuredmedia":[{"embeddable":true,"href":"https:\/\/www.europesays.com\/fr\/wp-json\/wp\/v2\/media\/111677"}],"wp:attachment":[{"href":"https:\/\/www.europesays.com\/fr\/wp-json\/wp\/v2\/media?parent=111676"}],"wp:term":[{"taxonomy":"category","embeddable":true,"href":"https:\/\/www.europesays.com\/fr\/wp-json\/wp\/v2\/categories?post=111676"},{"taxonomy":"post_tag","embeddable":true,"href":"https:\/\/www.europesays.com\/fr\/wp-json\/wp\/v2\/tags?post=111676"}],"curies":[{"name":"wp","href":"https:\/\/api.w.org\/{rel}","templated":true}]}}