{"id":1116772,"date":"2026-08-09T04:12:16","date_gmt":"2026-08-09T04:12:16","guid":{"rendered":"https:\/\/www.europesays.com\/fr\/1116772\/"},"modified":"2026-08-09T04:12:16","modified_gmt":"2026-08-09T04:12:16","slug":"prix-des-carburants-le-gouvernement-officialise-la-prolongation-de-laide-grands-rouleurs-de-100-euros-voici-la-nouvelle-echeance","status":"publish","type":"post","link":"https:\/\/www.europesays.com\/fr\/1116772\/","title":{"rendered":"Prix des carburants\u00a0: le gouvernement officialise la prolongation de l\u2019aide \u00ab\u00a0grands rouleurs\u00a0\u00bb de 100\u00a0euros, voici la nouvelle \u00e9ch\u00e9ance"},"content":{"rendered":"<p>\n                                                                Les travailleurs modestes \u00ab\u00a0grands rouleurs\u00a0\u00bb b\u00e9n\u00e9ficient d\u2019un d\u00e9lai suppl\u00e9mentaire pour solliciter l\u2019indemnit\u00e9 de 100\u00a0euros, selon un arr\u00eat\u00e9 publi\u00e9 samedi 8\u00a0ao\u00fbt au Journal officiel.\n                            <\/p>\n<p data-path-to-node=\"1\">Alors que <a href=\"https:\/\/www.midilibre.fr\/2026\/08\/07\/prix-des-carburants-bonne-nouvelle-pour-les-automobilistes-lessence-sp95-e10-repasse-sous-la-barre-des-2-euros-13500888.php\" target=\"_blank\" rel=\"nofollow noopener\">le prix \u00e0 la pompe<\/a> continue de faire <a href=\"https:\/\/www.midilibre.fr\/2026\/07\/27\/jusqua-2586-eurl-le-plein-de-sp98-les-prix-des-stations-dans-lherault-et-le-gard-13486100.php\" target=\"_blank\" rel=\"nofollow noopener\">un trou dans le budget des Fran\u00e7ais<\/a>, le gouvernement <a href=\"https:\/\/www.midilibre.fr\/2026\/05\/27\/les-demandes-de-lindemnite-carburant-sont-ouvertes-quelles-sont-les-demarches-a-faire-pour-toucher-cette-nouvelle-aide-grands-rouleurs-13389176.php\" target=\"_blank\" rel=\"nofollow noopener\">a officialis\u00e9 la prolongation<\/a> du d\u00e9lai de d\u00e9p\u00f4t des dossiers pour <a href=\"https:\/\/www.midilibre.fr\/2026\/05\/27\/les-demandes-de-lindemnite-carburant-sont-ouvertes-quelles-sont-les-demarches-a-faire-pour-toucher-cette-nouvelle-aide-grands-rouleurs-13389176.php\" target=\"_blank\" rel=\"nofollow noopener\">l\u2019indemnit\u00e9 \u00ab\u00a0grands rouleurs\u00a0\u00bb<\/a>.<\/p>\n<p data-path-to-node=\"1\">Les travailleurs modestes effectuant de longs trajets quotidiens ont d\u00e9sormais jusqu\u2019au 31\u00a0ao\u00fbt 2026 pour r\u00e9aliser les d\u00e9marches n\u00e9cessaires, selon un arr\u00eat\u00e9 publi\u00e9 samedi 8\u00a0ao\u00fbt 2026 au Journal officiel.<\/p>\n<p>Une aide revaloris\u00e9e<\/p>\n<p data-path-to-node=\"2\">Annonc\u00e9e le 22\u00a0avril par le Premier ministre S\u00e9bastien Lecornu pour faire face \u00e0 la hausse des prix \u00e0 la pompe li\u00e9e au conflit au Moyen-Orient, l\u2019aide avait \u00e9t\u00e9 r\u00e9\u00e9valu\u00e9e de 50 \u00e0 100\u00a0euros le 21\u00a0mai.\u00a0Ce coup de pouce financier \u00e9quivaut en moyenne \u00e0 une remise de 20 centimes d\u2019euro par litre de carburant.<\/p>\n<p>Selon le d\u00e9cret du minist\u00e8re de l\u2019Action et des comptes publics publi\u00e9 samedi, les travailleurs concern\u00e9s peuvent faire la demande via l\u2019ouverture d\u2019un\u00a0<a href=\"https:\/\/www.impots.gouv.fr\/simulateur-aide-carburant-grands-rouleurs\" rel=\"nofollow noopener\" target=\"_blank\">formulaire en ligne sur le site des imp\u00f4ts (impots.gouv.fr)<\/a>.<\/p>\n<p>Quelles conditions pour en b\u00e9n\u00e9ficier\u00a0?<\/p>\n<p>Pour rappel, ce dispositif s\u2019adresse aux\u00a0travailleurs modestes, contraints de r\u00e9aliser de longues distances \u00e0 moto ou en voiture pour aller travailler. Il<a href=\"https:\/\/www.midilibre.fr\/2026\/05\/02\/une-indemnite-carburant-pour-les-travailleurs-modestes-grands-rouleurs-ce-quil-faut-savoir-sur-cette-aide-de-50-euros-proposee-fin-mai-13352560.php\" target=\"_self\" rel=\"nofollow noopener\">\u00a0faut ainsi effectuer plus de 15 kilom\u00e8tres entre son domicile et son lieu de travail, soit plus de 30 kilom\u00e8tres aller-retour,<\/a> ou parcourir plus de 8\u00a0000 kilom\u00e8tres par an dans un cadre professionnel.<\/p>\n<p>Celles et ceux souhaitant b\u00e9n\u00e9ficier de cette aide doivent en outre\u00a0avoir per\u00e7u des revenus d\u2019activit\u00e9 en 2024, qu\u2019ils soient\u00a0salari\u00e9s, ind\u00e9pendants, artisans, commer\u00e7ants ou agriculteurs. Les allocations ch\u00f4mage et pr\u00e9retraites ne sont pas prises en compte, d\u00e9taille le site du minist\u00e8re de l\u2019\u00c9conomie.<\/p>\n","protected":false},"excerpt":{"rendered":"Les travailleurs modestes \u00ab\u00a0grands rouleurs\u00a0\u00bb b\u00e9n\u00e9ficient d\u2019un d\u00e9lai suppl\u00e9mentaire pour solliciter l\u2019indemnit\u00e9 de 100\u00a0euros, selon un arr\u00eat\u00e9 publi\u00e9&hellip;\n","protected":false},"author":2,"featured_media":1116773,"comment_status":"","ping_status":"","sticky":false,"template":"","format":"standard","meta":{"footnotes":"","_share_on_mastodon":"0"},"categories":[6],"tags":[35,254,33,34,1011,27,104,6337],"class_list":["post-1116772","post","type-post","status-publish","format-standard","has-post-thumbnail","category-economie","tag-business","tag-conso","tag-economie","tag-economy","tag-fr","tag-france","tag-societe","tag-votre-argent"],"share_on_mastodon":{"url":"https:\/\/pubeurope.com\/@fr\/117063604465877523","error":""},"_links":{"self":[{"href":"https:\/\/www.europesays.com\/fr\/wp-json\/wp\/v2\/posts\/1116772","targetHints":{"allow":["GET"]}}],"collection":[{"href":"https:\/\/www.europesays.com\/fr\/wp-json\/wp\/v2\/posts"}],"about":[{"href":"https:\/\/www.europesays.com\/fr\/wp-json\/wp\/v2\/types\/post"}],"author":[{"embeddable":true,"href":"https:\/\/www.europesays.com\/fr\/wp-json\/wp\/v2\/users\/2"}],"replies":[{"embeddable":true,"href":"https:\/\/www.europesays.com\/fr\/wp-json\/wp\/v2\/comments?post=1116772"}],"version-history":[{"count":0,"href":"https:\/\/www.europesays.com\/fr\/wp-json\/wp\/v2\/posts\/1116772\/revisions"}],"wp:featuredmedia":[{"embeddable":true,"href":"https:\/\/www.europesays.com\/fr\/wp-json\/wp\/v2\/media\/1116773"}],"wp:attachment":[{"href":"https:\/\/www.europesays.com\/fr\/wp-json\/wp\/v2\/media?parent=1116772"}],"wp:term":[{"taxonomy":"category","embeddable":true,"href":"https:\/\/www.europesays.com\/fr\/wp-json\/wp\/v2\/categories?post=1116772"},{"taxonomy":"post_tag","embeddable":true,"href":"https:\/\/www.europesays.com\/fr\/wp-json\/wp\/v2\/tags?post=1116772"}],"curies":[{"name":"wp","href":"https:\/\/api.w.org\/{rel}","templated":true}]}}