{"id":111678,"date":"2025-05-19T11:59:09","date_gmt":"2025-05-19T11:59:09","guid":{"rendered":"https:\/\/www.europesays.com\/fr\/111678\/"},"modified":"2025-05-19T11:59:09","modified_gmt":"2025-05-19T11:59:09","slug":"les-archives-un-tresor-pour-les-artistes","status":"publish","type":"post","link":"https:\/\/www.europesays.com\/fr\/111678\/","title":{"rendered":"les archives, un tr\u00e9sor pour les artistes"},"content":{"rendered":"<p>Il para\u00eet que \u00e7a s\u2019entretient, la m\u00e9moire. Mais \u00e7a se transcende, \u00e9galement\u00a0! Et \u00e7a se d\u00e9tourne tout aussi bien. C\u2019est le d\u00e9fi propos\u00e9 par l\u2019association Bilobazar aux artistes \u00e9mergents de la r\u00e9gion, sous le titre Fabula Rasa.<\/p>\n<p>\u00c9nonc\u00e9 de l\u2019exercice\u00a0: choisir un document issu d\u2019archives publiques (photo, pub, affiche, vid\u00e9o, carte postale,\u00a0etc.) et en tirer une \u0153uvre&#8230;<\/p>\n","protected":false},"excerpt":{"rendered":"Il para\u00eet que \u00e7a s\u2019entretient, la m\u00e9moire. Mais \u00e7a se transcende, \u00e9galement\u00a0! Et \u00e7a se d\u00e9tourne tout aussi&hellip;\n","protected":false},"author":2,"featured_media":111679,"comment_status":"","ping_status":"","sticky":false,"template":"","format":"standard","meta":{"footnotes":""},"categories":[9635],"tags":[1111,11,1687,1704,1777,674,2271,1011,27,775,1757,1702,1703,12,25],"class_list":{"0":"post-111678","1":"post","2":"type-post","3":"status-publish","4":"format-standard","5":"has-post-thumbnail","7":"category-nancy","8":"tag-actu","9":"tag-actualites","10":"tag-culture-loisirs","11":"tag-edition-nancy-et-agglomeration","12":"tag-eu","13":"tag-europe","14":"tag-exposition-arts-plastiques","15":"tag-fr","16":"tag-france","17":"tag-grand-est","18":"tag-insolite","19":"tag-nancy","20":"tag-nancy-ville-54b","21":"tag-news","22":"tag-republique-francaise"},"share_on_mastodon":{"url":"https:\/\/pubeurope.com\/@fr\/114534388450503858","error":""},"_links":{"self":[{"href":"https:\/\/www.europesays.com\/fr\/wp-json\/wp\/v2\/posts\/111678","targetHints":{"allow":["GET"]}}],"collection":[{"href":"https:\/\/www.europesays.com\/fr\/wp-json\/wp\/v2\/posts"}],"about":[{"href":"https:\/\/www.europesays.com\/fr\/wp-json\/wp\/v2\/types\/post"}],"author":[{"embeddable":true,"href":"https:\/\/www.europesays.com\/fr\/wp-json\/wp\/v2\/users\/2"}],"replies":[{"embeddable":true,"href":"https:\/\/www.europesays.com\/fr\/wp-json\/wp\/v2\/comments?post=111678"}],"version-history":[{"count":0,"href":"https:\/\/www.europesays.com\/fr\/wp-json\/wp\/v2\/posts\/111678\/revisions"}],"wp:featuredmedia":[{"embeddable":true,"href":"https:\/\/www.europesays.com\/fr\/wp-json\/wp\/v2\/media\/111679"}],"wp:attachment":[{"href":"https:\/\/www.europesays.com\/fr\/wp-json\/wp\/v2\/media?parent=111678"}],"wp:term":[{"taxonomy":"category","embeddable":true,"href":"https:\/\/www.europesays.com\/fr\/wp-json\/wp\/v2\/categories?post=111678"},{"taxonomy":"post_tag","embeddable":true,"href":"https:\/\/www.europesays.com\/fr\/wp-json\/wp\/v2\/tags?post=111678"}],"curies":[{"name":"wp","href":"https:\/\/api.w.org\/{rel}","templated":true}]}}