{"id":11168,"date":"2025-04-08T21:28:12","date_gmt":"2025-04-08T21:28:12","guid":{"rendered":"https:\/\/www.europesays.com\/fr\/11168\/"},"modified":"2025-04-08T21:28:12","modified_gmt":"2025-04-08T21:28:12","slug":"le-cofondateur-de-ledger-kidnappe-porte-plainte-pour-violation-du-secret-de-linstruction","status":"publish","type":"post","link":"https:\/\/www.europesays.com\/fr\/11168\/","title":{"rendered":"le cofondateur de Ledger kidnapp\u00e9 porte plainte pour violation du secret de l&rsquo;instruction"},"content":{"rendered":"<p>Le cofondateur de Ledger, soci\u00e9t\u00e9 sp\u00e9cialis\u00e9e dans les cryptoactifs, qui avait \u00e9t\u00e9 <a href=\"https:\/\/www.laprovence.com\/article\/faits-divers-justice\/3323198026214715\/cryptomonnaies-rancon-doigt-coupe-gign-ce-que-lon-sait-de-lenlevement-du-cofondateur-de-ledger\" target=\"_blank\" rel=\"nofollow noopener\">enlev\u00e9 et s\u00e9questr\u00e9 contre ran\u00e7on en janvier<\/a>, a annonc\u00e9 ce lundi 7 avril \u00e0 l&rsquo;AFP avoir port\u00e9 plainte pour violation du secret de l&rsquo;instruction, d\u00e9non\u00e7ant la \u00ab\u00a0violence\u00a0\u00bb des articles de presse. \u00ab\u00a0Ce que nous avons v\u00e9cu est d&rsquo;une violence inimaginable, et cette violence se prolonge dans chaque article qui viole tant le secret de l&rsquo;enqu\u00eate que notre vie priv\u00e9e\u00a0\u00bb, a relat\u00e9 dans une d\u00e9claration transmise \u00e0 l&rsquo;AFP David Balland, \u00e2g\u00e9 de 36 ans.<\/p>\n<p>La plainte a \u00e9t\u00e9 d\u00e9pos\u00e9e le 4 avril pour violation du secret de l&rsquo;instruction et recel, selon le r\u00e9c\u00e9piss\u00e9 de d\u00e9p\u00f4t consult\u00e9 par l&rsquo;AFP. \u00ab\u00a0Je comprends l&rsquo;int\u00e9r\u00eat de l&rsquo;information, de d\u00e9crire un mode op\u00e9ratoire pour en pr\u00e9venir la r\u00e9p\u00e9tition, de rendre public des m\u00e9thodes. Je ne comprends pas qu&rsquo;on se d\u00e9lecte de nos souffrances, qu&rsquo;on publie une radio de ma main, qu&rsquo;on \u00e9tale notre vie priv\u00e9e\u00a0\u00bb, poursuit-il, pr\u00e9cisant ne pas s&rsquo;\u00eatre \u00ab\u00a0exprim\u00e9 une seule fois depuis cette journ\u00e9e du 21 janvier\u00a0\u00bb ni avoir \u00ab\u00a0cherch\u00e9 la m\u00e9diatisation folle qui s&rsquo;est empar\u00e9e de moi comme de ma famille\u00a0\u00bb.\u00a0Sa compagne et lui avaient \u00e9t\u00e9 kidnapp\u00e9s le matin du 21 janvier \u00e0 leur domicile \u00e0 M\u00e9reau (Cher).<\/p>\n<p>Une vid\u00e9o d&rsquo;un doigt coup\u00e9 de David Balland<\/p>\n<p>L&rsquo;alerte avait \u00e9t\u00e9 donn\u00e9e par Eric Larchev\u00eaque, cofondateur de Ledger, qui avait re\u00e7u une vid\u00e9o d&rsquo;un doigt coup\u00e9 de David Balland, accompagn\u00e9e d&rsquo;une importante demande de ran\u00e7on en cryptomonnaie. L&rsquo;image provenant d&rsquo;une radiographie de sa main mutil\u00e9e avait \u00e9t\u00e9 diffus\u00e9e par des m\u00e9dias. S\u00e9questr\u00e9 \u00e0 Ch\u00e2teauroux, David Balland a \u00e9t\u00e9 lib\u00e9r\u00e9 le 22 janvier. Sa compagne a \u00e9t\u00e9 retrouv\u00e9e ligot\u00e9e dans le coffre d&rsquo;un v\u00e9hicule dans l&rsquo;Essonne le lendemain.<\/p>\n<p>Au moins six hommes et une femme, \u00e2g\u00e9s de 20 \u00e0 40 ans, sont mis en examen dans le cadre de l&rsquo;information judiciaire ouverte \u00e0 Paris pour notamment enl\u00e8vement et s\u00e9questration avec torture ou acte de barbarie et pour obtenir l&rsquo;ex\u00e9cution d&rsquo;un ordre, en bande organis\u00e9e.\u00a0\u00ab\u00a0La lecture d&rsquo;\u00e9l\u00e9ments diffus\u00e9s dans la presse d\u00e9montre qu&rsquo;ont \u00e9t\u00e9 rendus publics des pans entiers de la proc\u00e9dure. Le fait que ce type de violation soit monnaie courante ne le rend pas moins inacceptable\u00a0\u00bb, a d\u00e9nonc\u00e9 Me Karim Beylouni, avocat de David Balland.<\/p>\n<p>\u00ab\u00a0Ces violations sont graves, elles mettent en danger les investigations et sont une violence suppl\u00e9mentaire pour notre client\u00a0\u00bb, a-t-il poursuivi.\u00a0Ledger est une licorne (start-up dont la valorisation a d\u00e9pass\u00e9 le milliard de dollars) fran\u00e7aise, fond\u00e9e en 2014, leader mondial dans la conception de portefeuilles physiques de cryptomonnaies, permettant \u00e0 chacun de g\u00e9rer en direct ses cryptoactifs.<\/p>\n","protected":false},"excerpt":{"rendered":"Le cofondateur de Ledger, soci\u00e9t\u00e9 sp\u00e9cialis\u00e9e dans les cryptoactifs, qui avait \u00e9t\u00e9 enlev\u00e9 et s\u00e9questr\u00e9 contre ran\u00e7on en&hellip;\n","protected":false},"author":2,"featured_media":11169,"comment_status":"","ping_status":"","sticky":false,"template":"","format":"standard","meta":{"footnotes":""},"categories":[4],"tags":[17,11,5393,5392,274,1011,27,5395,5394,12,2634,5396,471,25],"class_list":{"0":"post-11168","1":"post","2":"type-post","3":"status-publish","4":"format-standard","5":"has-post-thumbnail","7":"category-france","8":"tag-17","9":"tag-actualites","10":"tag-cofondateur","11":"tag-cryptomonnaies","12":"tag-faits-divers-justice","13":"tag-fr","14":"tag-france","15":"tag-kidnappe","16":"tag-ledger","17":"tag-news","18":"tag-plainte","19":"tag-porte","20":"tag-pour","21":"tag-republique-francaise"},"share_on_mastodon":{"url":"https:\/\/pubeurope.com\/@fr\/114304470431953417","error":""},"_links":{"self":[{"href":"https:\/\/www.europesays.com\/fr\/wp-json\/wp\/v2\/posts\/11168","targetHints":{"allow":["GET"]}}],"collection":[{"href":"https:\/\/www.europesays.com\/fr\/wp-json\/wp\/v2\/posts"}],"about":[{"href":"https:\/\/www.europesays.com\/fr\/wp-json\/wp\/v2\/types\/post"}],"author":[{"embeddable":true,"href":"https:\/\/www.europesays.com\/fr\/wp-json\/wp\/v2\/users\/2"}],"replies":[{"embeddable":true,"href":"https:\/\/www.europesays.com\/fr\/wp-json\/wp\/v2\/comments?post=11168"}],"version-history":[{"count":0,"href":"https:\/\/www.europesays.com\/fr\/wp-json\/wp\/v2\/posts\/11168\/revisions"}],"wp:featuredmedia":[{"embeddable":true,"href":"https:\/\/www.europesays.com\/fr\/wp-json\/wp\/v2\/media\/11169"}],"wp:attachment":[{"href":"https:\/\/www.europesays.com\/fr\/wp-json\/wp\/v2\/media?parent=11168"}],"wp:term":[{"taxonomy":"category","embeddable":true,"href":"https:\/\/www.europesays.com\/fr\/wp-json\/wp\/v2\/categories?post=11168"},{"taxonomy":"post_tag","embeddable":true,"href":"https:\/\/www.europesays.com\/fr\/wp-json\/wp\/v2\/tags?post=11168"}],"curies":[{"name":"wp","href":"https:\/\/api.w.org\/{rel}","templated":true}]}}