{"id":1116808,"date":"2026-08-09T04:52:12","date_gmt":"2026-08-09T04:52:12","guid":{"rendered":"https:\/\/www.europesays.com\/fr\/1116808\/"},"modified":"2026-08-09T04:52:12","modified_gmt":"2026-08-09T04:52:12","slug":"bon-plan-a-lille-et-dans-les-hauts-de-france-des-hotels-de-luxe-proposent-des-prix-bas-en-aout","status":"publish","type":"post","link":"https:\/\/www.europesays.com\/fr\/1116808\/","title":{"rendered":"Bon plan \u00e0 Lille et dans les Hauts-de-France : des h\u00f4tels de luxe proposent des prix bas en ao\u00fbt"},"content":{"rendered":"<p>                    Par<br \/>\n        <strong><br \/>\n            <a href=\"https:\/\/actu.fr\/auteur\/raphael-mahlmann\" title=\"Consulter tous les articles de Rapha\u00ebl Mahlmann\" rel=\"nofollow noopener\" target=\"_blank\">Rapha\u00ebl Mahlmann<\/a><br \/>\n                    <\/strong><\/p>\n<p>        Publi\u00e9 le<\/p>\n<p>            9 ao\u00fbt 2026 \u00e0 6h30        <\/p>\n<p>S\u00e9journer dans un<b> h\u00f4tel luxueux<\/b> <b>\u00e0 moindre co\u00fbt<\/b>, c\u2019est le but de l\u2019op\u00e9ration \u00ab\u2009L\u2019\u00e9t\u00e9 dans les \u00e9toiles\u2009\u00bb. De nombreux<a href=\"https:\/\/actu.fr\/societe\/a-1-heure-de-lille-cet-hotel-de-luxe-ouvre-ses-portes-dans-le-plus-grand-vignoble-de-belgique_64334554.html\" rel=\"nofollow noopener\" target=\"_blank\"> h\u00f4tels <\/a>\u00e9toil\u00e9s de<a href=\"https:\/\/actu.fr\/hauts-de-france\/lille_59350\" rel=\"nofollow noopener\" target=\"_blank\"> Lille<\/a> (Nord) et de sa m\u00e9tropole, m\u00eame aussi en dehors, proposent aux habitants de la r\u00e9gion Hauts-de-France de s\u00e9journer dans leurs \u00e9tablissements \u00e0 tarif pr\u00e9f\u00e9rentiel. Les r\u00e9servations sont ouvertes<b> jusqu\u2019au 31 ao\u00fbt 2026<\/b>. On vous en dit plus.<\/p>\n<p>Des h\u00f4tels 4 et 5 \u00e9toiles \u00e0 bas prix dans la r\u00e9gion<\/p>\n<p class=\" wall-content\">Organis\u00e9e par l\u2019Office de Tourisme M\u00e9tropolitain et le Club h\u00f4telier Lille m\u00e9tropole, cette op\u00e9ration propose des tarifs exceptionnels dans les h\u00f4tels de la r\u00e9gion. Pour en profiter, il faut imp\u00e9rativement habiter dans les Hauts-de-France.<\/p>\n<p class=\" wall-content\">Une nuit\u00e9e dans un 5 \u00e9toiles sera propos\u00e9e \u00e0 <b>130\u20ac<\/b>, dans un 4 \u00e9toiles \u00e0<b> 82\u20ac<\/b>, un 3 \u00e9toiles \u00e0 <b>67\u20ac<\/b> et un 2 \u00e9toiles \u00e0 <b>57\u20ac<\/b>. Ces tarifs sont propos\u00e9s cette ann\u00e9e pour une cinquantaine d\u2019h\u00f4tels pour des chambres double, petit-d\u00e9jeuner inclus. En cas de r\u00e9servation dans un h\u00f4tel situ\u00e9 en dehors de Lille, un bon cadeau de 20\u00a0\u20ac est \u00e9galement offert dans l\u2019\u00e9tablissement pendant le s\u00e9jour, \u00e0 utiliser au bar, en restauration\u2026<\/p>\n<p class=\" wall-content\">\u00ab\u2009Cette op\u00e9ration offre la possibilit\u00e9 aux habitants de la r\u00e9gion de d\u00e9couvrir et profiter des services des plus beaux h\u00f4tels de la m\u00e9tropole et de s\u2019offrir \u00e0 des prix imbattables une nuit\u00e9e dans un h\u00f4tel de luxe, l\u2019occasion de se sentir en vacances dans sa r\u00e9gion et d\u2019enfin pousser les portes d\u2019h\u00f4tels \u00e0 proximit\u00e9 de chez soi pour vivre une exp\u00e9rience privil\u00e9gi\u00e9e et une nuit de r\u00eave\u2009\u00bb, explique Hello Lille dans un communiqu\u00e9.<\/p>\n<p class=\" wall-content\">Voici les h\u00f4tels de Lille et de la m\u00e9tropole participant\u2009:<\/p>\n<ul class=\" wall-content\">\n<li>\n<b>L\u2019Hermitage Gantois<\/b>, \u00e0 Lille (5 \u00e9toiles), son b\u00e2timent class\u00e9 Monument historique, son spa comprenant piscine chauff\u00e9e, hammam et soins dans un lieu empreint d\u2019\u00e9l\u00e9gance et de charme<\/li>\n<li>\n<b>Oceania Lille les Augustins<\/b> (4 \u00e9toiles), ouvert depuis un an dans l\u2019iconique banque lilloise art d\u00e9co Scalbert-Dupont transform\u00e9e en h\u00f4tel de luxe avec la seule piscine au monde dans une salle des coffres<\/li>\n<li>\n<b>Couvent des Minimes<\/b>, \u00e0 Lille (4 \u00e9toiles), dans un ancien couvent du XVIIe, avec un vaste clo\u00eetre et une verri\u00e8re pyramidale<\/li>\n<li>\n<b>H\u00f4tel Barri\u00e8re Lille<\/b> (5 \u00e9toiles), avec sa d\u00e9coration contemporaine, ses \u0153uvres d\u2019art et la vue panoramique de ses chambres sur la ville et le parc Matisse, son spa et son casino<\/li>\n<li>\n<b>Bienheureux h\u00f4tel et restaurant \u00e0 Wasquehal<\/b>, dans un manoir typique du Nord, nich\u00e9 dans un \u00e9crin de verdure. L\u2019h\u00f4tel comprend \u00e9galement un bar dans un cadre cosy, une cave \u00e0 vin et une guinguette install\u00e9e dans le jardin l\u2019\u00e9t\u00e9.<\/li>\n<li>\n<b>Quai Central \u00e0 Tourcoing<\/b> (3 \u00e9toiles) et son bar restaurant en rooftop<\/li>\n<li>\n<b>Mercure Lille Roubaix Grand H\u00f4tel <\/b>(4 \u00e9toiles), dans un b\u00e2timent art d\u00e9co avec une superbe verri\u00e8re de toit et son bar<\/li>\n<li>\n<b>Mercure Marcq En Baroeul <\/b>(4 \u00e9toiles) avec son restaurant lounge et sa terrasse avec guinguette<\/li>\n<li>\n<b>Babel Lille <\/b>(4 \u00e9toiles), nouvel h\u00f4tel lillois qui ouvre ses portes mi-juin avec une d\u00e9coration soign\u00e9e et un engagement fort li\u00e9 au d\u00e9veloppement durable<\/li>\n<\/ul>\n<p class=\" wall-content\">Et bien d\u2019autres \u00e9tablissements \u00e0 d\u00e9couvrir sur le site internet<a href=\"https:\/\/www.etedanslesetoiles.com\/\" rel=\"nofollow noopener\" target=\"_blank\"> www.etedanslesetoiles.com<\/a><\/p>\n<p class=\" wall-content\">Pour toute r\u00e9servation, les participants recevront \u00e9galement des places offertes pour d\u00e9couvrir Lille \u00e0 bord du City tour en bus.<\/p>\n<p>Conditions de r\u00e9servation sp\u00e9cifiques\u2009: pr\u00e9sentation d\u2019un justificatif de domicile de moins de 3\u00a0mois \u00e0 l\u2019h\u00f4tel, cette op\u00e9ration \u00e9tant r\u00e9serv\u00e9e aux habitants de la r\u00e9gion Hauts-de-France.Les s\u00e9jours sont limit\u00e9s \u00e0 3 nuit\u00e9es et 2 chambres par r\u00e9servation, et \u00e0 2\u00a0personnes dans la chambre. Sauf chambres familiales\u2009: des chambres familiales sont disponibles dans certains h\u00f4tels moyennant un suppl\u00e9ment, pour 2\u00a0adultes +\u00a01 ou 2 enfant (s).Les r\u00e9servations sont annulables jusqu\u2019au jour de l\u2019arriv\u00e9e avant midi, en contactant nos services du lundi au samedi de 10h \u00e0 17h au 03\u200959\u200957\u200994\u200900 ou par email <a href=\"https:\/\/actu.fr\/cdn-cgi\/l\/email-protection\" class=\"__cf_email__\" data-cfemail=\"dcaeb9afbd9cb0b5b0b0b9a8b3a9aeb5afb1f2bfb3b1\" rel=\"nofollow noopener\" target=\"_blank\">[email\u00a0protected]<\/a> (pas d\u2019annulation possible le dimanche ni les jours f\u00e9ri\u00e9s).<\/p>\n<p class=\" wall-content\">Personnalisez votre actualit\u00e9 en ajoutant vos villes et m\u00e9dias en favori avec <a href=\"https:\/\/moncompte.actu.fr\" title=\"D\u00e9couvez Mon Actu\" rel=\"nofollow noopener\" data-trk=\"{&quot;cta&quot;:{&quot;action&quot;:&quot;https:\\\/\\\/moncompte.actu.fr&quot;,&quot;category&quot;:&quot;mon compte&quot;,&quot;from&quot;:&quot;article footer&quot;,&quot;name&quot;:&quot;Mon actu&quot;,&quot;type&quot;:&quot;cta&quot;}}\" target=\"_blank\">Mon Actu<\/a>.<\/p>\n","protected":false},"excerpt":{"rendered":"Par Rapha\u00ebl Mahlmann Publi\u00e9 le 9 ao\u00fbt 2026 \u00e0 6h30 S\u00e9journer dans un h\u00f4tel luxueux \u00e0 moindre co\u00fbt,&hellip;\n","protected":false},"author":2,"featured_media":1116809,"comment_status":"","ping_status":"","sticky":false,"template":"","format":"standard","meta":{"footnotes":"","_share_on_mastodon":"0"},"categories":[2815],"tags":[1111,11,6557,1777,674,1011,27,811,1307,1652,2425,12,25,602],"class_list":["post-1116808","post","type-post","status-publish","format-standard","has-post-thumbnail","category-lille","tag-actu","tag-actualites","tag-bon-plan-a-lille","tag-eu","tag-europe","tag-fr","tag-france","tag-hauts-de-france","tag-lille","tag-loisirs-culture","tag-luxe","tag-news","tag-republique-francaise","tag-tourisme"],"share_on_mastodon":{"url":"","error":""},"_links":{"self":[{"href":"https:\/\/www.europesays.com\/fr\/wp-json\/wp\/v2\/posts\/1116808","targetHints":{"allow":["GET"]}}],"collection":[{"href":"https:\/\/www.europesays.com\/fr\/wp-json\/wp\/v2\/posts"}],"about":[{"href":"https:\/\/www.europesays.com\/fr\/wp-json\/wp\/v2\/types\/post"}],"author":[{"embeddable":true,"href":"https:\/\/www.europesays.com\/fr\/wp-json\/wp\/v2\/users\/2"}],"replies":[{"embeddable":true,"href":"https:\/\/www.europesays.com\/fr\/wp-json\/wp\/v2\/comments?post=1116808"}],"version-history":[{"count":0,"href":"https:\/\/www.europesays.com\/fr\/wp-json\/wp\/v2\/posts\/1116808\/revisions"}],"wp:featuredmedia":[{"embeddable":true,"href":"https:\/\/www.europesays.com\/fr\/wp-json\/wp\/v2\/media\/1116809"}],"wp:attachment":[{"href":"https:\/\/www.europesays.com\/fr\/wp-json\/wp\/v2\/media?parent=1116808"}],"wp:term":[{"taxonomy":"category","embeddable":true,"href":"https:\/\/www.europesays.com\/fr\/wp-json\/wp\/v2\/categories?post=1116808"},{"taxonomy":"post_tag","embeddable":true,"href":"https:\/\/www.europesays.com\/fr\/wp-json\/wp\/v2\/tags?post=1116808"}],"curies":[{"name":"wp","href":"https:\/\/api.w.org\/{rel}","templated":true}]}}