{"id":111700,"date":"2025-05-19T12:10:09","date_gmt":"2025-05-19T12:10:09","guid":{"rendered":"https:\/\/www.europesays.com\/fr\/111700\/"},"modified":"2025-05-19T12:10:09","modified_gmt":"2025-05-19T12:10:09","slug":"prix-de-limmobilier-les-dix-rues-les-plus-cheres-de-rennes-en-2025","status":"publish","type":"post","link":"https:\/\/www.europesays.com\/fr\/111700\/","title":{"rendered":"Prix de l\u2019immobilier\u00a0: les dix rues les plus ch\u00e8res de Rennes en 2025"},"content":{"rendered":"<p class=\"paragraph text_align_left\">Rennes (Ille-et-Vilaine) occupe la 9e place au classement des villes o\u00f9 l\u2019immobilier est le plus cher en France. Les prix d\u2019achat sont en moyenne de 3 785 euros du m\u00e8tre carr\u00e9 et ils ont \u00e9volu\u00e9 de 9,3 % depuis 5 ans. Pour un trois-pi\u00e8ces meubl\u00e9, le loyer par m\u00e8tre carr\u00e9 est de 13,8 euros. Et qu\u2019en est-il des rues les plus pris\u00e9es ?<\/p>\n<p>Rue Honor\u00e9 de Balzac : la rue de Rennes la plus ch\u00e8re<\/p>\n<p class=\"paragraph text_align_left\">La rue Honor\u00e9 de Balzac est situ\u00e9e \u00e0 cheval sur les quartiers S\u00e9vign\u00e9 et Thabor, \u00e0 quelques minutes \u00e0 pied du parc du Thabor et de la Vilaine. La rue affiche un prix au m\u00e8tre carr\u00e9 de 5 304 euros, d\u00e9passant la moyenne de la ville de 1 519 euros. Avec 23 087 euros le m\u00e8tre carr\u00e9, la rue de Furstemberg \u00e0 Paris est la plus ch\u00e8re de France.<\/p>\n<p class=\"paragraph text_align_left\">Les dix rues les plus ch\u00e8res de Rennes se situent toutes dans ce secteur, entre les prairies Saint-Martin et le parc Hamelin Oberth\u00fcr. Une zone r\u00e9put\u00e9e pour son calme r\u00e9sidentiel qui attire une population ais\u00e9e. \u00c9tant perpendiculaire au boulevard de S\u00e9vign\u00e9, la rue est g\u00e9n\u00e9reusement desservie en bus, alors que l\u2019arr\u00eat de m\u00e9tro le plus proche est \u00e0 treize minutes \u00e0 pied.<\/p>\n<p class=\"paragraph text_align_left\"><b>D\u00e9couvrez les dix rues les plus ch\u00e8res de Rennes :<\/b><\/p>\n<ul class=\"margin_bottom_md fs_18_26 fs_20_28_ad blue-dot\">\n<li class=\"mb_150 pl_325\">Rue Honor\u00e9 de Balzac\u00a0: 5\u00a0304\u00a0euros<\/li>\n<li class=\"mb_150 pl_325\">Rue Alfred de Musset\u00a0: 5\u00a0260\u00a0euros<\/li>\n<li class=\"mb_150 pl_325\">Rue Waldeck-Rousseau\u00a0: 5\u00a0256\u00a0euros<\/li>\n<li class=\"mb_150 pl_325\">Boulevard de S\u00e9vign\u00e9\u00a0: 5\u00a0251\u00a0euros<\/li>\n<li class=\"mb_150 pl_325\">Rue Anatole Le Braz\u00a0: 5\u00a0233\u00a0euros<\/li>\n<li class=\"mb_150 pl_325\">Rue Gutenberg\u00a0: 5\u00a0215\u00a0euros<\/li>\n<li class=\"mb_150 pl_325\">Rue Maupertuis\u00a0: 5\u00a0208\u00a0euros<\/li>\n<li class=\"mb_150 pl_325\">Rue Pointeau du Ronceray\u00a0: 5\u00a0199\u00a0euros<\/li>\n<li class=\"mb_150 pl_325\">Rue Fran\u00e7ois Lanno\u00a0: 5\u00a0199\u00a0euros<\/li>\n<li class=\"mb_150 pl_325\">Rue Baudelaire\u00a0: 5\u00a0192\u00a0euros<\/li>\n<\/ul>\n<p class=\"paragraph text_align_left\">Les rues les plus ch\u00e8res de France se trouvent dans la capitale, avec des prix allant, notamment, <a href=\"https:\/\/www.leparisien.fr\/immobilier\/immobilier-a-paris-de-20-000-a-70-000-euros-le-metre-carre-les-prix-delirants-des-iles-de-la-cite-et-saint-louis-19-05-2025-IFEZ6NGOJBBN5PVPV3GKNRTIEU.php?ts=1747647025462\" rel=\"nofollow noopener\" target=\"_blank\">de 20 000 \u00e0 70 000 euros le m\u00e8tre carr\u00e9<\/a> sur les \u00eeles de la Cit\u00e9 et Saint-Louis.<\/p>\n","protected":false},"excerpt":{"rendered":"Rennes (Ille-et-Vilaine) occupe la 9e place au classement des villes o\u00f9 l\u2019immobilier est le plus cher en France.&hellip;\n","protected":false},"author":2,"featured_media":111701,"comment_status":"","ping_status":"","sticky":false,"template":"","format":"standard","meta":{"footnotes":""},"categories":[2821],"tags":[1111,11,829,459,1777,674,1011,27,1116,12,584,25],"class_list":{"0":"post-111700","1":"post","2":"type-post","3":"status-publish","4":"format-standard","5":"has-post-thumbnail","7":"category-rennes","8":"tag-actu","9":"tag-actualites","10":"tag-bretagne","11":"tag-departements-horsidfo","12":"tag-eu","13":"tag-europe","14":"tag-fr","15":"tag-france","16":"tag-immobilier","17":"tag-news","18":"tag-rennes","19":"tag-republique-francaise"},"share_on_mastodon":{"url":"https:\/\/pubeurope.com\/@fr\/114534431016152034","error":""},"_links":{"self":[{"href":"https:\/\/www.europesays.com\/fr\/wp-json\/wp\/v2\/posts\/111700","targetHints":{"allow":["GET"]}}],"collection":[{"href":"https:\/\/www.europesays.com\/fr\/wp-json\/wp\/v2\/posts"}],"about":[{"href":"https:\/\/www.europesays.com\/fr\/wp-json\/wp\/v2\/types\/post"}],"author":[{"embeddable":true,"href":"https:\/\/www.europesays.com\/fr\/wp-json\/wp\/v2\/users\/2"}],"replies":[{"embeddable":true,"href":"https:\/\/www.europesays.com\/fr\/wp-json\/wp\/v2\/comments?post=111700"}],"version-history":[{"count":0,"href":"https:\/\/www.europesays.com\/fr\/wp-json\/wp\/v2\/posts\/111700\/revisions"}],"wp:featuredmedia":[{"embeddable":true,"href":"https:\/\/www.europesays.com\/fr\/wp-json\/wp\/v2\/media\/111701"}],"wp:attachment":[{"href":"https:\/\/www.europesays.com\/fr\/wp-json\/wp\/v2\/media?parent=111700"}],"wp:term":[{"taxonomy":"category","embeddable":true,"href":"https:\/\/www.europesays.com\/fr\/wp-json\/wp\/v2\/categories?post=111700"},{"taxonomy":"post_tag","embeddable":true,"href":"https:\/\/www.europesays.com\/fr\/wp-json\/wp\/v2\/tags?post=111700"}],"curies":[{"name":"wp","href":"https:\/\/api.w.org\/{rel}","templated":true}]}}