{"id":111702,"date":"2025-05-19T12:11:14","date_gmt":"2025-05-19T12:11:14","guid":{"rendered":"https:\/\/www.europesays.com\/fr\/111702\/"},"modified":"2025-05-19T12:11:14","modified_gmt":"2025-05-19T12:11:14","slug":"strasbourg-un-colloque-pour-conclure-lexposition-mode-demploi-au-mamcs","status":"publish","type":"post","link":"https:\/\/www.europesays.com\/fr\/111702\/","title":{"rendered":"Strasbourg. Un colloque pour conclure l\u2019exposition \u00ab\u00a0Mode d\u2019emploi\u00a0\u00bb au\u00a0MAMCS"},"content":{"rendered":"<p>Le colloque \u00ab\u00a0D\u00e9sactiver les protocoles\u00a0\u00bb se tient les 21 et 22\u00a0mai au Mus\u00e9e d\u2019art moderne et contemporain de Strasbourg, en conclusion de l\u2019exposition Mode d\u2019emploi. \u00ab\u00a0Ce colloque interroge les rapports que les \u0153uvres dites \u00e0 protocoles entretiennent avec le concept d\u2019action, individuelle ou collective. En consid\u00e9rant le potentiel de d\u00e9sactivation des partitions et protocoles d\u2019artistes, mais aussi, en retour, la fragilit\u00e9 de la forme protocolaire et son propre risque de d\u00e9sactivation, il s\u2019agit de questionner le renouvellement possible de nos rapports quotidiens \u00e0 l\u2019agir\u00a0\u00bb, formule Anna Millers, commissaire de l\u2019exposition avec Philippe Bettinelli. <a href=\"http:\/\/www.dna.fr\/culture-loisirs\/2024\/10\/29\/mode-d-emploi-au-musee-d-art-moderne-et-contemporain-de-strasbourg\" target=\"_blank\" rel=\"nofollow noopener\">L\u2019exposition Mode d\u2019emploi<\/a> consacr\u00e9e aux \u0153uvres protocolaires, toutes r\u00e9alis\u00e9es in situ, s\u2019ach\u00e8ve le 1er juin.<\/p>\n","protected":false},"excerpt":{"rendered":"Le colloque \u00ab\u00a0D\u00e9sactiver les protocoles\u00a0\u00bb se tient les 21 et 22\u00a0mai au Mus\u00e9e d\u2019art moderne et contemporain de&hellip;\n","protected":false},"author":2,"featured_media":111703,"comment_status":"","ping_status":"","sticky":false,"template":"","format":"standard","meta":{"footnotes":""},"categories":[2820],"tags":[1111,11,2389,1687,2880,1777,674,2271,107,1011,27,775,12,25,640,2879],"class_list":{"0":"post-111702","1":"post","2":"type-post","3":"status-publish","4":"format-standard","5":"has-post-thumbnail","7":"category-strasbourg","8":"tag-actu","9":"tag-actualites","10":"tag-alsace","11":"tag-culture-loisirs","12":"tag-edition-strasbourg","13":"tag-eu","14":"tag-europe","15":"tag-exposition-arts-plastiques","16":"tag-fil-info","17":"tag-fr","18":"tag-france","19":"tag-grand-est","20":"tag-news","21":"tag-republique-francaise","22":"tag-strasbourg","23":"tag-strasbourg-ville"},"share_on_mastodon":{"url":"https:\/\/pubeurope.com\/@fr\/114534434934527154","error":""},"_links":{"self":[{"href":"https:\/\/www.europesays.com\/fr\/wp-json\/wp\/v2\/posts\/111702","targetHints":{"allow":["GET"]}}],"collection":[{"href":"https:\/\/www.europesays.com\/fr\/wp-json\/wp\/v2\/posts"}],"about":[{"href":"https:\/\/www.europesays.com\/fr\/wp-json\/wp\/v2\/types\/post"}],"author":[{"embeddable":true,"href":"https:\/\/www.europesays.com\/fr\/wp-json\/wp\/v2\/users\/2"}],"replies":[{"embeddable":true,"href":"https:\/\/www.europesays.com\/fr\/wp-json\/wp\/v2\/comments?post=111702"}],"version-history":[{"count":0,"href":"https:\/\/www.europesays.com\/fr\/wp-json\/wp\/v2\/posts\/111702\/revisions"}],"wp:featuredmedia":[{"embeddable":true,"href":"https:\/\/www.europesays.com\/fr\/wp-json\/wp\/v2\/media\/111703"}],"wp:attachment":[{"href":"https:\/\/www.europesays.com\/fr\/wp-json\/wp\/v2\/media?parent=111702"}],"wp:term":[{"taxonomy":"category","embeddable":true,"href":"https:\/\/www.europesays.com\/fr\/wp-json\/wp\/v2\/categories?post=111702"},{"taxonomy":"post_tag","embeddable":true,"href":"https:\/\/www.europesays.com\/fr\/wp-json\/wp\/v2\/tags?post=111702"}],"curies":[{"name":"wp","href":"https:\/\/api.w.org\/{rel}","templated":true}]}}