{"id":111704,"date":"2025-05-19T12:12:17","date_gmt":"2025-05-19T12:12:17","guid":{"rendered":"https:\/\/www.europesays.com\/fr\/111704\/"},"modified":"2025-05-19T12:12:17","modified_gmt":"2025-05-19T12:12:17","slug":"direction-le-trophee-du-futur","status":"publish","type":"post","link":"https:\/\/www.europesays.com\/fr\/111704\/","title":{"rendered":"Direction le Troph\u00e9e du futur !"},"content":{"rendered":"<p class=\"text-align-justify chapo\">Le week-end dernier, nos Espoirs ont valid\u00e9 leur ticket pour l\u2019un des rendez-vous les plus prestigieux de la saison : le Troph\u00e9e du Futur. Une belle r\u00e9compense pour un groupe combatif et r\u00e9gulier tout au long de l\u2019ann\u00e9e.<\/p>\n<p>\u00c0 deux semaines du coup d\u2019envoi, le programme de l\u2019\u00e9v\u00e9nement vient d\u2019\u00eatre d\u00e9voil\u00e9. Le Troph\u00e9e du Futur 2025 se d\u00e9roulera du vendredi 30 mai au dimanche 1er juin \u00e0 Ekinox, \u00e0 Bourg-en-Bresse. Ce tournoi regroupera les sept meilleures \u00e9quipes du championnat Espoirs ELITE, ainsi que le champion de France Espoirs de Pro B.<br \/>\nDurant trois jours, ces huit formations s\u2019affronteront dans un format \u00e0 \u00e9limination directe avec un seul objectif : d\u00e9crocher le titre de meilleure \u00e9quipe Espoirs de France.<br \/>\nNos jeunes joueurs connaissent d\u00e9sormais le cadre de cette comp\u00e9tition phare de la fin de saison et sont pr\u00eats \u00e0 relever le d\u00e9fi.<br \/>\nLa course au titre est lanc\u00e9e.<\/p>\n<p>\u00a0<\/p>\n<p>\u00a0<\/p>\n<p>\u00a0<\/p>\n","protected":false},"excerpt":{"rendered":"Le week-end dernier, nos Espoirs ont valid\u00e9 leur ticket pour l\u2019un des rendez-vous les plus prestigieux de la&hellip;\n","protected":false},"author":2,"featured_media":111705,"comment_status":"","ping_status":"","sticky":false,"template":"","format":"standard","meta":{"footnotes":""},"categories":[2820],"tags":[1111,11,3146,1777,674,1011,27,775,3145,12,25,3144,640],"class_list":{"0":"post-111704","1":"post","2":"type-post","3":"status-publish","4":"format-standard","5":"has-post-thumbnail","7":"category-strasbourg","8":"tag-actu","9":"tag-actualites","10":"tag-betclic-elite","11":"tag-eu","12":"tag-europe","13":"tag-fr","14":"tag-france","15":"tag-grand-est","16":"tag-lnb","17":"tag-news","18":"tag-republique-francaise","19":"tag-sig","20":"tag-strasbourg"},"share_on_mastodon":{"url":"https:\/\/pubeurope.com\/@fr\/114534439154477305","error":""},"_links":{"self":[{"href":"https:\/\/www.europesays.com\/fr\/wp-json\/wp\/v2\/posts\/111704","targetHints":{"allow":["GET"]}}],"collection":[{"href":"https:\/\/www.europesays.com\/fr\/wp-json\/wp\/v2\/posts"}],"about":[{"href":"https:\/\/www.europesays.com\/fr\/wp-json\/wp\/v2\/types\/post"}],"author":[{"embeddable":true,"href":"https:\/\/www.europesays.com\/fr\/wp-json\/wp\/v2\/users\/2"}],"replies":[{"embeddable":true,"href":"https:\/\/www.europesays.com\/fr\/wp-json\/wp\/v2\/comments?post=111704"}],"version-history":[{"count":0,"href":"https:\/\/www.europesays.com\/fr\/wp-json\/wp\/v2\/posts\/111704\/revisions"}],"wp:featuredmedia":[{"embeddable":true,"href":"https:\/\/www.europesays.com\/fr\/wp-json\/wp\/v2\/media\/111705"}],"wp:attachment":[{"href":"https:\/\/www.europesays.com\/fr\/wp-json\/wp\/v2\/media?parent=111704"}],"wp:term":[{"taxonomy":"category","embeddable":true,"href":"https:\/\/www.europesays.com\/fr\/wp-json\/wp\/v2\/categories?post=111704"},{"taxonomy":"post_tag","embeddable":true,"href":"https:\/\/www.europesays.com\/fr\/wp-json\/wp\/v2\/tags?post=111704"}],"curies":[{"name":"wp","href":"https:\/\/api.w.org\/{rel}","templated":true}]}}