{"id":111708,"date":"2025-05-19T12:14:10","date_gmt":"2025-05-19T12:14:10","guid":{"rendered":"https:\/\/www.europesays.com\/fr\/111708\/"},"modified":"2025-05-19T12:14:10","modified_gmt":"2025-05-19T12:14:10","slug":"les-scenarios-apres-la-relegation-de-biarritz","status":"publish","type":"post","link":"https:\/\/www.europesays.com\/fr\/111708\/","title":{"rendered":"les sc\u00e9narios apr\u00e8s la rel\u00e9gation de Biarritz"},"content":{"rendered":"<p>            Par<br \/>\n        <strong><br \/>\n            <a href=\"https:\/\/actu.fr\/auteur\/nicolas-dendri-actu-fr\" title=\"Consulter tous les articles de Nicolas Dendri\" target=\"_blank\" rel=\"noopener\">Nicolas Dendri<\/a><br \/>\n        <\/strong><\/p>\n<p>        Publi\u00e9 le<\/p>\n<p>            19 mai 2025 \u00e0 13h46        <\/p>\n<p>La <a href=\"https:\/\/actu.fr\/nouvelle-aquitaine\/biarritz_64122\/pro-d2-retrogradation-retrait-de-points-biarritz-fixe-sur-sa-sanction-pour-situation-financiere-degradee_62655158.html\" target=\"_blank\" rel=\"noopener\">r\u00e9trogradation administrative du Biarritz olympique<\/a> en Nationale prononc\u00e9e ce lundi 19 mai par les instances dirigeantes du rugby fran\u00e7ais va avoir des cons\u00e9quences sportives. L\u2019accession en <a href=\"https:\/\/actu.fr\/rugby\/pro-d2\" target=\"_blank\" rel=\"noopener\">Pro D2<\/a> et la descente en <a href=\"https:\/\/actu.fr\/rugby\/nationale-rugby\" target=\"_blank\" rel=\"noopener\">Nationale<\/a> pourrait bouleverser le destin de plusieurs clubs : <strong>Aurillac<\/strong>,<strong> Chamb\u00e9ry<\/strong> et <strong>Nice<\/strong>. Voici <strong>les sc\u00e9narios possibles<\/strong> m\u00eame s\u2019il est important de pr\u00e9ciser que la d\u00e9cision administrative n\u2019est pas d\u00e9finitive puisque le BOPB qui a fait appel.<\/p>\n<p>Aurillac sauv\u00e9 avant l\u2019access-match<\/p>\n<p class=\" wall-content\">Apr\u00e8s avoir termin\u00e9 \u00e0 la <strong>15e place<\/strong> de Pro D2 \u00e0 la fin de la saison r\u00e9guli\u00e8re, Aurillac est contraint de passer par le match de barrage. Les Aurillacois connaissent leurs adversaires depuis ce samedi soir et le r\u00e9sultat de la finale de Nationale.\u00a0<\/p>\n<p class=\" wall-content\"><a href=\"https:\/\/actu.fr\/sports\/rugby\/nationale-rugby\/rugby-nationale-carcassonne-s-offre-chambery-et-le-titre-de-champion-de-france_62651575.html\" target=\"_blank\" rel=\"noopener\">Carcassonne a d\u00e9croch\u00e9 le titre de champion de France<\/a> et son retour en Pro D2. Son adversaire Chamb\u00e9ry a encore une chance d\u2019acc\u00e9der \u00e0 la deuxi\u00e8me division du rugby fran\u00e7ais avec la rencontre pr\u00e9vue face \u00e0 Aurillac le 1er\u00a0juin. Victoire ou d\u00e9faite, peu importe pour les Cantalous ! Avec la possible rel\u00e9gation de Biarritz, cet access-match n\u2019aura aucune cons\u00e9quence pour eux qui sont <strong>assur\u00e9s de rester en Pro D2<\/strong> la saison prochaine.\u00a0<\/p>\n<p>Nice compte sur Aurillac<\/p>\n<p class=\" wall-content\">Pour Chamb\u00e9ry qui recevra le Stade aurillacois, la <strong>victoire est imp\u00e9rative<\/strong> pour \u00e9voluer en Pro D2. Une accession qui serait histoirique pour le club qui n\u2019a jamais jou\u00e9 \u00e0 ce niveau du rugby fran\u00e7ais. Les Savoyards rejoindraient ainsi leurs adversaires de l\u2019access-match.<\/p>\n<p class=\" wall-content\">En revanche, si Aurillac venait \u00e0 s\u2019imposer contre Chamb\u00e9ry, ce succ\u00e8s conjugu\u00e9 \u00e0 la confirmation de la sanction administrative du Biarritz olympique permettrait de <strong>sauver Nice<\/strong>. Dernier de Pro D2, le club de la C\u00f4te d\u2019Azur \u00e9tait assur\u00e9 de descendre depuis plusieurs semaines. Il reste encore une chance de se maintenir. Leur sort est donc entre les mains des Aurillacois.\u00a0<\/p>\n<p>Vid\u00e9os : en ce moment sur Actu<\/p>\n<p class=\" wall-content\">Suivez toute l\u2019actualit\u00e9 de vos villes et m\u00e9dias favoris en vous inscrivant \u00e0 <a href=\"https:\/\/moncompte.actu.fr\" title=\"D\u00e9couvez Mon Actu\" rel=\"nofollow noopener\" data-trk=\"{&quot;cta&quot;:{&quot;action&quot;:&quot;https:\\\/\\\/moncompte.actu.fr&quot;,&quot;category&quot;:&quot;mon compte&quot;,&quot;from&quot;:&quot;article footer&quot;,&quot;name&quot;:&quot;Mon actu&quot;,&quot;type&quot;:&quot;cta&quot;}}\" target=\"_blank\">Mon Actu<\/a>.<\/p>\n<ul class=\"ac-article-tag wall-content\">\n<li><a href=\"https:\/\/actu.fr\/tag\/biarritz-olympique\" data-trk=\"{&quot;cta&quot;:{&quot;action&quot;:&quot;Biarritz Olympique&quot;,&quot;category&quot;:&quot;tag&quot;,&quot;from&quot;:&quot;article footer&quot;,&quot;name&quot;:&quot;Biarritz Olympique&quot;,&quot;type&quot;:&quot;cta&quot;}}\" target=\"_blank\" rel=\"noopener\">#Biarritz Olympique<\/a><\/li>\n<li><a href=\"https:\/\/actu.fr\/tag\/stade-aurillacois\" data-trk=\"{&quot;cta&quot;:{&quot;action&quot;:&quot;Stade aurillacois&quot;,&quot;category&quot;:&quot;tag&quot;,&quot;from&quot;:&quot;article footer&quot;,&quot;name&quot;:&quot;Stade aurillacois&quot;,&quot;type&quot;:&quot;cta&quot;}}\" target=\"_blank\" rel=\"noopener\">#Stade aurillacois<\/a><\/li>\n<\/ul>\n","protected":false},"excerpt":{"rendered":"Par Nicolas Dendri Publi\u00e9 le 19 mai 2025 \u00e0 13h46 La r\u00e9trogradation administrative du Biarritz olympique en Nationale&hellip;\n","protected":false},"author":2,"featured_media":111709,"comment_status":"","ping_status":"","sticky":false,"template":"","format":"standard","meta":{"footnotes":""},"categories":[2819],"tags":[1111,11,18318,1777,674,1011,27,4361,12,2401,3788,2308,882,25,479,60,23101],"class_list":{"0":"post-111708","1":"post","2":"type-post","3":"status-publish","4":"format-standard","5":"has-post-thumbnail","7":"category-nice","8":"tag-actu","9":"tag-actualites","10":"tag-biarritz-olympique","11":"tag-eu","12":"tag-europe","13":"tag-fr","14":"tag-france","15":"tag-nationale","16":"tag-news","17":"tag-nice","18":"tag-pro","19":"tag-pro-d2","20":"tag-provence-alpes-cote-dazur","21":"tag-republique-francaise","22":"tag-rugby","23":"tag-sports","24":"tag-stade-aurillacois"},"share_on_mastodon":{"url":"https:\/\/pubeurope.com\/@fr\/114534446806736017","error":""},"_links":{"self":[{"href":"https:\/\/www.europesays.com\/fr\/wp-json\/wp\/v2\/posts\/111708","targetHints":{"allow":["GET"]}}],"collection":[{"href":"https:\/\/www.europesays.com\/fr\/wp-json\/wp\/v2\/posts"}],"about":[{"href":"https:\/\/www.europesays.com\/fr\/wp-json\/wp\/v2\/types\/post"}],"author":[{"embeddable":true,"href":"https:\/\/www.europesays.com\/fr\/wp-json\/wp\/v2\/users\/2"}],"replies":[{"embeddable":true,"href":"https:\/\/www.europesays.com\/fr\/wp-json\/wp\/v2\/comments?post=111708"}],"version-history":[{"count":0,"href":"https:\/\/www.europesays.com\/fr\/wp-json\/wp\/v2\/posts\/111708\/revisions"}],"wp:featuredmedia":[{"embeddable":true,"href":"https:\/\/www.europesays.com\/fr\/wp-json\/wp\/v2\/media\/111709"}],"wp:attachment":[{"href":"https:\/\/www.europesays.com\/fr\/wp-json\/wp\/v2\/media?parent=111708"}],"wp:term":[{"taxonomy":"category","embeddable":true,"href":"https:\/\/www.europesays.com\/fr\/wp-json\/wp\/v2\/categories?post=111708"},{"taxonomy":"post_tag","embeddable":true,"href":"https:\/\/www.europesays.com\/fr\/wp-json\/wp\/v2\/tags?post=111708"}],"curies":[{"name":"wp","href":"https:\/\/api.w.org\/{rel}","templated":true}]}}