{"id":111710,"date":"2025-05-19T12:15:14","date_gmt":"2025-05-19T12:15:14","guid":{"rendered":"https:\/\/www.europesays.com\/fr\/111710\/"},"modified":"2025-05-19T12:15:14","modified_gmt":"2025-05-19T12:15:14","slug":"un-homme-retranche-avec-une-arme-en-loire-atlantique-des-grenades-tirees-par-lantenne-gign","status":"publish","type":"post","link":"https:\/\/www.europesays.com\/fr\/111710\/","title":{"rendered":"Un homme retranch\u00e9, avec une arme, en Loire-Atlantique\u00a0: des grenades tir\u00e9es par l\u2019antenne GIGN"},"content":{"rendered":"<p>L\u2019antenne GIGN de Nantes est en cours d\u2019intervention ce lundi matin 19\u00a0mai \u00e0 Saint-Brevin-les-Pins\u00a0: un homme, \u00e2g\u00e9 de 62\u00a0ans, est retranch\u00e9 dans son domicile, avenue de la Croix-du-Sud, \u00e0 l\u2019angle du pont Renaud, depuis hier soir, dimanche 18\u00a0mai. Une information d\u2019 <a href=\"https:\/\/actu.fr\/pays-de-la-loire\/saint-brevin-les-pins_44154\/intervention-de-gendarmerie-en-cours-a-saint-brevin-les-pins-un-forcene-arme-retranche-chez-lui_62654259.html\" target=\"_self\" rel=\"noopener\">Actu.fr<\/a>  que Ouest-France s\u2019est fait confirmer par la mairie de Saint-Brevin et par la gendarmerie.<\/p>\n<p>\u00ab\u00a0Il souffre d\u2019une pathologie mentale\u00a0\u00bb<\/p>\n<p>Hier, vers 16\u00a0h\u00a030, les gendarmes de Saint-Brevin se sont d\u00e9plac\u00e9s au domicile de ce sexag\u00e9naire pour une interpellation apr\u00e8s des menaces de mort sur ses voisins. Il a menac\u00e9 les militaires et s\u2019est retranch\u00e9 chez lui avec une arme \u00e0 feu.<\/p>\n<p>D\u2019apr\u00e8s une voisine, \u00a0c\u2019est un monsieur qui vit seul, sur une grande propri\u00e9t\u00e9. Il est devenu tr\u00e8s agressif depuis la mort de sa maman, il y a quelques ann\u00e9es. Il souffre d\u2019une pathologie mentale. Il s\u2019est imagin\u00e9 que les voisins, qui avaient achet\u00e9 la maison, sont des squatteurs. Depuis, il les harc\u00e8le, les insulte.\u00a0<\/p>\n<\/p>\n<p>Retranch\u00e9 depuis plus de 18\u00a0heures<\/p>\n<p>Vers 12\u00a0h\u00a015, ce lundi, une gendarme approche des personnes pr\u00e9sentes, avec un casque sur les oreilles. Elle demande au petit groupe de reculer\u00a0: le Groupe d\u2019intervention de la gendarmerie nationale (GIGN) tire quatre grenades. \u00a0De chez moi j\u2019ai entendu des d\u00e9tonations, je suis venu voir ce qui se passe, dit un habitant. J\u2019ai re\u00e7u un message ce matin disant que le gaz avait \u00e9t\u00e9 coup\u00e9.\u00a0<\/p>\n<p>On entend au loin parler au m\u00e9gaphone. La maison du sexag\u00e9naire retranch\u00e9 se trouve derri\u00e8re un petit bois. Le riverain pr\u00e9cise qu\u2019il y a quelques maisons dans cette zone, des petits pavillons. \u00a0On n\u2019a pas l\u2019habitude de voir le GIGN en action \u00e0 Saint-Brevin, c\u2019est tr\u00e8s calme d\u2019ordinaire.\u00a0 12\u00a0h\u00a030, une nouvelle d\u00e9tonation r\u00e9sonne.<\/p>\n<p>\t<img decoding=\"async\" src=\"https:\/\/www.europesays.com\/fr\/wp-content\/uploads\/2025\/05\/P35237037D6814184G_px_640_.jpg\" alt=\"photo 13h10 : les pompiers arrivent sur place.  \u00a9  ouest-france\" width=\"640\" title=\" 13h10 : les pompiers arrivent sur place.   Ouest-France \"\/><\/p>\n<p class=\"elmt-legende\"> 13h10 : les pompiers arrivent sur place.   Ouest-France <\/p>\n<p>Les r\u00e9sidents du foyer de vie pour adultes handicap\u00e9s confin\u00e9s<\/p>\n<p>Par mesure de s\u00e9curit\u00e9, le gaz est coup\u00e9 dans le quartier, et les 24\u00a0r\u00e9sidents du foyer de vie pour adultes handicap\u00e9s de Pont-Renaud, qui se trouve juste en face, sont confin\u00e9s dans l\u2019\u00e9tablissement. Pr\u00e9venus par la direction depuis hier soir, les agents ont pris leur service, comme cette auxiliaire de vie qui s\u2019y rend \u00e0 13\u00a0h\u00a0: \u00a0Pas le choix, il faut bosser, ces personnes ont besoin de nous.\u00a0<\/p>\n<p>\u00a0<\/p>\n","protected":false},"excerpt":{"rendered":"L\u2019antenne GIGN de Nantes est en cours d\u2019intervention ce lundi matin 19\u00a0mai \u00e0 Saint-Brevin-les-Pins\u00a0: un homme, \u00e2g\u00e9 de&hellip;\n","protected":false},"author":2,"featured_media":111711,"comment_status":"","ping_status":"","sticky":false,"template":"","format":"standard","meta":{"footnotes":""},"categories":[2818],"tags":[1111,11,20318,10268,1777,674,1011,27,23105,23103,4933,3047,766,12,2636,25,23102,23104],"class_list":{"0":"post-111710","1":"post","2":"type-post","3":"status-publish","4":"format-standard","5":"has-post-thumbnail","7":"category-nantes","8":"tag-actu","9":"tag-actualites","10":"tag-antenne","11":"tag-arme","12":"tag-eu","13":"tag-europe","14":"tag-fr","15":"tag-france","16":"tag-gign","17":"tag-grenades","18":"tag-homme","19":"tag-loire-atlantique","20":"tag-nantes","21":"tag-news","22":"tag-pays-de-la-loire","23":"tag-republique-francaise","24":"tag-retranche","25":"tag-tirees"},"share_on_mastodon":{"url":"https:\/\/pubeurope.com\/@fr\/114534450782977190","error":""},"_links":{"self":[{"href":"https:\/\/www.europesays.com\/fr\/wp-json\/wp\/v2\/posts\/111710","targetHints":{"allow":["GET"]}}],"collection":[{"href":"https:\/\/www.europesays.com\/fr\/wp-json\/wp\/v2\/posts"}],"about":[{"href":"https:\/\/www.europesays.com\/fr\/wp-json\/wp\/v2\/types\/post"}],"author":[{"embeddable":true,"href":"https:\/\/www.europesays.com\/fr\/wp-json\/wp\/v2\/users\/2"}],"replies":[{"embeddable":true,"href":"https:\/\/www.europesays.com\/fr\/wp-json\/wp\/v2\/comments?post=111710"}],"version-history":[{"count":0,"href":"https:\/\/www.europesays.com\/fr\/wp-json\/wp\/v2\/posts\/111710\/revisions"}],"wp:featuredmedia":[{"embeddable":true,"href":"https:\/\/www.europesays.com\/fr\/wp-json\/wp\/v2\/media\/111711"}],"wp:attachment":[{"href":"https:\/\/www.europesays.com\/fr\/wp-json\/wp\/v2\/media?parent=111710"}],"wp:term":[{"taxonomy":"category","embeddable":true,"href":"https:\/\/www.europesays.com\/fr\/wp-json\/wp\/v2\/categories?post=111710"},{"taxonomy":"post_tag","embeddable":true,"href":"https:\/\/www.europesays.com\/fr\/wp-json\/wp\/v2\/tags?post=111710"}],"curies":[{"name":"wp","href":"https:\/\/api.w.org\/{rel}","templated":true}]}}