{"id":111712,"date":"2025-05-19T12:16:16","date_gmt":"2025-05-19T12:16:16","guid":{"rendered":"https:\/\/www.europesays.com\/fr\/111712\/"},"modified":"2025-05-19T12:16:16","modified_gmt":"2025-05-19T12:16:16","slug":"une-femme-de-49-ans-en-garde-a-vue-apres-des-degradations-et-des-violences-dans-un-bar-nantais","status":"publish","type":"post","link":"https:\/\/www.europesays.com\/fr\/111712\/","title":{"rendered":"Une femme de 49\u00a0ans en garde \u00e0 vue apr\u00e8s des d\u00e9gradations et des violences dans un bar nantais"},"content":{"rendered":"<tr wp_automatic_readability=\"5.8853503184713\">\n<td valign=\"middle\" align=\"center\" class=\"col-logo\" wp_automatic_readability=\"5\">\n    <img decoding=\"async\" src=\"https:\/\/www.europesays.com\/fr\/wp-content\/uploads\/2025\/04\/logo-of-monetise.svg\" alt=\"logo Ouest-France\" height=\"66\"\/><\/p>\n<p>Contenu r\u00e9serv\u00e9 aux abonn\u00e9s<\/p>\n<\/td>\n<td class=\"col-titre\">\n\t\t\tLundi 19 mai 2025 12:42<br \/>\n\t\t\t<a class=\"icon-bulle sizeL count\" href=\"#ancreAvis\"><br \/>\n\t&#8230;<br \/>\n<\/a><\/td>\n<\/tr>\n<p>\t\t<a class=\"mavillebox2 elmt-photo\" href=\"https:\/\/maville.com\/photosmvi\/2025\/05\/19\/P35237060D6814200G.jpg\" title=\" Le bar Tavarn Breizh, \u00e0 Nantes, quai de la Fosse, le 19\u00a0mai 2025.  \u00a9  Ouest-France  &lt;!--TAG-BLC credit--&gt;\" rel=\"galerie_actu noopener\" target=\"_blank\"><br \/>\n\t<img decoding=\"async\" src=\"https:\/\/www.europesays.com\/fr\/wp-content\/uploads\/2025\/05\/P35237060D6814200G_crop_640-330_.jpg\" alt=\"photo  le bar tavarn breizh, \u00e0 nantes, quai de la fosse, le 19\u00a0mai 2025.  \u00a9  ouest-france \"\/><br \/>\n\t1<br \/>\n<\/a><\/p>\n<p class=\"elmt-legende\"> Le bar Tavarn Breizh, \u00e0 Nantes, quai de la Fosse, le 19\u00a0mai 2025.  \u00a9  Ouest-France  <\/p>\n<p>\t\tUne femme de 49\u00a0ans, suspect\u00e9e d\u2019avoir commis des violences et d\u00e9grad\u00e9 la vitrine d\u2019un bar \u00e0 Nantes, a \u00e9t\u00e9 interpell\u00e9e et plac\u00e9e en garde \u00e0 vue dimanche 18\u00a0mai.<\/p>\n<p><b>Cet article est r\u00e9serv\u00e9 aux abonn\u00e9s<\/b><\/p>\n<p>Pour un acc\u00e8s imm\u00e9diat, abonnez-vous<\/p>\n<p><b>1\u00e8re semaine offerte<\/b><\/p>\n<p>\t\tOuest-France<\/p>\n<p>Retrouvez d&rsquo;autres actus sur la commune de :<\/p>\n<p>\t\t&#13;<\/p>\n","protected":false},"excerpt":{"rendered":"Contenu r\u00e9serv\u00e9 aux abonn\u00e9s Lundi 19 mai 2025 12:42 &#8230; 1 Le bar Tavarn Breizh, \u00e0 Nantes, quai&hellip;\n","protected":false},"author":2,"featured_media":111713,"comment_status":"","ping_status":"","sticky":false,"template":"","format":"standard","meta":{"footnotes":""},"categories":[2818],"tags":[19038,1111,11,1764,9732,7229,1777,674,1294,1011,27,8712,4715,766,12,2636,25,2949,13373],"class_list":{"0":"post-111712","1":"post","2":"type-post","3":"status-publish","4":"format-standard","5":"has-post-thumbnail","7":"category-nantes","8":"tag-19038","9":"tag-actu","10":"tag-actualites","11":"tag-ans","12":"tag-bar","13":"tag-degradations","14":"tag-eu","15":"tag-europe","16":"tag-femme","17":"tag-fr","18":"tag-france","19":"tag-garde","20":"tag-nantais","21":"tag-nantes","22":"tag-news","23":"tag-pays-de-la-loire","24":"tag-republique-francaise","25":"tag-violences","26":"tag-vue"},"share_on_mastodon":{"url":"https:\/\/pubeurope.com\/@fr\/114534454635892230","error":""},"_links":{"self":[{"href":"https:\/\/www.europesays.com\/fr\/wp-json\/wp\/v2\/posts\/111712","targetHints":{"allow":["GET"]}}],"collection":[{"href":"https:\/\/www.europesays.com\/fr\/wp-json\/wp\/v2\/posts"}],"about":[{"href":"https:\/\/www.europesays.com\/fr\/wp-json\/wp\/v2\/types\/post"}],"author":[{"embeddable":true,"href":"https:\/\/www.europesays.com\/fr\/wp-json\/wp\/v2\/users\/2"}],"replies":[{"embeddable":true,"href":"https:\/\/www.europesays.com\/fr\/wp-json\/wp\/v2\/comments?post=111712"}],"version-history":[{"count":0,"href":"https:\/\/www.europesays.com\/fr\/wp-json\/wp\/v2\/posts\/111712\/revisions"}],"wp:featuredmedia":[{"embeddable":true,"href":"https:\/\/www.europesays.com\/fr\/wp-json\/wp\/v2\/media\/111713"}],"wp:attachment":[{"href":"https:\/\/www.europesays.com\/fr\/wp-json\/wp\/v2\/media?parent=111712"}],"wp:term":[{"taxonomy":"category","embeddable":true,"href":"https:\/\/www.europesays.com\/fr\/wp-json\/wp\/v2\/categories?post=111712"},{"taxonomy":"post_tag","embeddable":true,"href":"https:\/\/www.europesays.com\/fr\/wp-json\/wp\/v2\/tags?post=111712"}],"curies":[{"name":"wp","href":"https:\/\/api.w.org\/{rel}","templated":true}]}}