{"id":111725,"date":"2025-05-19T12:23:09","date_gmt":"2025-05-19T12:23:09","guid":{"rendered":"https:\/\/www.europesays.com\/fr\/111725\/"},"modified":"2025-05-19T12:23:09","modified_gmt":"2025-05-19T12:23:09","slug":"marseille-dans-la-peau-cette-exposition-originale-refait-lhistoire-du-tatouage","status":"publish","type":"post","link":"https:\/\/www.europesays.com\/fr\/111725\/","title":{"rendered":"Marseille dans la peau, cette exposition originale refait l&rsquo;histoire du tatouage"},"content":{"rendered":"<p>            Par<br \/>\n        <strong><br \/>\n            <a href=\"https:\/\/actu.fr\/auteur\/redaction-marseille\" title=\"Consulter tous les articles de R\u00e9daction Marseille\" target=\"_blank\" rel=\"noopener\">R\u00e9daction Marseille<\/a><br \/>\n        <\/strong><\/p>\n<p>        Publi\u00e9 le<\/p>\n<p>            19 mai 2025 \u00e0 14h01        <\/p>\n<p>Avec le tatouage, <strong>longtemps marginalis\u00e9 mais aujourd\u2019hui banalis\u00e9,<\/strong> ce sont de multiples \u00ab\u2009histoires de la M\u00e9diterran\u00e9e\u2009\u00bb que le mus\u00e9e du Centre de la Vieille Charit\u00e9, dans le 2e arrondissement de <a href=\"https:\/\/actu.fr\/marseille\/\" target=\"_blank\" rel=\"noopener\">Marseille<\/a>, offre \u00e0 ses visiteurs.<\/p>\n<p class=\" wall-content\">Du taulard viriliste \u00e0 la \u00ab\u2009cagole\u2009\u00bb \u00e0 l\u2019hyper-f\u00e9minit\u00e9 affirm\u00e9e, cette exposition ouverte jusqu\u2019au 28\u00a0septembre 2025 remonte aux racines d\u2019<strong>une pratique devenue politique.<\/strong><\/p>\n<p>Une culture ancienne largement adopt\u00e9e<\/p>\n<p class=\" wall-content\">Vid\u00e9o de momies \u00e9gyptiennes tatou\u00e9es, menhir de l\u2019Aveyron de 3\u2009000\u00a0\u00e0 2\u2009000 ans avant notre \u00e8re, minuscule amphore venue de Rhodes vieille de quelque 8\u2009000\u00a0ans\u2009: parmi les quelque <strong>275 objets<\/strong> de cette exposition, plusieurs t\u00e9moignent de l\u2019anciennet\u00e9 d\u2019une culture aujourd\u2019hui adopt\u00e9e par le grand public.<\/p>\n<p class=\" wall-content\">Au fil d\u2019un parcours \u00e0 la fois chronologique et th\u00e9matique, sont expos\u00e9es de nombreuses facettes du tatouage, qu\u2019il soit\u2009:<\/p>\n<ul class=\" wall-content\">\n<li><strong>Religieux<\/strong>, revenu en force apr\u00e8s son interdiction par l\u2019empereur Constantin,<\/li>\n<li><strong>Revendicatif<\/strong>, comme l\u2019illustre la photo de ce supporter de l\u2019OM portant l\u2019amour de son club grav\u00e9 dans sa chair,<\/li>\n<li><strong>Politique<\/strong>, comme ceux des membres du groupe Aouchem, en Alg\u00e9rie, autour de Samta Benyahia et Denis Martinez.<\/li>\n<\/ul>\n<p>Vid\u00e9os : en ce moment sur Actu\u00ab\u2009Des \u00e9tudes postcoloniales\u2009\u00bb<\/p>\n<p class=\" wall-content\">\u00ab\u2009Avec \u2018Tatouage, histoires de la M\u00e9diterran\u00e9e\u2019, c\u2019est <strong>l\u2019histoire fragment\u00e9e du tatouage autour du bassin m\u00e9diterran\u00e9en<\/strong> que nous avons essay\u00e9 de retracer\u2009\u00bb, explique Nicolas Misery, directeur g\u00e9n\u00e9ral des mus\u00e9es de Marseille et commissaire g\u00e9n\u00e9ral de l\u2019exposition, revendiquant au passage \u00ab\u2009les apports des \u00e9tudes de genre et des \u00e9tudes postcoloniales\u2009\u00bb.<\/p>\n<p class=\" wall-content\">Dans une des salles, le visiteur voit ainsi s\u2019affronter deux versions d\u2019une m\u00eame r\u00e9alit\u00e9\u2009: d\u2019un c\u00f4t\u00e9 les portraits en noir et blanc de femmes amazighs, en Kabylie, par Marc Garanger, en 1960\u2009; de l\u2019autre, \u00ab\u2009Les Princesses\u2009\u00bb, les visages de ces m\u00eames femmes transfigur\u00e9s par l\u2019artiste alg\u00e9rienne Dalila Dall\u00e9as\u00a0Bouzar.<\/p>\n<p>\u00ab\u2009Femmes, vie, libert\u00e9\u2009\u00bb<\/p>\n<p class=\" wall-content\">Parfois impos\u00e9, aux esclaves \u00e0 l\u2019\u00e9poque de l\u2019empire romain par exemple, r\u00e9guli\u00e8rement associ\u00e9 aux milieux interlopes, le tatouage est d\u00e9sormais <strong>un v\u00e9ritable moyen d\u2019expression,<\/strong> voire de revendication. En t\u00e9moignent les photos par Ga\u00eblle Matata de Miss Cagole 2024, Lisa Granado, o\u00f9 l\u2019artiste rend hommage \u00e0 \u00ab\u2009un nouveau mod\u00e8le soci\u00e9tal \u00e0 l\u2019heure de #MeToo\u2009\u00bb.<\/p>\n<p class=\" wall-content\"><strong>Expression longtemps d\u2019une virilit\u00e9 exacerb\u00e9e,<\/strong> se tatouer la peau est aussi d\u00e9sormais <strong>une posture v\u00e9ritablement politique,<\/strong> comme chez l\u2019artiste iranien exil\u00e9 Alireza Shojaian et ses tableaux qui proposent des \u00ab\u2009repr\u00e9sentations alternatives de la masculinit\u00e9, sensibles, queers et engag\u00e9es\u2009\u00bb.<\/p>\n<p>    <img   decoding=\"async\" loading=\"lazy\" src=\"https:\/\/www.europesays.com\/fr\/wp-content\/uploads\/2025\/05\/sharokarthur02-grande-960x640.jpeg\" alt=\"Le\" width=\"960\" height=\"640\"\/><br \/>\n    \u00ab\u2009Sharok et Arthur\u2009\u00bb de la s\u00e9rie \u00ab\u2009Sous le ciel de Shiraz\u2009\u00bb. (\u00a9Document remis \u00e0 actu Marseille \/ Alireza Shojaian)<\/p>\n<p class=\" wall-content\">Via Sharok, son mod\u00e8le, autre Iranien r\u00e9fugi\u00e9 lui \u00e0 Los Angeles, travailleur du sexe, acteur pornographique et militant pour la d\u00e9fense des droits des communaut\u00e9s LGBTQIA +, il d\u00e9fend aussi la <strong>libert\u00e9 d\u2019expression<\/strong> dans son pays natal. Comme dans ce portrait o\u00f9 le massif lutteur exhibe son dernier tatouage sur le torse, le slogan \u00ab\u2009Femmes, vie, libert\u00e9\u2009\u00bb.<\/p>\n<p>Monick, la premi\u00e8re tatoueuse de Marseille<\/p>\n<p class=\" wall-content\">Politique, revendicatif ou simple affirmation de soi, le tatouage a en tout cas \u00e9t\u00e9<strong> largement r\u00e9cup\u00e9r\u00e9 par la mode aujourd\u2019hui<\/strong>, comme l\u2019illustrent deux cr\u00e9ations\u2009: une sublime robe sign\u00e9e du designer parisien Yacine Aouadi et port\u00e9e par l\u2019actrice australienne Cate Blanchett pour la premi\u00e8re du film Carol en 2015, ou un v\u00eatement dessin\u00e9 par Jean-Paul Gaultier.<\/p>\n<p class=\" wall-content\">Tout au long de l\u2019exposition, au c\u0153ur du quartier populaire et \u00ab\u2009trendy\u2009\u00bb du Panier, ce sont aussi <strong>les relations entre la cit\u00e9 phoc\u00e9enne et l\u2019art du tatouage<\/strong> qui sont illustr\u00e9es, avec notamment, d\u00e8s la premi\u00e8re salle, l\u2019enseigne et les \u00ab\u2009outils\u2009\u00bb de ce qui fut l\u2019atelier de Monick, la premi\u00e8re tatoueuse professionnelle de la ville, des ann\u00e9es 1970 \u00e0 2016.<\/p>\n<p class=\" wall-content\">Soulignant \u00ab\u2009le rapport charnel entre Marseille et le tatouage\u2009\u00bb, devant la presse, le maire de la ville, Beno\u00eet Payan, s\u2019est f\u00e9licit\u00e9 au passage du grand nombre de pr\u00eateurs pour cette exposition, entre la cinquantaine d\u2019\u0153uvres venues du <strong>mus\u00e9e du quai Branly<\/strong> <strong>\u00e0 Paris<\/strong>, mais aussi celles arriv\u00e9es du <strong>Rijksmuseum \u00e0 Amsterdam<\/strong>, de la <strong>Glyptothek \u00e0 Munich<\/strong> et m\u00eame du <strong>mus\u00e9e national d\u2019histoire de l\u2019Ukraine \u00e0 Kiev.<\/strong><\/p>\n<p>Avec AFP<\/p>\n<p class=\" wall-content\">Suivez toute l\u2019actualit\u00e9 de vos villes et m\u00e9dias favoris en vous inscrivant \u00e0 <a href=\"https:\/\/moncompte.actu.fr\" title=\"D\u00e9couvez Mon Actu\" rel=\"nofollow noopener\" data-trk=\"{&quot;cta&quot;:{&quot;action&quot;:&quot;https:\\\/\\\/moncompte.actu.fr&quot;,&quot;category&quot;:&quot;mon compte&quot;,&quot;from&quot;:&quot;article footer&quot;,&quot;name&quot;:&quot;Mon actu&quot;,&quot;type&quot;:&quot;cta&quot;}}\" target=\"_blank\">Mon Actu<\/a>.<\/p>\n","protected":false},"excerpt":{"rendered":"Par R\u00e9daction Marseille Publi\u00e9 le 19 mai 2025 \u00e0 14h01 Avec le tatouage, longtemps marginalis\u00e9 mais aujourd\u2019hui banalis\u00e9,&hellip;\n","protected":false},"author":2,"featured_media":111726,"comment_status":"","ping_status":"","sticky":false,"template":"","format":"standard","meta":{"footnotes":""},"categories":[2814],"tags":[1111,11,1777,674,1011,27,937,1652,884,1252,12,882,25,3735],"class_list":{"0":"post-111725","1":"post","2":"type-post","3":"status-publish","4":"format-standard","5":"has-post-thumbnail","7":"category-marseille","8":"tag-actu","9":"tag-actualites","10":"tag-eu","11":"tag-europe","12":"tag-fr","13":"tag-france","14":"tag-histoire","15":"tag-loisirs-culture","16":"tag-marseille","17":"tag-mediterranee","18":"tag-news","19":"tag-provence-alpes-cote-dazur","20":"tag-republique-francaise","21":"tag-tatouage"},"share_on_mastodon":{"url":"https:\/\/pubeurope.com\/@fr\/114534482240554277","error":""},"_links":{"self":[{"href":"https:\/\/www.europesays.com\/fr\/wp-json\/wp\/v2\/posts\/111725","targetHints":{"allow":["GET"]}}],"collection":[{"href":"https:\/\/www.europesays.com\/fr\/wp-json\/wp\/v2\/posts"}],"about":[{"href":"https:\/\/www.europesays.com\/fr\/wp-json\/wp\/v2\/types\/post"}],"author":[{"embeddable":true,"href":"https:\/\/www.europesays.com\/fr\/wp-json\/wp\/v2\/users\/2"}],"replies":[{"embeddable":true,"href":"https:\/\/www.europesays.com\/fr\/wp-json\/wp\/v2\/comments?post=111725"}],"version-history":[{"count":0,"href":"https:\/\/www.europesays.com\/fr\/wp-json\/wp\/v2\/posts\/111725\/revisions"}],"wp:featuredmedia":[{"embeddable":true,"href":"https:\/\/www.europesays.com\/fr\/wp-json\/wp\/v2\/media\/111726"}],"wp:attachment":[{"href":"https:\/\/www.europesays.com\/fr\/wp-json\/wp\/v2\/media?parent=111725"}],"wp:term":[{"taxonomy":"category","embeddable":true,"href":"https:\/\/www.europesays.com\/fr\/wp-json\/wp\/v2\/categories?post=111725"},{"taxonomy":"post_tag","embeddable":true,"href":"https:\/\/www.europesays.com\/fr\/wp-json\/wp\/v2\/tags?post=111725"}],"curies":[{"name":"wp","href":"https:\/\/api.w.org\/{rel}","templated":true}]}}