{"id":111727,"date":"2025-05-19T12:24:13","date_gmt":"2025-05-19T12:24:13","guid":{"rendered":"https:\/\/www.europesays.com\/fr\/111727\/"},"modified":"2025-05-19T12:24:13","modified_gmt":"2025-05-19T12:24:13","slug":"marseille-lagam-publie-un-ouvrage-sur-le-patrimoine-et-les-transitions","status":"publish","type":"post","link":"https:\/\/www.europesays.com\/fr\/111727\/","title":{"rendered":"Marseille : l&rsquo;Agam publie un ouvrage sur le patrimoine et les transitions"},"content":{"rendered":"<p><img loading=\"lazy\" decoding=\"async\" alt=\"Jean-Pierre Enaut - L'ouvrage de l'Agam : Concilier patrimoine du quotidien et transitions.\" data-zoom-src=\"https:\/\/www.europesays.com\/fr\/wp-content\/uploads\/2025\/05\/initial-agam-ouvrage-patrimoine.jpg\" data-zoomable=\"\" height=\"702\" src=\"https:\/\/www.europesays.com\/fr\/wp-content\/uploads\/2025\/05\/initial-agam-ouvrage-patrimoine.jpg\" width=\"1248\"\/>  <\/p>\n<p class=\"article-desc\">Jean-Pierre Enaut &#8211; L&rsquo;ouvrage de l&rsquo;Agam : Concilier patrimoine du quotidien et transitions. <\/p>\n<p><strong>L&rsquo;ouvrage portant sur le patrimoine et les transitions <\/strong>r\u00e9alis\u00e9 par l&rsquo;<a href=\"https:\/\/www.agam.org\/\" rel=\"noopener nofollow\" target=\"_blank\">Agam<\/a><a href=\"https:\/\/www.agam.org\/\" rel=\"noopener nofollow\" target=\"_blank\">(Agence d&rsquo;urbanisme de l&rsquo;agglom\u00e9ration marseillaise) aborde la notion de patrimoine du quotidien au travers des grands types architecturaux locaux qui constituent le mat\u00e9riau de la ville de Marseille. \u00ab Je porte fi\u00e8rement ce travail qui \u00e9voque diff\u00e9rents sujets comme la sur\u00e9l\u00e9vation, l&rsquo;usage de la toiture, la ville sur la ville. Il interroge avec acuit\u00e9 sur le th\u00e8me comment adapter le b\u00e2ti existant aux diff\u00e9rentes \u00e9volutions dans le temps \u00bb, a estim\u00e9 <a href=\"https:\/\/www.linkedin.com\/in\/laure-agn%C3%A8s-caradec-34733227b\/\" rel=\"noopener nofollow\" target=\"_blank\">Laure-Agn\u00e8s Caradec<\/a>, pr\u00e9sidente de l&rsquo;Agam.<\/p>\n<p> <img decoding=\"async\" alt=\"Les formes du patrimoine\" data-zoomable=\"\" height=\"1125\" loading=\"lazy\" src=\"https:\/\/www.europesays.com\/fr\/wp-content\/uploads\/2025\/05\/dscn9207.jpg\" title=\"Les immeubles trois fen\u00eatres\" width=\"2000\"\/> \u00a9 JPE- A Marseille, le patrimoine au quotidien avec les immeubles trois fen\u00eatres. <\/p>\n<p>Cet opus invite d&rsquo;une mani\u00e8re pertinente \u00e0 envisager comment le patrimoine peut trouver sa place dans la cr\u00e9ation d&rsquo;une ville r\u00e9siliente et<strong> r\u00e9pondre aux transitions amorc\u00e9es et \u00e0 venir sans perdre son identit\u00e9<\/strong>. La prise de conscience a commenc\u00e9 selon l&rsquo;\u00e9lue chez les acteurs publics et sur une d\u00e9cennie.<strong> Plusieurs exp\u00e9rimentations marseillaises montrent la mani\u00e8re dont les architectes appr\u00e9hendent cette mati\u00e8re premi\u00e8re<\/strong> et comment ils la transforment.<\/p>\n<p>  Un ouvrage con\u00e7u par l&rsquo;Agam \u00e0 l&rsquo;aide de plusieurs experts du patrimoine <\/p>\n<p>Cet opus a \u00e9t\u00e9 con\u00e7u en deux parties distinctes, la premi\u00e8re portant sur le patrimoine du quotidien avec, entre autres, les deux fen\u00eatres, les trois fen\u00eatres, l&rsquo;immeuble haussmannien, l&rsquo;immeuble de style Art d\u00e9co et la seconde partie \u00e9voquant la notion de transition,<strong> les principales transitions \u00e0 int\u00e9grer dans les projets ou encore les nouveaux modes d&rsquo;habiter<\/strong>. <\/p>\n<p><strong>Cet ouvrage remarquable est le fruit d&rsquo;un travail collectif<\/strong> et a \u00e9t\u00e9 r\u00e9alis\u00e9 avec le concours de plusieurs experts dont <a href=\"https:\/\/www.linkedin.com\/in\/h%C3%A9l%C3%A8ne-corset-maillard-b815a6204\/\" rel=\"noopener nofollow\" target=\"_blank\">H\u00e9l\u00e8ne Corset-Maillard<\/a>, directrice du P\u00f4le patrimoine \u00e0 la Drac Paca ou encore Fr\u00e9d\u00e9ric Auburton, architecte des B\u00e2timents de France, chef de l&rsquo;Udap\u00a0des Bouches-du-Rh\u00f4ne. \u00ab Il s&rsquo;inscrit dans le cadre de notre action destin\u00e9e \u00e0 favoriser la diffusion de la culture et de la connaissance \u00bb, a relev\u00e9 <a href=\"https:\/\/www.linkedin.com\/in\/frederic-bossard\/?originalSubdomain=fr\" rel=\"noopener nofollow\" target=\"_blank\">Fr\u00e9d\u00e9ric Bossard<\/a>, son directeur g\u00e9n\u00e9ral.<\/p>\n","protected":false},"excerpt":{"rendered":"Jean-Pierre Enaut &#8211; L&rsquo;ouvrage de l&rsquo;Agam : Concilier patrimoine du quotidien et transitions. L&rsquo;ouvrage portant sur le patrimoine&hellip;\n","protected":false},"author":2,"featured_media":111728,"comment_status":"","ping_status":"","sticky":false,"template":"","format":"standard","meta":{"footnotes":""},"categories":[2814],"tags":[1111,11,23108,1777,674,1011,27,884,12,2551,882,25,1352],"class_list":{"0":"post-111727","1":"post","2":"type-post","3":"status-publish","4":"format-standard","5":"has-post-thumbnail","7":"category-marseille","8":"tag-actu","9":"tag-actualites","10":"tag-agam","11":"tag-eu","12":"tag-europe","13":"tag-fr","14":"tag-france","15":"tag-marseille","16":"tag-news","17":"tag-patrimoine","18":"tag-provence-alpes-cote-dazur","19":"tag-republique-francaise","20":"tag-urbanisme"},"share_on_mastodon":{"url":"https:\/\/pubeurope.com\/@fr\/114534486209062567","error":""},"_links":{"self":[{"href":"https:\/\/www.europesays.com\/fr\/wp-json\/wp\/v2\/posts\/111727","targetHints":{"allow":["GET"]}}],"collection":[{"href":"https:\/\/www.europesays.com\/fr\/wp-json\/wp\/v2\/posts"}],"about":[{"href":"https:\/\/www.europesays.com\/fr\/wp-json\/wp\/v2\/types\/post"}],"author":[{"embeddable":true,"href":"https:\/\/www.europesays.com\/fr\/wp-json\/wp\/v2\/users\/2"}],"replies":[{"embeddable":true,"href":"https:\/\/www.europesays.com\/fr\/wp-json\/wp\/v2\/comments?post=111727"}],"version-history":[{"count":0,"href":"https:\/\/www.europesays.com\/fr\/wp-json\/wp\/v2\/posts\/111727\/revisions"}],"wp:featuredmedia":[{"embeddable":true,"href":"https:\/\/www.europesays.com\/fr\/wp-json\/wp\/v2\/media\/111728"}],"wp:attachment":[{"href":"https:\/\/www.europesays.com\/fr\/wp-json\/wp\/v2\/media?parent=111727"}],"wp:term":[{"taxonomy":"category","embeddable":true,"href":"https:\/\/www.europesays.com\/fr\/wp-json\/wp\/v2\/categories?post=111727"},{"taxonomy":"post_tag","embeddable":true,"href":"https:\/\/www.europesays.com\/fr\/wp-json\/wp\/v2\/tags?post=111727"}],"curies":[{"name":"wp","href":"https:\/\/api.w.org\/{rel}","templated":true}]}}