{"id":111731,"date":"2025-05-19T12:26:10","date_gmt":"2025-05-19T12:26:10","guid":{"rendered":"https:\/\/www.europesays.com\/fr\/111731\/"},"modified":"2025-05-19T12:26:10","modified_gmt":"2025-05-19T12:26:10","slug":"une-femme-meurt-apres-une-chute-du-9e-etage-son-conjoint-interpelle","status":"publish","type":"post","link":"https:\/\/www.europesays.com\/fr\/111731\/","title":{"rendered":"une femme meurt apr\u00e8s une chute du 9e \u00e9tage, son conjoint interpell\u00e9"},"content":{"rendered":"<p>Ce dimanche 18\u00a0mai, peu apr\u00e8s 21 heures, une femme s\u2019est jet\u00e9e dans le vide du 9e \u00e9tage, d\u2019un immeuble qui en compte quatorze.<\/p>\n<p>Ce contenu est bloqu\u00e9 car vous n&rsquo;avez pas accept\u00e9 les cookies et autres traceurs.<\/p>\n<p>En cliquant sur \u00ab J\u2019accepte \u00bb, les cookies et autres traceurs seront d\u00e9pos\u00e9s et vous pourrez visualiser les contenus  (<a href=\"\" class=\"consentModule_policy\" target=\"_blank\" title=\"Consulter la politique de protection des donn\u00e9es du fournisseur\">plus d&rsquo;informations<\/a>).<\/p>\n<p>En cliquant sur \u00ab J\u2019accepte tous les cookies \u00bb, vous autorisez des d\u00e9p\u00f4ts de cookies et autres traceurs pour le stockage de vos donn\u00e9es sur nos sites et applications \u00e0 des fins de personnalisation et de ciblage publicitaire.<\/p>\n<p class=\"consentModule_secondaryText\">Vous gardez la possibilit\u00e9 de retirer votre consentement \u00e0 tout moment en consultant notre <a href=\"https:\/\/www.leprogres.fr\/protection-des-donnees\" target=\"_blank\" title=\"Consulter notre politique de protection des donn\u00e9es\" rel=\"nofollow noopener\">politique de protection des donn\u00e9es<\/a>. <br \/>&#13;<br \/>\n            <a href=\"https:\/\/www.leprogres.fr\/faits-divers-justice\/2025\/05\/19\/javascript:Didomi.notice.show()\" class=\"consentModule_cmp\" rel=\"nofollow noopener\" target=\"_blank\">G\u00e9rer mes choix<\/a>&#13;\n        <\/p>\n<p>&#13;<br \/>\n                        J&rsquo;accepte&#13;<br \/>\n            J&rsquo;accepte tous les cookies&#13;\n        <\/p>\n<p>Des r\u00e9sidents lui ont prodigu\u00e9 les premiers massages cardiaques, repris par les pompiers, mais en vain. Le voisinage est choqu\u00e9 de voir cette sexag\u00e9naire, vendeuse en boulangerie bien connue, dispara\u00eetre ainsi. Un m\u00e9decin l\u00e9giste a constat\u00e9 son d\u00e9c\u00e8s peu apr\u00e8s les faits.<\/p>\n<p>  Son conjoint plac\u00e9 en garde \u00e0 vue<\/p>\n<p>Selon l&rsquo;AFP,\u00a0son conjoint a \u00e9t\u00e9 plac\u00e9 en garde \u00e0 vue. D\u00e9couvert alcoolis\u00e9 dans l&rsquo;immeuble, il a indiqu\u00e9 aux enqu\u00eateurs que sa femme avait tenu des propos suicidaires avant de se d\u00e9fenestrer.\u00a0Mais des blessures jug\u00e9es suspectes, retrouv\u00e9es sur le corps de la vicitme, ont pouss\u00e9\u00a0\u00e0 l&rsquo;ouverture d&rsquo;une enqu\u00eate pour homicide.\u00a0<\/p>\n<p>En 2023, le minist\u00e8re de l&rsquo;Int\u00e9rieur a enregistr\u00e9 93 victimes de f\u00e9minicide en France.<\/p>\n<p class=\"note\">Si vous \u00eates t\u00e9moin ou victime de violences conjugales et\/ou d\u2019un danger imm\u00e9diat composez le 17. Si vous souhaitez vous confier sur de tels faits aupr\u00e8s d\u2019un interlocuteur sp\u00e9cialis\u00e9 dans le cadre d\u2019une \u00e9coute gratuite et anonyme, contactez Violence femme info au 3919. Ce service gouvernemental est accessible 7j\/7 et 24h\/24.<\/p>\n","protected":false},"excerpt":{"rendered":"Ce dimanche 18\u00a0mai, peu apr\u00e8s 21 heures, une femme s\u2019est jet\u00e9e dans le vide du 9e \u00e9tage, d\u2019un&hellip;\n","protected":false},"author":2,"featured_media":111732,"comment_status":"","ping_status":"","sticky":false,"template":"","format":"standard","meta":{"footnotes":""},"categories":[1889],"tags":[1111,11,2430,3153,1777,674,274,107,1011,27,2428,12,25,2429,23109,17092],"class_list":{"0":"post-111731","1":"post","2":"type-post","3":"status-publish","4":"format-standard","5":"has-post-thumbnail","7":"category-lyon","8":"tag-actu","9":"tag-actualites","10":"tag-auvergne-rhone-alpes","11":"tag-edition-ouest-lyonnais","12":"tag-eu","13":"tag-europe","14":"tag-faits-divers-justice","15":"tag-fil-info","16":"tag-fr","17":"tag-france","18":"tag-lyon","19":"tag-news","20":"tag-republique-francaise","21":"tag-rhone","22":"tag-rillieux-bassin","23":"tag-rillieux-la-pape"},"share_on_mastodon":{"url":"https:\/\/pubeurope.com\/@fr\/114534493945953786","error":""},"_links":{"self":[{"href":"https:\/\/www.europesays.com\/fr\/wp-json\/wp\/v2\/posts\/111731","targetHints":{"allow":["GET"]}}],"collection":[{"href":"https:\/\/www.europesays.com\/fr\/wp-json\/wp\/v2\/posts"}],"about":[{"href":"https:\/\/www.europesays.com\/fr\/wp-json\/wp\/v2\/types\/post"}],"author":[{"embeddable":true,"href":"https:\/\/www.europesays.com\/fr\/wp-json\/wp\/v2\/users\/2"}],"replies":[{"embeddable":true,"href":"https:\/\/www.europesays.com\/fr\/wp-json\/wp\/v2\/comments?post=111731"}],"version-history":[{"count":0,"href":"https:\/\/www.europesays.com\/fr\/wp-json\/wp\/v2\/posts\/111731\/revisions"}],"wp:featuredmedia":[{"embeddable":true,"href":"https:\/\/www.europesays.com\/fr\/wp-json\/wp\/v2\/media\/111732"}],"wp:attachment":[{"href":"https:\/\/www.europesays.com\/fr\/wp-json\/wp\/v2\/media?parent=111731"}],"wp:term":[{"taxonomy":"category","embeddable":true,"href":"https:\/\/www.europesays.com\/fr\/wp-json\/wp\/v2\/categories?post=111731"},{"taxonomy":"post_tag","embeddable":true,"href":"https:\/\/www.europesays.com\/fr\/wp-json\/wp\/v2\/tags?post=111731"}],"curies":[{"name":"wp","href":"https:\/\/api.w.org\/{rel}","templated":true}]}}