{"id":1117328,"date":"2026-08-09T11:10:17","date_gmt":"2026-08-09T11:10:17","guid":{"rendered":"https:\/\/www.europesays.com\/fr\/1117328\/"},"modified":"2026-08-09T11:10:17","modified_gmt":"2026-08-09T11:10:17","slug":"homme-tue-en-pleine-journee-dans-le-quartier-de-maurepas-a-rennes-quatre-ans-apres-la-date-du-proces-annoncee","status":"publish","type":"post","link":"https:\/\/www.europesays.com\/fr\/1117328\/","title":{"rendered":"Homme tu\u00e9 en pleine journ\u00e9e dans le quartier de Maurepas \u00e0 Rennes\u00a0: quatre ans apr\u00e8s, la date du proc\u00e8s annonc\u00e9e"},"content":{"rendered":"<p>\n                Article premium,<br \/>\n                    R\u00e9serv\u00e9 aux\u00a0abonn\u00e9s\n            <\/p>\n<p class=\"su-standfirst chapeau\">Le 13\u00a0juin 2022, un homme \u00e9tait tu\u00e9 d\u2019un coup au couteau au thorax dans le quartier de Maurepas \u00e0 Rennes\u00a0(Ille-et-Vilaine). Deux suspects avaient \u00e9t\u00e9 interpell\u00e9s apr\u00e8s les faits. Ils seront jug\u00e9s en d\u00e9cembre\u00a02026.<\/p>\n<p>                                        <img decoding=\"async\" class=\"su-media\" src=\"https:\/\/www.europesays.com\/fr\/wp-content\/uploads\/2026\/08\/MjAyNjA4YjBhYzc4YmNmNTM2MDhmMTU4YjVhNmRiMGY2YjhiOWU.webp\" alt=\"Un homme avait \u00e9t\u00e9 tu\u00e9 d\u2019un coup de couteau au thorax, dans le quartier de Maurepas, \u00e0 Rennes\u00a0(Ille-et-Vilaine), le 13\u00a0juin 2022.\"  \/><\/p>\n<p>                            Un homme avait \u00e9t\u00e9 tu\u00e9 d\u2019un coup de couteau au thorax, dans le quartier de Maurepas, \u00e0 Rennes\u00a0(Ille-et-Vilaine), le 13\u00a0juin 2022. | JOEL LE GALL\/OUEST-FRANCE<\/p>\n<p>                            fermer<\/p>\n<ul class=\"su-row su-carrousel-container su-not-list\" data-suswipe=\"{\" rambo=\"\" .carrousel-nav-bas=\"\" .item=\"\">\n<li class=\"su-col-xs-6 su-col-md-24 carrousel-contenu su-carrousel-item\" data-ofvwidth=\"{\" mobileonly=\"\"><img decoding=\"async\" data-ofmaxheight=\"\" class=\"su-media lazyload\" alt=\"Un homme avait \u00e9t\u00e9 tu\u00e9 d\u2019un coup de couteau au thorax, dans le quartier de Maurepas, \u00e0 Rennes\u00a0(Ille-et-Vilaine), le 13\u00a0juin 2022.\" src=\"data:image\/png;base64,iVBORw0KGgoAAAANSUhEUgAAABAAAAAJCAYAAAA7KqwyAAAAGXRFWHRTb2Z0d2FyZQBBZG9iZSBJbWFnZVJlYWR5ccllPAAAABhJREFUeNpi\/P\/\/PwMlgHHUgFEDgAAgwAD+lBrvy+NcxAAAAABJRU5ErkJggg==\" data-oflazyload=\"{&quot;srcset&quot;:&quot;https:\/\/media.ouest-france.fr\/v1\/pictures\/MjAyNjA4YjBhYzc4YmNmNTM2MDhmMTU4YjVhNmRiMGY2YjhiOWU?width=320&amp;focuspoint=50%2C25&amp;cropresize=1&amp;client_id=bpeditorial&amp;sign=47c5817da268d9751f3acbd812d39c44ed66172cec95d6de2b9830475bc9a115 320w,https:\/\/media.ouest-france.fr\/v1\/pictures\/MjAyNjA4YjBhYzc4YmNmNTM2MDhmMTU4YjVhNmRiMGY2YjhiOWU?width=375&amp;focuspoint=50%2C25&amp;cropresize=1&amp;client_id=bpeditorial&amp;sign=502e8c33c26f712a41866f15111ab2d22837b7bf67cf3355e07f94955b5e2677 360w,https:\/\/media.ouest-france.fr\/v1\/pictures\/MjAyNjA4YjBhYzc4YmNmNTM2MDhmMTU4YjVhNmRiMGY2YjhiOWU?width=480&amp;focuspoint=50%2C25&amp;cropresize=1&amp;client_id=bpeditorial&amp;sign=05a60a8c8ba36d8953f506fd592795b3b7fa4efabe787c42ae881db437d884f5 480w,https:\/\/media.ouest-france.fr\/v1\/pictures\/MjAyNjA4YjBhYzc4YmNmNTM2MDhmMTU4YjVhNmRiMGY2YjhiOWU?width=630&amp;focuspoint=50%2C25&amp;cropresize=1&amp;client_id=bpeditorial&amp;sign=9276e82e6be3481ad5de334d3961f906e1b7abf99b033234c7d73904a83d4102 630w,https:\/\/media.ouest-france.fr\/v1\/pictures\/MjAyNjA4YjBhYzc4YmNmNTM2MDhmMTU4YjVhNmRiMGY2YjhiOWU?width=940&amp;focuspoint=50%2C25&amp;cropresize=1&amp;client_id=bpeditorial&amp;sign=6937e5bb26c5fbc18fe6f88f89848bfeaf794a95e08ea6af448ec7632102f0a3 940w,https:\/\/media.ouest-france.fr\/v1\/pictures\/MjAyNjA4YjBhYzc4YmNmNTM2MDhmMTU4YjVhNmRiMGY2YjhiOWU?width=1260&amp;focuspoint=50%2C25&amp;cropresize=1&amp;client_id=bpeditorial&amp;sign=dbb5003d5fac73e0e03885e425a46247d1c7cb9f5318fb9f83aac83370927e1f 1260w&quot;}\"\/>Un homme avait \u00e9t\u00e9 tu\u00e9 d\u2019un coup de couteau au thorax, dans le quartier de Maurepas, \u00e0 Rennes\u00a0(Ille-et-Vilaine), le 13\u00a0juin 2022. | JOEL LE GALL\/OUEST-FRANCE<\/li>\n<\/ul>\n<p data-ofstats-scroll=\"read_depth_20\">Il est 18\u00a0h, ce 13\u00a0juin 2022, dans le quartier de Maurepas, \u00e0 Rennes\u00a0(Ille-et-Vilaine). Hakim Gill Lewis et un de ses amis, \u00e2g\u00e9 de 23\u00a0ans, circulent en voiture avenue de Rochester. Les deux hommes sont impliqu\u00e9s dans le trafic de stup\u00e9fiants et font partie du clan Lewis.<\/p>\n<p>Sur leur route, ils croisent deux hommes issus d\u2019un clan rival, Ahmed Boumaza, et Rapha\u00ebl Bacar. Rapidement, les esprits s\u2019\u00e9chauffent. Selon les \u00e9l\u00e9ments de l\u2019enqu\u00eate, le second aurait alors&#8230;<\/p>\n<p style=\"text-align: center; background-color: #dbbe4d; padding-top: 5px; padding-bottom: 5px; font-size: 14px;\"><strong>D\u00e9j\u00e0 abonn\u00e9 ? <\/strong><a data-trkartmonet=\"Identification\" data-trk-sipa=\"{\" blockcategory=\"\" paywall=\"\" href=\"http:\/\/www.ouest-france.fr\/login?redirect=https:\/\/www.ouest-france.fr\/faits-divers\/meurtres\/homme-tue-en-pleine-journee-dans-le-quartier-de-maurepas-a-rennes-quatre-ans-apres-la-date-du-proces-annoncee-8168045a-925f-11f1-8bae-616c424ae7e0\" rel=\"nofollow noopener\" title=\"Se connecter \u00e0 Ouest-France\" class=\"su-link-light\" target=\"_blank\">Connectez-vous<\/a><\/p>\n<p style=\"text-align: center; padding-top: 15px; padding-bottom: 8px; vertical-align: bottom;\">bloqu\u00e9<strong> Pour lire la suite, abonnez-vous<\/strong><\/p>\n<p style=\"text-align: center;\"><strong>1er mois \u00e0 1\u20ac<\/strong><\/p>\n<p style=\"text-align: center; margin-top: -5px;\">Annulable \u00e0 tout moment<\/p>\n<p style=\"text-align: center;\">\u00a0<\/p>\n<p style=\"text-align: center;\"><a data-ida=\"\" data-trkartmonet=\"Tunnel OF+\" data-trk-sipa=\"{&#010;\" blockcategory=\"\" paywall=\"\" :=\"\" m=\"\" of=\"\" class=\"su-button su-subscription\" data-trk-bloc=\"paywall\" href=\"https:\/\/abonnement.ouest-france.fr\/tunnel\/pack-essentiel-article\/122096117101?int_medium=lien&amp;int_campaign=PWFR0225-OF&amp;int_content=page-article-payant_boutonjaune-paywall&amp;marquesource=OF&amp;rt=https:\/\/www.ouest-france.fr\/faits-divers\/meurtres\/homme-tue-en-pleine-journee-dans-le-quartier-de-maurepas-a-rennes-quatre-ans-apres-la-date-du-proces-annoncee-8168045a-925f-11f1-8bae-616c424ae7e0\" rel=\"nofollow noopener\" target=\"_blank\"><strong>Je m&rsquo;abonne<\/strong><\/a><\/p>\n<p style=\"text-align: center; padding-top: 10px; padding-bottom: 10px;\"><img decoding=\"async\" src=\"https:\/\/media.ouest-france.fr\/v1\/fonts\/be7723fcee3f1866f1ce99184077fc6f-carte-bancaire.svg?height=36\" alt=\"CB\"\/>\u00a0\u00a0<img decoding=\"async\" src=\"https:\/\/media.ouest-france.fr\/v1\/fonts\/1819d54c599d8afa64539cfba4ac9dde-rib.svg?height=36\" alt=\"RIB\"\/>\u00a0\u00a0<img decoding=\"async\" src=\"https:\/\/media.ouest-france.fr\/v1\/fonts\/065fc80d7b6a03d14a834c224ce723e1-paypal.svg?height=36\" alt=\"PAYPAL\"\/><\/p>\n","protected":false},"excerpt":{"rendered":"Article premium, R\u00e9serv\u00e9 aux\u00a0abonn\u00e9s Le 13\u00a0juin 2022, un homme \u00e9tait tu\u00e9 d\u2019un coup au couteau au thorax dans&hellip;\n","protected":false},"author":2,"featured_media":1117329,"comment_status":"","ping_status":"","sticky":false,"template":"","format":"standard","meta":{"footnotes":"","_share_on_mastodon":"0"},"categories":[2821],"tags":[1111,11,829,1777,674,118,1011,27,303,28152,12,584,25],"class_list":["post-1117328","post","type-post","status-publish","format-standard","has-post-thumbnail","category-rennes","tag-actu","tag-actualites","tag-bretagne","tag-eu","tag-europe","tag-faits-divers","tag-fr","tag-france","tag-justice","tag-meurtres","tag-news","tag-rennes","tag-republique-francaise"],"share_on_mastodon":{"url":"https:\/\/pubeurope.com\/@fr\/117065250272563817","error":""},"_links":{"self":[{"href":"https:\/\/www.europesays.com\/fr\/wp-json\/wp\/v2\/posts\/1117328","targetHints":{"allow":["GET"]}}],"collection":[{"href":"https:\/\/www.europesays.com\/fr\/wp-json\/wp\/v2\/posts"}],"about":[{"href":"https:\/\/www.europesays.com\/fr\/wp-json\/wp\/v2\/types\/post"}],"author":[{"embeddable":true,"href":"https:\/\/www.europesays.com\/fr\/wp-json\/wp\/v2\/users\/2"}],"replies":[{"embeddable":true,"href":"https:\/\/www.europesays.com\/fr\/wp-json\/wp\/v2\/comments?post=1117328"}],"version-history":[{"count":0,"href":"https:\/\/www.europesays.com\/fr\/wp-json\/wp\/v2\/posts\/1117328\/revisions"}],"wp:featuredmedia":[{"embeddable":true,"href":"https:\/\/www.europesays.com\/fr\/wp-json\/wp\/v2\/media\/1117329"}],"wp:attachment":[{"href":"https:\/\/www.europesays.com\/fr\/wp-json\/wp\/v2\/media?parent=1117328"}],"wp:term":[{"taxonomy":"category","embeddable":true,"href":"https:\/\/www.europesays.com\/fr\/wp-json\/wp\/v2\/categories?post=1117328"},{"taxonomy":"post_tag","embeddable":true,"href":"https:\/\/www.europesays.com\/fr\/wp-json\/wp\/v2\/tags?post=1117328"}],"curies":[{"name":"wp","href":"https:\/\/api.w.org\/{rel}","templated":true}]}}