{"id":111737,"date":"2025-05-19T12:29:12","date_gmt":"2025-05-19T12:29:12","guid":{"rendered":"https:\/\/www.europesays.com\/fr\/111737\/"},"modified":"2025-05-19T12:29:12","modified_gmt":"2025-05-19T12:29:12","slug":"marc-olivier-fogiel-de-retour-sur-rtl-dans-la-matinale","status":"publish","type":"post","link":"https:\/\/www.europesays.com\/fr\/111737\/","title":{"rendered":"Marc-Olivier Fogiel de retour sur RTL, dans la matinale"},"content":{"rendered":"<p class=\"paragraph text_align_left\">Entre la station et lui, c\u2019est une grande histoire. <a href=\"https:\/\/www.leparisien.fr\/culture-loisirs\/tv\/television-apres-herve-beroud-et-marc-olivier-fogiel-vague-de-departs-a-bfmtv-13-10-2024-WN4KDDGJ4VCW5F6KU42ODYA4DU.php\" target=\"_blank\" rel=\"noreferrer nofollow noopener\">Marc-Olivier Fogiel<\/a> fera son retour sur RTL \u00e0 la rentr\u00e9e prochaine. Le journaliste de 55 ans prendra les commandes de l\u2019interview de 8h15 au sein de la matinale, jusqu\u2019ici pr\u00e9sent\u00e9e par <a href=\"https:\/\/www.leparisien.fr\/culture-loisirs\/tv\/humour-complicite-aisance-premiere-reussie-pour-thomas-sotto-aux-commandes-de-la-matinale-de-rtl-29-08-2024-TINSWNHYDJA7ZIONBMFUTGA7CI.php\" target=\"_blank\" rel=\"noreferrer nofollow noopener\">Amandine B\u00e9got<\/a>.<\/p>\n<p class=\"paragraph text_align_left\">Cette derni\u00e8re quitte le r\u00e9veil de la station et r\u00e9cup\u00e8re \u00ab RTL Midi \u00bb et \u00ab Les auditeurs ont la parole \u00bb, en remplacement d\u2019\u00c9ric Brunet. \u00c0 compter de la rentr\u00e9e, Thomas Sotto sera donc seul aux commandes de la tranche du matin.<\/p>\n<p class=\"paragraph text_align_left\">Cette interview c\u00e9l\u00e8bre le grand retour sur les ondes du c\u00e9l\u00e8bre homme m\u00e9diatique, qui a d\u00e9marr\u00e9 sa carri\u00e8re \u00e0 RTL en 1985, pour d\u00e9livrer les r\u00e9sultats des courses hippiques sous pseudonyme. Vingt ans plus tard, et une carri\u00e8re t\u00e9l\u00e9vis\u00e9e qui a explos\u00e9 entre Canal + et France 3, avec un passage sur France Inter en parall\u00e8le, Marc-Olivier Fogiel revient sur la station de ses d\u00e9buts en 2005. Pendant trois ans, apr\u00e8s le journal de 8 heures, il pr\u00e9sente d\u00e9j\u00e0 des entretiens au sein de la matinale.<\/p>\n<p>Un livre avec \u00c9ric Dupond-Moretti pour la rentr\u00e9e<\/p>\n<p class=\"paragraph text_align_left\">D\u00e9bauch\u00e9 par Europe 1, il prend les commandes du 7 heures-9h30 de cette station d\u00e8s ao\u00fbt 2009 et jusqu\u2019en f\u00e9vrier 2011. Mais un peu plus d\u2019un an plus tard, \u00e0 la rentr\u00e9e 2012, Marc-Olivier Fogiel fait son retour\u2026 \u00c0 nouveau sur RTL ! Fini alors le matin, cette fois c\u2019est en fin de journ\u00e9e qu\u2019officie le journaliste. Pendant sept ans, il pilote avec succ\u00e8s le 18 heures-20 heures, partag\u00e9 entre \u00ab RTL Soir \u00bb et \u00ab On refait le monde \u00bb.<\/p>\n<p class=\"paragraph text_align_left\">En 2019, celui qui avait d\u00e9clar\u00e9 en juin 2000 \u00e0 \u00ab T\u00e9l\u00e9 Star \u00bb r\u00eaver de diriger les programmes d\u2019une cha\u00eene de t\u00e9l\u00e9vision y parvient puisqu\u2019il devient directeur g\u00e9n\u00e9ral de BFMTV. Exit donc la lumi\u00e8re des projecteurs, l\u2019homme travaille en coulisses, ne sortant du bois m\u00e9diatiquement que pour \u00e9voquer la cha\u00eene d\u2019information en continu.<\/p>\n<p class=\"paragraph text_align_left\"><a href=\"https:\/\/www.leparisien.fr\/culture-loisirs\/tv\/ete-chahute-departs-en-cascade-avenir-incertain-pourquoi-bfmtv-entame-une-semaine-decisive-29-09-2024-4I422NQQOZDLTIQPDIRYNLB6NE.php?ts=1728759486557\" target=\"_blank\" rel=\"noreferrer nofollow noopener\">Un poste occup\u00e9 pendant cinq ans<\/a> avant de c\u00e9der sa place \u00e0 Fabien Namias et de se restreindre \u00e0 une pause m\u00e9diatique, tout en \u00e9crivant malgr\u00e9 tout un livre attendu pour la rentr\u00e9e prochaine avec \u00c9ric Dupond-Moretti, sur le passage de celui-ci au minist\u00e8re de la Justice. Jusqu\u2019\u00e0 cette proposition de RTL, marquant le retour du Fogiel public.<\/p>\n","protected":false},"excerpt":{"rendered":"Entre la station et lui, c\u2019est une grande histoire. Marc-Olivier Fogiel fera son retour sur RTL \u00e0 la&hellip;\n","protected":false},"author":2,"featured_media":111738,"comment_status":"","ping_status":"","sticky":false,"template":"","format":"standard","meta":{"footnotes":""},"categories":[1888],"tags":[1111,1928,11,1927,872,1777,674,1011,27,12,1926,626,1925,25,2205],"class_list":{"0":"post-111737","1":"post","2":"type-post","3":"status-publish","4":"format-standard","5":"has-post-thumbnail","7":"category-paris","8":"tag-actu","9":"tag-actu-paris","10":"tag-actualites","11":"tag-actualites-paris","12":"tag-culture-et-loisirs","13":"tag-eu","14":"tag-europe","15":"tag-fr","16":"tag-france","17":"tag-news","18":"tag-news-paris","19":"tag-paris","20":"tag-paris-news","21":"tag-republique-francaise","22":"tag-television-medias"},"share_on_mastodon":{"url":"https:\/\/pubeurope.com\/@fr\/114534505795193881","error":""},"_links":{"self":[{"href":"https:\/\/www.europesays.com\/fr\/wp-json\/wp\/v2\/posts\/111737","targetHints":{"allow":["GET"]}}],"collection":[{"href":"https:\/\/www.europesays.com\/fr\/wp-json\/wp\/v2\/posts"}],"about":[{"href":"https:\/\/www.europesays.com\/fr\/wp-json\/wp\/v2\/types\/post"}],"author":[{"embeddable":true,"href":"https:\/\/www.europesays.com\/fr\/wp-json\/wp\/v2\/users\/2"}],"replies":[{"embeddable":true,"href":"https:\/\/www.europesays.com\/fr\/wp-json\/wp\/v2\/comments?post=111737"}],"version-history":[{"count":0,"href":"https:\/\/www.europesays.com\/fr\/wp-json\/wp\/v2\/posts\/111737\/revisions"}],"wp:featuredmedia":[{"embeddable":true,"href":"https:\/\/www.europesays.com\/fr\/wp-json\/wp\/v2\/media\/111738"}],"wp:attachment":[{"href":"https:\/\/www.europesays.com\/fr\/wp-json\/wp\/v2\/media?parent=111737"}],"wp:term":[{"taxonomy":"category","embeddable":true,"href":"https:\/\/www.europesays.com\/fr\/wp-json\/wp\/v2\/categories?post=111737"},{"taxonomy":"post_tag","embeddable":true,"href":"https:\/\/www.europesays.com\/fr\/wp-json\/wp\/v2\/tags?post=111737"}],"curies":[{"name":"wp","href":"https:\/\/api.w.org\/{rel}","templated":true}]}}