{"id":111739,"date":"2025-05-19T12:30:09","date_gmt":"2025-05-19T12:30:09","guid":{"rendered":"https:\/\/www.europesays.com\/fr\/111739\/"},"modified":"2025-05-19T12:30:09","modified_gmt":"2025-05-19T12:30:09","slug":"un-sexagenaire-entre-la-vie-et-la-mort-apres-une-collision-avec-un-taxi-qui-a-fonce-dans-une-vitrine","status":"publish","type":"post","link":"https:\/\/www.europesays.com\/fr\/111739\/","title":{"rendered":"Un sexag\u00e9naire entre la vie et la mort apr\u00e8s une collision avec un taxi qui a fonc\u00e9 dans une vitrine"},"content":{"rendered":"<p>AFP Videos &#8211; France<\/p>\n<p><a class=\"Td(n) C($inherit) LineClamp(2,45px) D(f) rapidnofollow\" data-uuid=\"5d236c7b-ca12-3957-8183-22f73fb0d098\" href=\"https:\/\/fr.news.yahoo.com\/france-dote-dun-m%C3%A9morial-victimes-130447404.html\" data-ylk=\"elm:hdln;itc:0;pos:1;sec:strm;subsec:moreforyou;cpos:24;ct:video;g:5d236c7b-ca12-3957-8183-22f73fb0d098\" data-hosted-type=\"HOSTED\" target=\"_blank\" rel=\"noopener\">La France se dote d&rsquo;un m\u00e9morial aux victimes homosexuelles de la d\u00e9portation<\/a><\/p>\n<p class=\"M(0) C($summaryColor) Fz(14px) Lh(1.43em) LineClamp(3,60px)\">Un m\u00e9morial en hommage aux victimes homosexuelles de la d\u00e9portation et aux victimes LGBT+ \u00ab\u00a0\u00e0 travers l&rsquo;Histoire\u00a0\u00bb a \u00e9t\u00e9 inaugur\u00e9 samedi \u00e0 Paris \u00e0 l&rsquo;occasion de la journ\u00e9e internationale de lutte contre les LGBTphobies.\u00a0\u00bbReconna\u00eetre, c&rsquo;est dire +cela s&rsquo;est produit+ et dire +nous ne voulons pas que cela se reproduise+\u00a0\u00bb, a d\u00e9clar\u00e9 la maire socialiste de Paris Anne Hidalgo lors de l&rsquo;inauguration. \u00ab\u00a0Il y a l&rsquo;obligation de lutter contre la n\u00e9gation ou l&rsquo;att\u00e9nuation.\u00a0\u00bbCe travail est d&rsquo;autant plus \u00ab\u00a0fort qu&rsquo;il \u00ab\u00a0y a aujourd&rsquo;hui des vents contraires, puissants, extr\u00eamement dangereux qui voudraient nier cette diversit\u00e9-l\u00e0\u00a0\u00bb, a-t-elle ajout\u00e9.\u00a0Con\u00e7u par l&rsquo;artiste Jean-Luc Verna, le m\u00e9morial &#8211; une immense \u00e9toile noire en acier de plus de trois tonnes &#8211; a \u00e9t\u00e9 install\u00e9 dans les jardins du port de l&rsquo;Arsenal pr\u00e8s de la place de la Bastille.\u00a0\u00bbLa face noire de l&rsquo;\u00e9toile ce sont les corps qui ont \u00e9t\u00e9 calcin\u00e9s, c&rsquo;est le deuil, c&rsquo;est aussi une ombre qui nous dit que les choses peuvent arriver de nouveau\u00a0\u00bb, a expliqu\u00e9 l&rsquo;artiste. \u00ab\u00a0Et l&rsquo;autre face, le miroir, c&rsquo;est le pr\u00e9sent, avec les couleurs du temps qui passe et le ciel de Paris qui change aussi vite que l&rsquo;opinion publique peut se retourner\u00a0\u00bb.\u00a0Contrairement \u00e0 Sydney, Barcelone ou Amsterdam, le choix d&rsquo;un monument en forme de triangle rose &#8211; symbole cousu par les nazis sur les uniformes des d\u00e9tenus homosexuels dans les camps &#8211; n&rsquo;a pas \u00e9t\u00e9 retenu dans un souci d&rsquo;inclure les victimes actuelles.\u00a0\u00ab\u00a0C&rsquo;est important que ce m\u00e9morial ne soit pas un simple hommage symbolique mais un outil de transmission, un acte de reconnaissance publique et un espace de questionnement sur les discriminations pass\u00e9es mais aussi sur celles qui perdurent aujourd&rsquo;hui\u00a0\u00bb, a insist\u00e9 le pr\u00e9sident de l&rsquo;association \u00ab\u00a0Les Oubli\u00e9.es de la m\u00e9moire\u00a0\u00bb, Jean-Baptiste Trieu.\u00a0Cet espace doit nous \u00ab\u00a0rappeler que les droits ne sont jamais d\u00e9finitivement acquis, que les haines savent se r\u00e9inventer et que notre responsabilit\u00e9 est de rester debout ensemble.\u00a0\u00bbSelon les estimations, entre 5.000 et 15.000 personnes ont \u00e9t\u00e9 d\u00e9port\u00e9es \u00e0 l&rsquo;\u00e9chelle europ\u00e9enne par le r\u00e9gime nazi pendant la Seconde Guerre mondiale en raison de leur homosexualit\u00e9.\u00a0Pour la France, les chiffres des associations et des historiens varient entre une soixantaine et 200 personnes homosexuelles d\u00e9port\u00e9es.\u00a0L&rsquo;inauguration de ce m\u00e9morial constitue la derni\u00e8re \u00e9tape en date dans le processus de reconnaissance de ce pan de l&rsquo;Histoire pendant longtemps m\u00e9connu ou pass\u00e9 sous silence avant les prises de parole officielles de Lionel Jospin, alors Premier ministre, en 2001, puis du pr\u00e9sident Jacques Chirac en 2005. \u00a0mep\/ito\/mpm<\/p>\n","protected":false},"excerpt":{"rendered":"AFP Videos &#8211; France La France se dote d&rsquo;un m\u00e9morial aux victimes homosexuelles de la d\u00e9portation Un m\u00e9morial&hellip;\n","protected":false},"author":2,"featured_media":111740,"comment_status":"","ping_status":"","sticky":false,"template":"","format":"standard","meta":{"footnotes":""},"categories":[1888],"tags":[1111,1928,11,1927,23110,1777,674,1011,27,23111,12,1926,626,1925,25,16647],"class_list":{"0":"post-111739","1":"post","2":"type-post","3":"status-publish","4":"format-standard","5":"has-post-thumbnail","7":"category-paris","8":"tag-actu","9":"tag-actu-paris","10":"tag-actualites","11":"tag-actualites-paris","12":"tag-chauffeur-de-taxi","13":"tag-eu","14":"tag-europe","15":"tag-fr","16":"tag-france","17":"tag-la-voiture","18":"tag-news","19":"tag-news-paris","20":"tag-paris","21":"tag-paris-news","22":"tag-republique-francaise","23":"tag-sexagenaire"},"share_on_mastodon":{"url":"https:\/\/pubeurope.com\/@fr\/114534509628735100","error":""},"_links":{"self":[{"href":"https:\/\/www.europesays.com\/fr\/wp-json\/wp\/v2\/posts\/111739","targetHints":{"allow":["GET"]}}],"collection":[{"href":"https:\/\/www.europesays.com\/fr\/wp-json\/wp\/v2\/posts"}],"about":[{"href":"https:\/\/www.europesays.com\/fr\/wp-json\/wp\/v2\/types\/post"}],"author":[{"embeddable":true,"href":"https:\/\/www.europesays.com\/fr\/wp-json\/wp\/v2\/users\/2"}],"replies":[{"embeddable":true,"href":"https:\/\/www.europesays.com\/fr\/wp-json\/wp\/v2\/comments?post=111739"}],"version-history":[{"count":0,"href":"https:\/\/www.europesays.com\/fr\/wp-json\/wp\/v2\/posts\/111739\/revisions"}],"wp:featuredmedia":[{"embeddable":true,"href":"https:\/\/www.europesays.com\/fr\/wp-json\/wp\/v2\/media\/111740"}],"wp:attachment":[{"href":"https:\/\/www.europesays.com\/fr\/wp-json\/wp\/v2\/media?parent=111739"}],"wp:term":[{"taxonomy":"category","embeddable":true,"href":"https:\/\/www.europesays.com\/fr\/wp-json\/wp\/v2\/categories?post=111739"},{"taxonomy":"post_tag","embeddable":true,"href":"https:\/\/www.europesays.com\/fr\/wp-json\/wp\/v2\/tags?post=111739"}],"curies":[{"name":"wp","href":"https:\/\/api.w.org\/{rel}","templated":true}]}}