{"id":11174,"date":"2025-04-08T21:31:18","date_gmt":"2025-04-08T21:31:18","guid":{"rendered":"https:\/\/www.europesays.com\/fr\/11174\/"},"modified":"2025-04-08T21:31:18","modified_gmt":"2025-04-08T21:31:18","slug":"ille-et-vilaine-une-centaine-de-migrants-expulses-dun-gymnase-municipal-a-rennes","status":"publish","type":"post","link":"https:\/\/www.europesays.com\/fr\/11174\/","title":{"rendered":"Ille-et-Vilaine. Une centaine de migrants expuls\u00e9s d&rsquo;un gymnase municipal \u00e0 Rennes"},"content":{"rendered":"<p>Au plus fort, quelque 170 personnes y \u00e9taient recens\u00e9es. La centaine restant dans un gymnase municipal de Rennes ont \u00e9t\u00e9 expuls\u00e9s, ce lundi. Depuis fin novembre 2024, \u00ab des personnes pour la plupart exil\u00e9es, sans solution d&rsquo;h\u00e9bergement, ont trouv\u00e9 refuge dans le gymnase F\u00e9lix-Masson, dans des conditions pr\u00e9caires \u00bb, rappelle la mairie de Rennes, propri\u00e9taire du gymnase, dans un communiqu\u00e9.<\/p>\n<p>En raison de probl\u00e8mes de s\u00e9curit\u00e9 et de conditions de vie insalubres, la municipalit\u00e9 avait demand\u00e9 l&rsquo;\u00e9vacuation du gymnase au tribunal administratif, qui avait donn\u00e9 aux occupants jusqu&rsquo;au 21 mars pour quitter les lieux. \u00ab Faute d\u2019\u00e9volution de la situation depuis cette date, la municipalit\u00e9 a sollicit\u00e9 le concours de la force publique \u00bb, explique la pr\u00e9fecture d&rsquo;Ille-et-Vilaine, pr\u00e9cisant que l&rsquo;op\u00e9ration s&rsquo;est d\u00e9roul\u00e9e sans incident.<\/p>\n<p>\u00ab Beaucoup d&rsquo;enfants en tr\u00e8s bas \u00e2ge \u00bb<\/p>\n<p>Selon la mairie, un recensement des personnes pr\u00e9sentes dans le gymnase avait identifi\u00e9 une dizaine de familles avec enfants mineurs. En lien avec la pr\u00e9fecture, \u00ab en charge de l&rsquo;h\u00e9bergement d&rsquo;urgence \u00bb, la ville de Rennes et le Conseil d\u00e9partemental ont recherch\u00e9 des solutions de mise \u00e0 l&rsquo;abri des personnes les plus vuln\u00e9rables, prioritairement les familles. \u00ab Elles se sont vu proposer une solution d&rsquo;h\u00e9bergement \u00e0 partir de ce lundi 7 avril au soir \u00bb, indique la mairie.<\/p>\n<p>\u00ab Il restait une petite centaine de personnes \u00bb dans le gymnase, \u00ab o\u00f9 elles habitaient sous des tentes et dans des conditions de vie tr\u00e8s pr\u00e9caires \u00bb, a pr\u00e9cis\u00e9 l&rsquo;association Utopia 56, qui vient en aide aux personnes exil\u00e9es et vivant dans la rue. Selon Suzanne Mamet, coordinatrice de l&rsquo;association \u00e0 Rennes, les solutions d&rsquo;h\u00e9bergement d&rsquo;urgence propos\u00e9es lundi sont souvent limit\u00e9es \u00e0 une dur\u00e9e d&rsquo;une semaine, \u00ab donc derri\u00e8re, \u00e7a fera des retours \u00e0 la rue directement apr\u00e8s \u00bb.<\/p>\n<p>Un grand nombre de personnes seules ainsi qu&rsquo;une famille \u00e9taient d\u00e9pourvues de solutions d&rsquo;h\u00e9bergement. Elles devraient rejoindre quelque 70 personnes qui vivent d\u00e9j\u00e0 sous des tentes dans un parc du nord de Rennes, dont une cinquantaine d&rsquo;enfants, a d\u00e9clar\u00e9 Suzanne Mamet. Outre des mineurs non accompagn\u00e9s, on compte parmi eux \u00ab beaucoup d&rsquo;enfants en tr\u00e8s bas \u00e2ge \u00bb, dont neuf sont \u00e2g\u00e9s de moins de trois ans, souligne-t-elle.<\/p>\n","protected":false},"excerpt":{"rendered":"Au plus fort, quelque 170 personnes y \u00e9taient recens\u00e9es. La centaine restant dans un gymnase municipal de Rennes&hellip;\n","protected":false},"author":2,"featured_media":11175,"comment_status":"","ping_status":"","sticky":false,"template":"","format":"standard","meta":{"footnotes":""},"categories":[2821],"tags":[1111,11,829,1777,674,107,1011,27,329,12,584,25,801,104],"class_list":{"0":"post-11174","1":"post","2":"type-post","3":"status-publish","4":"format-standard","5":"has-post-thumbnail","7":"category-rennes","8":"tag-actu","9":"tag-actualites","10":"tag-bretagne","11":"tag-eu","12":"tag-europe","13":"tag-fil-info","14":"tag-fr","15":"tag-france","16":"tag-france-monde","17":"tag-news","18":"tag-rennes","19":"tag-republique-francaise","20":"tag-social","21":"tag-societe"},"share_on_mastodon":{"url":"https:\/\/pubeurope.com\/@fr\/114304482322247621","error":""},"_links":{"self":[{"href":"https:\/\/www.europesays.com\/fr\/wp-json\/wp\/v2\/posts\/11174","targetHints":{"allow":["GET"]}}],"collection":[{"href":"https:\/\/www.europesays.com\/fr\/wp-json\/wp\/v2\/posts"}],"about":[{"href":"https:\/\/www.europesays.com\/fr\/wp-json\/wp\/v2\/types\/post"}],"author":[{"embeddable":true,"href":"https:\/\/www.europesays.com\/fr\/wp-json\/wp\/v2\/users\/2"}],"replies":[{"embeddable":true,"href":"https:\/\/www.europesays.com\/fr\/wp-json\/wp\/v2\/comments?post=11174"}],"version-history":[{"count":0,"href":"https:\/\/www.europesays.com\/fr\/wp-json\/wp\/v2\/posts\/11174\/revisions"}],"wp:featuredmedia":[{"embeddable":true,"href":"https:\/\/www.europesays.com\/fr\/wp-json\/wp\/v2\/media\/11175"}],"wp:attachment":[{"href":"https:\/\/www.europesays.com\/fr\/wp-json\/wp\/v2\/media?parent=11174"}],"wp:term":[{"taxonomy":"category","embeddable":true,"href":"https:\/\/www.europesays.com\/fr\/wp-json\/wp\/v2\/categories?post=11174"},{"taxonomy":"post_tag","embeddable":true,"href":"https:\/\/www.europesays.com\/fr\/wp-json\/wp\/v2\/tags?post=11174"}],"curies":[{"name":"wp","href":"https:\/\/api.w.org\/{rel}","templated":true}]}}