{"id":1117426,"date":"2026-08-09T12:16:24","date_gmt":"2026-08-09T12:16:24","guid":{"rendered":"https:\/\/www.europesays.com\/fr\/1117426\/"},"modified":"2026-08-09T12:16:24","modified_gmt":"2026-08-09T12:16:24","slug":"maxence-chanat-et-merisier-animateurs-du-grand-prix-de-la-ville","status":"publish","type":"post","link":"https:\/\/www.europesays.com\/fr\/1117426\/","title":{"rendered":"Maxence Chanat et Merisier, animateurs du Grand Prix de la ville"},"content":{"rendered":"<p>Mercredi 5 ao\u00fbt, pour le dernier jour de la f\u00eate votive, le Cercle taurin de Castries organisait le Grand Prix de la ville, course comptant pour le Troph\u00e9e des As. Sept taureaux \u00e9taient engag\u00e9s face \u00e0 huit raseteurs, sous la pr\u00e9sidence de Nicolas Manchon, du club taurin Le Trident.<\/p>\n<p>D\u00e8s les premiers coups de barri\u00e8re, le ton \u00e9tait donn\u00e9 : rapidit\u00e9 et exp\u00e9rience, tant c\u00f4t\u00e9 raseteurs que c\u00f4t\u00e9 taureaux, promettaient une course de haut niveau. Un jeu subtil s\u2019est install\u00e9, certaines b\u00eates r\u00e9duisant leur rythme et se pla\u00e7ant avec soin pour laisser venir tourneurs et raseteurs, tandis que la chaleur intense de l\u2019apr\u00e8s-midi obligeait chacun \u00e0 doser ses efforts.<\/p>\n<p><b>Les Arl\u00e9siennes cl\u00f4turent la f\u00eate votive<\/b><\/p>\n<p>Les ar\u00e8nes, remplies \u00e0 88 % pour une entr\u00e9e de 800 personnes, ont vibr\u00e9 jusqu\u2019au bout, le public \u00e9tant appel\u00e9 \u00e0 \u00e9lire le meilleur animateur de la course. Verdict : le jeune gaucher Maxence Chanat a \u00e9t\u00e9 d\u00e9sign\u00e9 meilleur raseteur du jour, tandis que Merisier, de la manade Le Brestalou, a \u00e9t\u00e9 \u00e9lu meilleur taureau. La distinction de meilleur bayle gardian est elle aussi revenue \u00e0 la manade Le Brestalou.<\/p>\n<p>Au classement du Troph\u00e9e des As, Marignan s\u2019impose avec 9,5 points, devant Na\u00efm (7), Chanat (4), Katif (3,5) et F. Martin (3). C\u00f4t\u00e9 raseteurs droitiers, Katif, Marignan, F. Martin et Zidus \u00e9taient engag\u00e9s, tandis que Chanat, T. Charrade, Na\u00efm et Oufkir repr\u00e9sentaient les gauchers, \u00e9paul\u00e9s par les tourneurs Alavoine, Cartabade, Jockin et Mutray.<\/p>\n<p>Comme le veut la tradition, la remise des prix s\u2019est d\u00e9roul\u00e9e au son de la pe\u00f1a La Mala\u00efgue d\u2019or, sous le d\u00e9fil\u00e9 des Arl\u00e9siennes, cl\u00f4turant en beaut\u00e9 la f\u00eate votive castriote.<\/p>\n<p>Correspondant Midi Libre : 06 61 97 88 84<\/p>\n","protected":false},"excerpt":{"rendered":"Mercredi 5 ao\u00fbt, pour le dernier jour de la f\u00eate votive, le Cercle taurin de Castries organisait le&hellip;\n","protected":false},"author":2,"featured_media":1117427,"comment_status":"","ping_status":"","sticky":false,"template":"","format":"standard","meta":{"footnotes":"","_share_on_mastodon":"0"},"categories":[9599],"tags":[1111,11,3062,29264,1777,674,1011,27,7089,2208,12,2680,25,517],"class_list":["post-1117426","post","type-post","status-publish","format-standard","has-post-thumbnail","category-montpellier","tag-actu","tag-actualites","tag-autres-sports","tag-castries","tag-eu","tag-europe","tag-fr","tag-france","tag-herault","tag-montpellier","tag-news","tag-occitanie","tag-republique-francaise","tag-sport"],"share_on_mastodon":{"url":"https:\/\/pubeurope.com\/@fr\/117065507421718430","error":""},"_links":{"self":[{"href":"https:\/\/www.europesays.com\/fr\/wp-json\/wp\/v2\/posts\/1117426","targetHints":{"allow":["GET"]}}],"collection":[{"href":"https:\/\/www.europesays.com\/fr\/wp-json\/wp\/v2\/posts"}],"about":[{"href":"https:\/\/www.europesays.com\/fr\/wp-json\/wp\/v2\/types\/post"}],"author":[{"embeddable":true,"href":"https:\/\/www.europesays.com\/fr\/wp-json\/wp\/v2\/users\/2"}],"replies":[{"embeddable":true,"href":"https:\/\/www.europesays.com\/fr\/wp-json\/wp\/v2\/comments?post=1117426"}],"version-history":[{"count":0,"href":"https:\/\/www.europesays.com\/fr\/wp-json\/wp\/v2\/posts\/1117426\/revisions"}],"wp:featuredmedia":[{"embeddable":true,"href":"https:\/\/www.europesays.com\/fr\/wp-json\/wp\/v2\/media\/1117427"}],"wp:attachment":[{"href":"https:\/\/www.europesays.com\/fr\/wp-json\/wp\/v2\/media?parent=1117426"}],"wp:term":[{"taxonomy":"category","embeddable":true,"href":"https:\/\/www.europesays.com\/fr\/wp-json\/wp\/v2\/categories?post=1117426"},{"taxonomy":"post_tag","embeddable":true,"href":"https:\/\/www.europesays.com\/fr\/wp-json\/wp\/v2\/tags?post=1117426"}],"curies":[{"name":"wp","href":"https:\/\/api.w.org\/{rel}","templated":true}]}}