{"id":111743,"date":"2025-05-19T12:32:07","date_gmt":"2025-05-19T12:32:07","guid":{"rendered":"https:\/\/www.europesays.com\/fr\/111743\/"},"modified":"2025-05-19T12:32:07","modified_gmt":"2025-05-19T12:32:07","slug":"vole-en-1988-au-cimetiere-du-pere-lachaise-le-buste-de-la-tombe-de-jim-morrison-a-ete-retrouve","status":"publish","type":"post","link":"https:\/\/www.europesays.com\/fr\/111743\/","title":{"rendered":"vol\u00e9 en 1988 au cimeti\u00e8re du P\u00e8re-Lachaise, le buste de la tombe de Jim Morrison a \u00e9t\u00e9 retrouv\u00e9"},"content":{"rendered":"<p>            Par<br \/>\n        <strong><br \/>\n            <a href=\"https:\/\/actu.fr\/auteur\/redaction-paris\" title=\"Consulter tous les articles de R\u00e9daction Paris\" target=\"_blank\" rel=\"noopener\">R\u00e9daction Paris<\/a><br \/>\n        <\/strong><\/p>\n<p>        Publi\u00e9 le<\/p>\n<p>            19 mai 2025 \u00e0 14h29        <\/p>\n<p>Il \u00e9tait port\u00e9 disparu depuis plus 35\u00a0ans. Le <strong>buste de Jim Morrison<\/strong>, vol\u00e9 en 1988 au <a href=\"https:\/\/actu.fr\/tag\/cimetiere-du-pere-lachaise\" target=\"_blank\" rel=\"noopener\">cimeti\u00e8re du P\u00e8re-Lachaise<\/a> \u00e0 Paris, a \u00e9t\u00e9 retrouv\u00e9 par hasard, a annonc\u00e9 la police sur ses r\u00e9seaux sociaux samedi 17\u00a0mai 2025.<\/p>\n<p>Retrouv\u00e9 par hasard<\/p>\n<p class=\" wall-content\">L\u2019imposante sculpture du chanteur des Doors, r\u00e9alis\u00e9e par l\u2019artiste croate Mladen Mikulin, avait \u00e9t\u00e9 <strong>d\u00e9rob\u00e9e il y a 37\u00a0ans<\/strong> dans le cimeti\u00e8re parisien. Install\u00e9 pour les dix ans de la mort de Jim Morrison, il a donc \u00e9t\u00e9 retrouv\u00e9 par la brigade financi\u00e8re et anticorruption de la direction de la police judiciaire de la pr\u00e9fecture de police de Paris, a appris l\u2019AFP de source proche du dossier, confirmant une information de la radio <a href=\"https:\/\/www.rtl.fr\/\" target=\"_blank\" rel=\"noopener\">RTL<\/a>.<\/p>\n<p class=\" wall-content\"><a href=\"https:\/\/www.instagram.com\/p\/DJuPS2ponll\/embed\" title=\"Ouvrir le lien sur Instagram\" target=\"_blank\" rel=\"noopener\">Visualiser le contenu sur Instagram<\/a><\/p>\n<p class=\" wall-content\">Selon la radio, il a \u00e9t\u00e9 d\u00e9couvert de <strong>mani\u00e8re fortuite<\/strong> au cours d\u2019une perquisition diligent\u00e9e dans une affaire d\u2019escroquerie par le <a href=\"https:\/\/actu.fr\/tag\/tribunal-de-paris\" target=\"_blank\" rel=\"noopener\">parquet de Paris<\/a>. Depuis combien de temps \u00e9tait il l\u00e0\u2009? Les personnes qui l\u2019avaient d\u00e9rob\u00e9 ont-elles \u00e9t\u00e9 interpell\u00e9es\u2009? Est-il pass\u00e9 entre plusieurs mains\u2009? Autant de questions qui restent pour l\u2019heure sans r\u00e9ponse.<\/p>\n<p class=\" wall-content\">Pour rappel, le rocker am\u00e9ricain, chanteur mythique des Doors, est d\u00e9c\u00e9d\u00e9 \u00e0 Paris en juillet\u00a01971. Selon la version officielle, Jim Morrison est <a href=\"https:\/\/actu.fr\/ile-de-france\/paris_75056\/le-jour-ou-le-chanteur-jim-morrison-est-mort-a-paris_43122262.html\" target=\"_blank\" rel=\"noopener\">mort dans sa baignoire \u00e0 27\u00a0ans<\/a>, d\u2019un arr\u00eat cardiaque. Mais, depuis quelques ann\u00e9es, une autre musique se fait entendre\u2009: le journaliste et \u00e9crivain Sam Bernett affirme dans ses livres que l\u2019ic\u00f4ne a fait une <strong>overdose dans les toilettes<\/strong> d\u2019une bo\u00eete de nuit parisienne, le \u00ab\u2009Rock\u2019n\u2019Roll Circus\u2009\u00bb.<\/p>\n<p class=\" wall-content\">Avec AFP.<\/p>\n<p>Vid\u00e9os : en ce moment sur Actu<\/p>\n<p class=\" wall-content\">Suivez toute l\u2019actualit\u00e9 de vos villes et m\u00e9dias favoris en vous inscrivant \u00e0 <a href=\"https:\/\/moncompte.actu.fr\" title=\"D\u00e9couvez Mon Actu\" rel=\"nofollow noopener\" data-trk=\"{&quot;cta&quot;:{&quot;action&quot;:&quot;https:\\\/\\\/moncompte.actu.fr&quot;,&quot;category&quot;:&quot;mon compte&quot;,&quot;from&quot;:&quot;article footer&quot;,&quot;name&quot;:&quot;Mon actu&quot;,&quot;type&quot;:&quot;cta&quot;}}\" target=\"_blank\">Mon Actu<\/a>.<\/p>\n<ul class=\"ac-article-tag wall-content\">\n<li><a href=\"https:\/\/actu.fr\/tag\/cimetiere-du-pere-lachaise\" data-trk=\"{&quot;cta&quot;:{&quot;action&quot;:&quot;Cimeti\\u00e8re du P\\u00e8re-Lachaise&quot;,&quot;category&quot;:&quot;tag&quot;,&quot;from&quot;:&quot;article footer&quot;,&quot;name&quot;:&quot;Cimeti\\u00e8re du P\\u00e8re-Lachaise&quot;,&quot;type&quot;:&quot;cta&quot;}}\" target=\"_blank\" rel=\"noopener\">#Cimeti\u00e8re du P\u00e8re-Lachaise<\/a><\/li>\n<\/ul>\n<p>                    <script async src=\"\/\/www.instagram.com\/embed.js\"><\/script><\/p>\n","protected":false},"excerpt":{"rendered":"Par R\u00e9daction Paris Publi\u00e9 le 19 mai 2025 \u00e0 14h29 Il \u00e9tait port\u00e9 disparu depuis plus 35\u00a0ans. Le&hellip;\n","protected":false},"author":2,"featured_media":111744,"comment_status":"","ping_status":"","sticky":false,"template":"","format":"standard","meta":{"footnotes":""},"categories":[1888],"tags":[11,14944,1777,674,118,1011,27,12,626,25],"class_list":{"0":"post-111743","1":"post","2":"type-post","3":"status-publish","4":"format-standard","5":"has-post-thumbnail","7":"category-paris","8":"tag-actualites","9":"tag-cimetiere-du-pere-lachaise","10":"tag-eu","11":"tag-europe","12":"tag-faits-divers","13":"tag-fr","14":"tag-france","15":"tag-news","16":"tag-paris","17":"tag-republique-francaise"},"share_on_mastodon":{"url":"https:\/\/pubeurope.com\/@fr\/114534517549490511","error":""},"_links":{"self":[{"href":"https:\/\/www.europesays.com\/fr\/wp-json\/wp\/v2\/posts\/111743","targetHints":{"allow":["GET"]}}],"collection":[{"href":"https:\/\/www.europesays.com\/fr\/wp-json\/wp\/v2\/posts"}],"about":[{"href":"https:\/\/www.europesays.com\/fr\/wp-json\/wp\/v2\/types\/post"}],"author":[{"embeddable":true,"href":"https:\/\/www.europesays.com\/fr\/wp-json\/wp\/v2\/users\/2"}],"replies":[{"embeddable":true,"href":"https:\/\/www.europesays.com\/fr\/wp-json\/wp\/v2\/comments?post=111743"}],"version-history":[{"count":0,"href":"https:\/\/www.europesays.com\/fr\/wp-json\/wp\/v2\/posts\/111743\/revisions"}],"wp:featuredmedia":[{"embeddable":true,"href":"https:\/\/www.europesays.com\/fr\/wp-json\/wp\/v2\/media\/111744"}],"wp:attachment":[{"href":"https:\/\/www.europesays.com\/fr\/wp-json\/wp\/v2\/media?parent=111743"}],"wp:term":[{"taxonomy":"category","embeddable":true,"href":"https:\/\/www.europesays.com\/fr\/wp-json\/wp\/v2\/categories?post=111743"},{"taxonomy":"post_tag","embeddable":true,"href":"https:\/\/www.europesays.com\/fr\/wp-json\/wp\/v2\/tags?post=111743"}],"curies":[{"name":"wp","href":"https:\/\/api.w.org\/{rel}","templated":true}]}}