{"id":111747,"date":"2025-05-19T12:34:09","date_gmt":"2025-05-19T12:34:09","guid":{"rendered":"https:\/\/www.europesays.com\/fr\/111747\/"},"modified":"2025-05-19T12:34:09","modified_gmt":"2025-05-19T12:34:09","slug":"vitrimont-concert-en-soutien-a-lukraine-ce-dimanche","status":"publish","type":"post","link":"https:\/\/www.europesays.com\/fr\/111747\/","title":{"rendered":"Vitrimont. Concert en soutien \u00e0 l\u2019Ukraine ce dimanche"},"content":{"rendered":"<p>La municipalit\u00e9 propose un concert de l\u2019ensemble ukrainien Czeremzsyna de la ville de Ternopil le samedi 24\u00a0mai \u00e0 15\u00a0h \u00e0 l\u2019\u00e9glise. Une occasion de d\u00e9couvrir le folklore ukrainien avec au programme de la musique vari\u00e9e, classique, sacr\u00e9e et de vari\u00e9t\u00e9 mais \u00e9galement des danses traditionnelles en costumes.<\/p>\n<p>L\u2019entr\u00e9e sera gratuite. Sur place un stand de souvenirs ukrainiens ainsi qu\u2019un panier pour dons libres au profit des orphelinats et bless\u00e9s ukrainiens seront \u00e0 disposition.<\/p>\n","protected":false},"excerpt":{"rendered":"La municipalit\u00e9 propose un concert de l\u2019ensemble ukrainien Czeremzsyna de la ville de Ternopil le samedi 24\u00a0mai \u00e0&hellip;\n","protected":false},"author":2,"featured_media":111748,"comment_status":"","ping_status":"","sticky":false,"template":"","format":"standard","meta":{"footnotes":""},"categories":[1590],"tags":[11,7110,1687,1707,1777,674,12,3140,220,20096],"class_list":{"0":"post-111747","1":"post","2":"type-post","3":"status-publish","4":"format-standard","5":"has-post-thumbnail","7":"category-ukraine","8":"tag-actualites","9":"tag-cc-du-territoire-de-luneville-a-baccarat-54a","10":"tag-culture-loisirs","11":"tag-edition-luneville","12":"tag-eu","13":"tag-europe","14":"tag-news","15":"tag-spectacle","16":"tag-ukraine","17":"tag-vitrimont"},"share_on_mastodon":{"url":"https:\/\/pubeurope.com\/@fr\/114534525675324275","error":""},"_links":{"self":[{"href":"https:\/\/www.europesays.com\/fr\/wp-json\/wp\/v2\/posts\/111747","targetHints":{"allow":["GET"]}}],"collection":[{"href":"https:\/\/www.europesays.com\/fr\/wp-json\/wp\/v2\/posts"}],"about":[{"href":"https:\/\/www.europesays.com\/fr\/wp-json\/wp\/v2\/types\/post"}],"author":[{"embeddable":true,"href":"https:\/\/www.europesays.com\/fr\/wp-json\/wp\/v2\/users\/2"}],"replies":[{"embeddable":true,"href":"https:\/\/www.europesays.com\/fr\/wp-json\/wp\/v2\/comments?post=111747"}],"version-history":[{"count":0,"href":"https:\/\/www.europesays.com\/fr\/wp-json\/wp\/v2\/posts\/111747\/revisions"}],"wp:featuredmedia":[{"embeddable":true,"href":"https:\/\/www.europesays.com\/fr\/wp-json\/wp\/v2\/media\/111748"}],"wp:attachment":[{"href":"https:\/\/www.europesays.com\/fr\/wp-json\/wp\/v2\/media?parent=111747"}],"wp:term":[{"taxonomy":"category","embeddable":true,"href":"https:\/\/www.europesays.com\/fr\/wp-json\/wp\/v2\/categories?post=111747"},{"taxonomy":"post_tag","embeddable":true,"href":"https:\/\/www.europesays.com\/fr\/wp-json\/wp\/v2\/tags?post=111747"}],"curies":[{"name":"wp","href":"https:\/\/api.w.org\/{rel}","templated":true}]}}