{"id":111756,"date":"2025-05-19T12:39:32","date_gmt":"2025-05-19T12:39:32","guid":{"rendered":"https:\/\/www.europesays.com\/fr\/111756\/"},"modified":"2025-05-19T12:39:32","modified_gmt":"2025-05-19T12:39:32","slug":"on-a-eu-pas-mal-de-ristournes-a-santorin-des-traces-encore-visibles-mais-des-prix-attractifs-apres-les-seismes","status":"publish","type":"post","link":"https:\/\/www.europesays.com\/fr\/111756\/","title":{"rendered":"\u00ab\u00a0On a eu pas mal de ristournes\u00a0\u00bb : \u00e0 Santorin, des traces encore visibles mais des prix attractifs apr\u00e8s les s\u00e9ismes"},"content":{"rendered":"<p>L&rsquo;\u00eele de Santorin, en Gr\u00e8ce, est l&rsquo;une des plus ch\u00e8res des Cyclades.Mais les h\u00f4tels affichent de fortes r\u00e9ductions apr\u00e8s les s\u00e9ismes qui l&rsquo;ont secou\u00e9e en f\u00e9vrier dernier.Une \u00e9quipe de TF1 s&rsquo;est rendue sur place.<a href=\"https:\/\/www.tf1info.fr\/emissions\/tf1\/le-20h-11001\/\" rel=\"noopener\" class=\"jsx-3118104007 Link jsx-1428418400 jsx-640816507\" target=\"_blank\"><\/p>\n<p style=\"font-weight:400\" class=\"jsx-1837267516\">Suivez la couverture compl\u00e8te<\/p>\n<p style=\"font-weight:800\" class=\"jsx-1837267516\">Le 20H<\/p>\n<p><\/a><\/p>\n<p data-module=\"article-paragraph\" class=\"jsx-362436225 Paragraph Paragraph__End\">Quelques jours avant l&rsquo;ouverture de la haute saison, le port d&rsquo;Ammo\u00fadi, au nord-ouest de l&rsquo;\u00eele de Santorin, est en effervescence. Les restaurants s&rsquo;appr\u00eatent \u00e0 accueillir les touristes. Alex, le chef du Basalt, remplit le garde-manger avec un sentiment teint\u00e9 d&rsquo;incertitude. \u00ab\u00a0Vous pensez qu&rsquo;il va y avoir du monde ?\u00a0\u00bb, l&rsquo;interroge notre journaliste. Un haussement d&rsquo;\u00e9paules en guise de r\u00e9ponse. Le lieu, l&rsquo;un des plus pris\u00e9s de Santorin, porte encore la trace des r\u00e9cents s\u00e9ismes. Cela ne semble pas d\u00e9ranger cette vacanci\u00e8re am\u00e9ricaine qui descend avec pr\u00e9caution un escalier victime des secousses. \u00ab\u00a0Je ne sais pas comment ils vont r\u00e9parer \u00e7a, \u00e7a a l&rsquo;air dangereux, commente-t-elle face \u00e0 notre cam\u00e9ra.<\/p>\n<p data-module=\"article-paragraph\" class=\"jsx-362436225 Paragraph Paragraph__End\">Le petit port vient seulement de rouvrir aux embarcations, apr\u00e8s trois mois de fermeture en raison de risques d&rsquo;\u00e9boulements. En f\u00e9vrier dernier, plus de 150 secousses quotidiennes avaient \u00e9t\u00e9 enregistr\u00e9es, provoquant par pr\u00e9caution la fermeture des \u00e9coles et l&rsquo;\u00e9vacuation des habitants.\u00a0<\/p>\n<ul class=\"jsx-3657663356 ReadMoreArticle__List flex flex-column\">\n<li class=\"jsx-3657663356\"><a href=\"https:\/\/www.tf1info.fr\/international\/video-tf1-ca-tremble-constamment-apres-des-seismes-a-repetition-touristes-et-habitants-fuient-l-ile-grecque-de-santorin-2348788.html\" rel=\"noopener\" class=\"jsx-4233824444 Link flex\" target=\"_blank\"><img decoding=\"async\" src=\"https:\/\/www.europesays.com\/fr\/wp-content\/uploads\/2025\/05\/les-evacuations-se-succedent-a-santorin-4b1363-0@1x.jpeg\" alt=\"Les \u00e9vacuations se succ\u00e8dent \u00e0 Santorin. \" loading=\"lazy\" importance=\"low\" fetchpriority=\"low\" class=\"\"\/>\n<p class=\"jsx-3657663356 ReadMoreArticle__Title\">Lire aussi<\/p>\n<p class=\"jsx-3657663356\">\u00ab\u00a0\u00c7a tremble constamment\u00a0\u00bb : apr\u00e8s des s\u00e9ismes \u00e0 r\u00e9p\u00e9tition, touristes et habitants fuient l&rsquo;\u00eele grecque de Santorin<\/p>\n<p><\/a><\/li>\n<\/ul>\n<p data-module=\"article-paragraph\" class=\"jsx-362436225 Paragraph\">En ce milieu du mois de mai, Costas Papazachos, sismologue, rejoint son bureau de l&rsquo;Institut d&rsquo;\u00e9tude et de surveillance du volcan de Santorin. \u00ab\u00a0C&rsquo;est un gros d\u00e9tecteur de mouvements, explique-t-il en montrant un appareil pos\u00e9 au sol. Il d\u00e9tecte les tremblements de terre importants. En Gr\u00e8ce, statistiquement, nous avons chaque ann\u00e9e des tremblements de terre de 6,3 sur l&rsquo;\u00e9chelle de Richter, parfois plus, ce n&rsquo;est pas comme en France ou en Angleterre. Pendant trois semaines, \u00e7a a \u00e9t\u00e9 tr\u00e8s difficile, nous avons eu de nombreuses secousses tectoniques, mais maintenant, c&rsquo;est revenu \u00e0 notre niveau habituel.\u00a0\u00bb<\/p>\n<p data-module=\"article-paragraph\" class=\"jsx-362436225 Paragraph Paragraph__End\">Depuis le bateau qui transporte les premiers touristes, le reportage du 20H de TF1 visible en t\u00eate de cet article montre les villages comme en \u00e9quilibre, et les falaises dont la seule observation des strates raconte l&rsquo;histoire de Santorin, comme un millefeuille volcanique. Ce paysage unique fait de maisons blanches et de lave a attir\u00e9 l&rsquo;\u00e9t\u00e9 dernier pr\u00e8s de 3,5 millions de vacanciers venus du monde entier.\u00a0<\/p>\n<p>\u00ab\u00a0Nous louons moins de chambres, et on les loue moins cher\u00a0\u00bb<\/p>\n<p data-module=\"article-paragraph\" class=\"jsx-362436225 Paragraph\">\u00c0 Oia, tout au nord de l&rsquo;\u00eele, Marios Despositis g\u00e8re l&rsquo;h\u00f4tel cr\u00e9\u00e9 par son grand-p\u00e8re. Vue spectaculaire, neuf chambres dont certaines sont encore libres, fait rarissime pour la saison. \u00ab\u00a0Il y a eu une baisse soudaine des r\u00e9servations qui a commenc\u00e9 en m\u00eame temps que les tremblements de terre, assure-t-il. Nous avons une diminution des r\u00e9servations d&rsquo;environ 25% par rapport \u00e0 l&rsquo;ann\u00e9e derni\u00e8re \u00e0 la m\u00eame p\u00e9riode. Cela signifie que nous louons moins de chambres, et on les loue moins cher.\u00a0\u00bb<\/p>\n<p data-module=\"article-paragraph\" class=\"jsx-362436225 Paragraph Paragraph__End\">En ce moment, afin de maintenir un taux de fr\u00e9quentation indispensable \u00e0 leur \u00e9quilibre \u00e9conomique, les h\u00f4tels affichent des r\u00e9ductions allant jusqu&rsquo;\u00e0 40%. Certains n&rsquo;ont pas h\u00e9sit\u00e9 \u00e0 saisir l&rsquo;opportunit\u00e9. \u00ab\u00a0On s&rsquo;y est pris \u00e0 la\u00a0derni\u00e8re minute, on a eu pas mal de ristournes, donc c&rsquo;est pas mal\u00a0\u00bb, assure un Fran\u00e7ais rencontr\u00e9 par notre \u00e9quipe. \u00ab\u00a0C&rsquo;est peut-\u00eatre \u00e0 cause du tremblement de terre qu&rsquo;il y a eu ?\u00a0\u00bb, le relance-t-on. \u00ab\u00a0Je ne sais pas, c&rsquo;est vrai que l&rsquo;avion n&rsquo;\u00e9tait pas plein quand m\u00eame\u00a0\u00bb.<\/p>\n<p>La r\u00e9daction de TF1info  | Reportage S\u00e9bastien RENOUIL, Philippe VERON<\/p>\n","protected":false},"excerpt":{"rendered":"L&rsquo;\u00eele de Santorin, en Gr\u00e8ce, est l&rsquo;une des plus ch\u00e8res des Cyclades.Mais les h\u00f4tels affichent de fortes r\u00e9ductions&hellip;\n","protected":false},"author":2,"featured_media":111757,"comment_status":"","ping_status":"","sticky":false,"template":"","format":"standard","meta":{"footnotes":""},"categories":[1586],"tags":[1111,11,1921,1777,674,1779,1011,27,8906,1922,2952,12,25,7965,1778,364,133,1920],"class_list":{"0":"post-111756","1":"post","2":"type-post","3":"status-publish","4":"format-standard","5":"has-post-thumbnail","7":"category-europe","8":"tag-actu","9":"tag-actualites","10":"tag-article-video","11":"tag-eu","12":"tag-europe","13":"tag-european-union","14":"tag-fr","15":"tag-france","16":"tag-grece","17":"tag-info","18":"tag-le-20h","19":"tag-news","20":"tag-republique-francaise","21":"tag-seisme","22":"tag-ue","23":"tag-union-europeenne","24":"tag-video","25":"tag-video-international"},"share_on_mastodon":{"url":"https:\/\/pubeurope.com\/@fr\/114534545120582715","error":""},"_links":{"self":[{"href":"https:\/\/www.europesays.com\/fr\/wp-json\/wp\/v2\/posts\/111756","targetHints":{"allow":["GET"]}}],"collection":[{"href":"https:\/\/www.europesays.com\/fr\/wp-json\/wp\/v2\/posts"}],"about":[{"href":"https:\/\/www.europesays.com\/fr\/wp-json\/wp\/v2\/types\/post"}],"author":[{"embeddable":true,"href":"https:\/\/www.europesays.com\/fr\/wp-json\/wp\/v2\/users\/2"}],"replies":[{"embeddable":true,"href":"https:\/\/www.europesays.com\/fr\/wp-json\/wp\/v2\/comments?post=111756"}],"version-history":[{"count":0,"href":"https:\/\/www.europesays.com\/fr\/wp-json\/wp\/v2\/posts\/111756\/revisions"}],"wp:featuredmedia":[{"embeddable":true,"href":"https:\/\/www.europesays.com\/fr\/wp-json\/wp\/v2\/media\/111757"}],"wp:attachment":[{"href":"https:\/\/www.europesays.com\/fr\/wp-json\/wp\/v2\/media?parent=111756"}],"wp:term":[{"taxonomy":"category","embeddable":true,"href":"https:\/\/www.europesays.com\/fr\/wp-json\/wp\/v2\/categories?post=111756"},{"taxonomy":"post_tag","embeddable":true,"href":"https:\/\/www.europesays.com\/fr\/wp-json\/wp\/v2\/tags?post=111756"}],"curies":[{"name":"wp","href":"https:\/\/api.w.org\/{rel}","templated":true}]}}