{"id":111758,"date":"2025-05-19T12:40:09","date_gmt":"2025-05-19T12:40:09","guid":{"rendered":"https:\/\/www.europesays.com\/fr\/111758\/"},"modified":"2025-05-19T12:40:09","modified_gmt":"2025-05-19T12:40:09","slug":"apres-la-defaite-de-laurent-wauquiez-a-la-presidence-de-lr-les-deputes-refusent-de-se-separer-de-lui-liberation","status":"publish","type":"post","link":"https:\/\/www.europesays.com\/fr\/111758\/","title":{"rendered":"Apr\u00e8s la d\u00e9faite de Laurent Wauquiez \u00e0 la pr\u00e9sidence de LR, les d\u00e9put\u00e9s refusent de se s\u00e9parer de lui \u2013 Lib\u00e9ration"},"content":{"rendered":"<p class=\"sc-ksZaOG ehjQrN text-element\">La vie politique n\u2019est qu\u2019une succession de le\u00e7ons d\u2019humilit\u00e9. Laurent Wauquiez, candidat \u00abnaturel\u00bb de LR pour la prochaine pr\u00e9sidentielle il y a encore six mois, vient \u00e0 nouveau de l\u2019apprendre. <a href=\"https:\/\/www.liberation.fr\/politique\/presidence-de-lr-les-raisons-de-lechec-de-laurent-wauquiez-20250518_34BUZPYUARBBNNDA2FQS4QCBXU\/\" target=\"_blank\" rel=\"noopener\" title=\"https:\/\/www.liberation.fr\/politique\/presidence-de-lr-les-raisons-de-lechec-de-laurent-wauquiez-20250518_34BUZPYUARBBNNDA2FQS4QCBXU\/\">S\u00e8chement battu par Bruno Retailleau pour la pr\u00e9sidence de LR<\/a>, le boss des d\u00e9put\u00e9s du parti \u00abs\u2019est plant\u00e9\u00bb, selon un proche du ministre de l\u2019Int\u00e9rieur. \u00abIl est rest\u00e9 bloqu\u00e9 dans une image du militant de 2016, la droite Trocad\u00e9ro. Les plus populistes, les plus radicaux, sont avec Ciotti, Zemmour, RN. L\u2019offre est \u00e9norme !\u00bb analyse le m\u00eame. L\u00e0 est l\u2019ironie : Wauquiez n\u2019\u00e9tait pas pr\u00e9sent lors du fameux meeting de Fran\u00e7ois Fillon en 2017, alors que <a href=\"https:\/\/www.liberation.fr\/politique\/presidence-de-lr-bruno-retailleau-lemporte-largement-face-a-laurent-wauquiez-20250518_V4SUVPZVNBHVXNMLZHPH4VXYZI\/\" target=\"_blank\" rel=\"noopener\" title=\"https:\/\/www.liberation.&lt;\/p&gt;&lt;\/div&gt;&lt;\/article&gt;&lt;\/div&gt;&lt;div data-fusion-lazy-id=\" f0f8vgvlad832fw=\"\"><\/p>\n","protected":false},"excerpt":{"rendered":"La vie politique n\u2019est qu\u2019une succession de le\u00e7ons d\u2019humilit\u00e9. Laurent Wauquiez, candidat \u00abnaturel\u00bb de LR pour la prochaine&hellip;\n","protected":false},"author":2,"featured_media":111759,"comment_status":"","ping_status":"","sticky":false,"template":"","format":"standard","meta":{"footnotes":""},"categories":[2],"tags":[11,1011,27,5639,3228,12,25],"class_list":{"0":"post-111758","1":"post","2":"type-post","3":"status-publish","4":"format-standard","5":"has-post-thumbnail","7":"category-actualites","8":"tag-actualites","9":"tag-fr","10":"tag-france","11":"tag-laurent-wauquiez","12":"tag-lr","13":"tag-news","14":"tag-republique-francaise"},"share_on_mastodon":{"url":"https:\/\/pubeurope.com\/@fr\/114534549024801876","error":""},"_links":{"self":[{"href":"https:\/\/www.europesays.com\/fr\/wp-json\/wp\/v2\/posts\/111758","targetHints":{"allow":["GET"]}}],"collection":[{"href":"https:\/\/www.europesays.com\/fr\/wp-json\/wp\/v2\/posts"}],"about":[{"href":"https:\/\/www.europesays.com\/fr\/wp-json\/wp\/v2\/types\/post"}],"author":[{"embeddable":true,"href":"https:\/\/www.europesays.com\/fr\/wp-json\/wp\/v2\/users\/2"}],"replies":[{"embeddable":true,"href":"https:\/\/www.europesays.com\/fr\/wp-json\/wp\/v2\/comments?post=111758"}],"version-history":[{"count":0,"href":"https:\/\/www.europesays.com\/fr\/wp-json\/wp\/v2\/posts\/111758\/revisions"}],"wp:featuredmedia":[{"embeddable":true,"href":"https:\/\/www.europesays.com\/fr\/wp-json\/wp\/v2\/media\/111759"}],"wp:attachment":[{"href":"https:\/\/www.europesays.com\/fr\/wp-json\/wp\/v2\/media?parent=111758"}],"wp:term":[{"taxonomy":"category","embeddable":true,"href":"https:\/\/www.europesays.com\/fr\/wp-json\/wp\/v2\/categories?post=111758"},{"taxonomy":"post_tag","embeddable":true,"href":"https:\/\/www.europesays.com\/fr\/wp-json\/wp\/v2\/tags?post=111758"}],"curies":[{"name":"wp","href":"https:\/\/api.w.org\/{rel}","templated":true}]}}