{"id":1117601,"date":"2026-08-09T14:31:15","date_gmt":"2026-08-09T14:31:15","guid":{"rendered":"https:\/\/www.europesays.com\/fr\/1117601\/"},"modified":"2026-08-09T14:31:15","modified_gmt":"2026-08-09T14:31:15","slug":"annemasse-tennis-premiers-echanges-sur-les-courts-a-lopen-dete-le-dauphine-libere","status":"publish","type":"post","link":"https:\/\/www.europesays.com\/fr\/1117601\/","title":{"rendered":"Annemasse. Tennis : premiers \u00e9changes sur les courts \u00e0 l\u2019open d\u2019\u00e9t\u00e9 &#8211; Le Dauphin\u00e9 Lib\u00e9r\u00e9"},"content":{"rendered":"<ol>\n<li><a href=\"https:\/\/news.google.com\/rss\/articles\/CBMinwFBVV95cUxNOGl2a0lqWTFLRWtNMURaM3FkdS1vRkF4cEtlc1g0YndaZW53ZHp4VGttOS1qMEdxU1lfYWZ1OS1HM0lmSDN6eEE5OWZGVWhLU2ZOM19UcnRLOGtZUWhjT1lVc2FOMVZETzBIa3ZXT29ZcllPa0FSMmNCMFl0bmstZUpHbjRTNFg3cEZ2d29RdVdmVlJKYUtwd056OVA1U1k?oc=5\" target=\"_blank\" rel=\"nofollow noopener\">Annemasse. Tennis : premiers \u00e9changes sur les courts \u00e0 l\u2019open d\u2019\u00e9t\u00e9<\/a>&nbsp;&nbsp;Le Dauphin\u00e9 Lib\u00e9r\u00e9<\/li>\n<li><a href=\"https:\/\/news.google.com\/rss\/articles\/CBMiqgFBVV95cUxNZk5FWGtWbW4zdGVxNEZoblZoQ0pQNXoyZDFiTV9yck5oaUdJbWZfeG8tby0zUXhBOHhIbUlXbUxSTElMXzU2M2oyS29ocXZ2MkhjSEtFMFBQTkV1WFVKY09reGNXZzJpT3hINHYwdzRkRFVKNjhIQzdqaTBjclVvckxMQnNHcVJBUEg5ck9zMFVtTzkwamQ1OHhqbzFjRmcta1dPTGJiOFpHdw?oc=5\" target=\"_blank\" rel=\"nofollow noopener\">Clap de fin pour le traditionnel tournoi de Tennis annuel<\/a>&nbsp;&nbsp;Midi Libre<\/li>\n<li><a href=\"https:\/\/news.google.com\/rss\/articles\/CBMinAFBVV95cUxNRmtldVlDTHBsQ3lCN2V1Ym9NMFZnY1A4LVM0WmloT3BLZGFXRlRsWEotQVdBY2ZKTGkwempHR2RVRzllOXc3Zm1MUVkwQndWdGh6aDAxS3psbW10Y3R1WVFqbS1FU19kM1RYUTJXLUloY0lSbURhbUtiNWVsRGotajg1WW5ua2NldFM0My1hV21vamh6aDNMMnRwQW0?oc=5\" target=\"_blank\" rel=\"nofollow noopener\">Tennis. Sophie Desmouli\u00e8res fait son retour \u00e0 Ardentes<\/a>&nbsp;&nbsp;echoduberry.fr<\/li>\n<li><a href=\"https:\/\/news.google.com\/rss\/articles\/CBMirgFBVV95cUxOQm1lcm9rZUlnOXRlNlRoNFNOdlo5VWFraW45UmhESmdoWWFSdVVaMERDZllrSW52R1hiUUFEeWdxd1Jkb3ZTYldkUlR1T1g4X3lyNkstMG9JUHctTjdUZWU1VEx0SkxFbVd6bmNQdTJoRnNuazY3V0xsR0kwekk2XzhpOTJqU3c3dUgzUGgxMGVtRGNjcWJnejFsQmZaMW5tZ1o5V294WVpITjlHUlE?oc=5\" target=\"_blank\" rel=\"nofollow noopener\">Tennis : D\u00e9but ce week-end de la 52e \u00e9dition du tournoi du TCV<\/a>&nbsp;&nbsp;ladepeche.fr<\/li>\n<li><a href=\"https:\/\/news.google.com\/rss\/articles\/CBMidkFVX3lxTFBzQS0zQ1hieXVTekJPdVdjT21xOTNHYmJ6VktWMW1va2xJWlo1enV1UzBRUks4azVOa2lSWlNIaVlEWEozRVQ0VGh0RXM4NEMtVVNkR3cxbFZfTUpwX0pYSWJFdGV6dUtMQURuaEF4a2Z1d0dZRUE?oc=5\" target=\"_blank\" rel=\"nofollow noopener\">Tournoi de tennis d&rsquo;\u00e9t\u00e9 Marciac 2026 : date, horaires, programme, tarifs<\/a>&nbsp;&nbsp;jds.fr<\/li>\n<\/ol>\n","protected":false},"excerpt":{"rendered":"Annemasse. Tennis : premiers \u00e9changes sur les courts \u00e0 l\u2019open d\u2019\u00e9t\u00e9&nbsp;&nbsp;Le Dauphin\u00e9 Lib\u00e9r\u00e9 Clap de fin pour le&hellip;\n","protected":false},"author":2,"featured_media":1117602,"comment_status":"","ping_status":"","sticky":false,"template":"","format":"standard","meta":{"footnotes":"","_share_on_mastodon":"0"},"categories":[1415],"tags":[4634,4636,4637,1011,27,60,1467],"class_list":["post-1117601","post","type-post","status-publish","format-standard","has-post-thumbnail","category-tennis","tag-annemasse","tag-annemasse-bassin","tag-edition-grand-geneve-chablais-ain","tag-fr","tag-france","tag-sports","tag-tennis"],"share_on_mastodon":{"url":"https:\/\/pubeurope.com\/@fr\/117066038428967601","error":""},"_links":{"self":[{"href":"https:\/\/www.europesays.com\/fr\/wp-json\/wp\/v2\/posts\/1117601","targetHints":{"allow":["GET"]}}],"collection":[{"href":"https:\/\/www.europesays.com\/fr\/wp-json\/wp\/v2\/posts"}],"about":[{"href":"https:\/\/www.europesays.com\/fr\/wp-json\/wp\/v2\/types\/post"}],"author":[{"embeddable":true,"href":"https:\/\/www.europesays.com\/fr\/wp-json\/wp\/v2\/users\/2"}],"replies":[{"embeddable":true,"href":"https:\/\/www.europesays.com\/fr\/wp-json\/wp\/v2\/comments?post=1117601"}],"version-history":[{"count":0,"href":"https:\/\/www.europesays.com\/fr\/wp-json\/wp\/v2\/posts\/1117601\/revisions"}],"wp:featuredmedia":[{"embeddable":true,"href":"https:\/\/www.europesays.com\/fr\/wp-json\/wp\/v2\/media\/1117602"}],"wp:attachment":[{"href":"https:\/\/www.europesays.com\/fr\/wp-json\/wp\/v2\/media?parent=1117601"}],"wp:term":[{"taxonomy":"category","embeddable":true,"href":"https:\/\/www.europesays.com\/fr\/wp-json\/wp\/v2\/categories?post=1117601"},{"taxonomy":"post_tag","embeddable":true,"href":"https:\/\/www.europesays.com\/fr\/wp-json\/wp\/v2\/tags?post=1117601"}],"curies":[{"name":"wp","href":"https:\/\/api.w.org\/{rel}","templated":true}]}}