{"id":1117684,"date":"2026-08-09T15:35:16","date_gmt":"2026-08-09T15:35:16","guid":{"rendered":"https:\/\/www.europesays.com\/fr\/1117684\/"},"modified":"2026-08-09T15:35:16","modified_gmt":"2026-08-09T15:35:16","slug":"la-syrie-conclut-un-accord-avec-la-russie-sur-lavenir-de-deux-bases","status":"publish","type":"post","link":"https:\/\/www.europesays.com\/fr\/1117684\/","title":{"rendered":"La Syrie conclut un accord avec la Russie sur l&rsquo;avenir de deux bases"},"content":{"rendered":"<p> La Syrie et la Russie sont parvenues \u00e0 un accord sur l\u2019avenir de deux bases strat\u00e9giques situ\u00e9es sur la c\u00f4te m\u00e9diterran\u00e9enne, qui mettra d\u00e9finitivement fin \u00e0 leur utilisation en tant qu\u2019avant-postes militaires par Moscou, a d\u00e9clar\u00e9 dimanche le minist\u00e8re syrien des Affaires \u00e9trang\u00e8res.<\/p>\n<p>La Russie a \u00e9t\u00e9 le principal alli\u00e9 politique et militaire du pr\u00e9sident d\u00e9chu Bachar al-Assad de 2011 \u00e0 2024, p\u00e9riode durant laquelle la Syrie a combattu une opposition arm\u00e9e dirig\u00e9e par des islamistes, dont l\u2019actuel pr\u00e9sident par int\u00e9rim Ahmad al-Sharaa \u00e9tait l\u2019un des principaux chefs de file. <\/p>\n<p>Tout au long du conflit, la base a\u00e9rienne de Hmeimem, pr\u00e8s de Lattaqui\u00e9, et la base navale de Tartous ont constitu\u00e9 des avant-postes russes cl\u00e9s en M\u00e9diterran\u00e9e orientale. <\/p>\n<p>En vertu de cet accord, la Syrie prendra le contr\u00f4le de la base a\u00e9rienne de Hmeimem et du poste d\u2019amarrage commercial du port de Tartous dans le cadre de son administration civile. Les installations militaires de ces deux sites deviendront des \u00abcentres conjoints de formation et de qualification\u00bb, a pr\u00e9cis\u00e9 le minist\u00e8re des Affaires \u00e9trang\u00e8res. <\/p>\n<p>Ces nouvelles dispositions constituent une \u00abr\u00e9organisation de la pr\u00e9sence russe\u00bb le long de la c\u00f4te syrienne, a pr\u00e9cis\u00e9 le minist\u00e8re.<\/p>\n<p>\u00abCette d\u00e9cision marque l\u2019\u00e9volution la plus significative depuis le d\u00e9but des n\u00e9gociations il y a environ un an et demi, ouvrant la voie \u00e0 une nouvelle phase dans les relations syro-russes\u00bb, peut-on lire dans un communiqu\u00e9.<\/p>\n<p>La Russie n\u2019a pas imm\u00e9diatement comment\u00e9 cet accord.<\/p>\n<p>Moscou n\u2019est pas intervenue lors du soul\u00e8vement \u00e9clair qui a conduit au renversement d\u2019Assad, mais elle a accord\u00e9 l\u2019asile au dirigeant syrien de longue date et \u00e0 sa famille. Apr\u00e8s la chute d\u2019Assad, les troupes russes encore pr\u00e9sentes en Syrie ont progressivement quitt\u00e9 le pays.<\/p>\n<p>Les nouveaux dirigeants syriens se sont attach\u00e9s \u00e0 maintenir des liens bilat\u00e9raux solides avec Moscou. M.\u00a0Al-Sharaa s\u2019est rendu \u00e0 deux reprises \u00e0 Moscou pour rencontrer le pr\u00e9sident Vladimir Poutine depuis son accession au pouvoir, les deux bases m\u00e9diterran\u00e9ennes constituant des points cl\u00e9s des discussions. <\/p>\n<p>Depuis la chute d\u2019Assad, la Syrie a \u00e9galement renforc\u00e9 ses liens avec les \u00c9tats-Unis, l\u2019Europe et les pays arabes voisins qui avaient rompu leurs relations avec Damas pendant la r\u00e9pression des manifestations men\u00e9e par Assad. Washington a lev\u00e9 la plupart de ses sanctions paralysantes \u00e0 l\u2019encontre du pays, et le pr\u00e9sident fran\u00e7ais Emmanuel Macron s\u2019est rendu en Syrie en juillet, \u00e0 l\u2019occasion d\u2019une visite au cours de laquelle il a annonc\u00e9 que les deux pays nommeraient des ambassadeurs respectifs pour la premi\u00e8re fois depuis 14\u00a0ans.<\/p>\n","protected":false},"excerpt":{"rendered":"La Syrie et la Russie sont parvenues \u00e0 un accord sur l\u2019avenir de deux bases strat\u00e9giques situ\u00e9es sur&hellip;\n","protected":false},"author":2,"featured_media":972678,"comment_status":"","ping_status":"","sticky":false,"template":"","format":"standard","meta":{"footnotes":"","_share_on_mastodon":"0"},"categories":[1591],"tags":[11,1887,1854,4576,12,1885,1886,132],"class_list":["post-1117684","post","type-post","status-publish","format-standard","has-post-thumbnail","category-russie","tag-actualites","tag-federation-de-russie","tag-https-lactualite-com-sujet-international","tag-https-lactualite-com-sujet-politique","tag-news","tag-russia","tag-russian-federation","tag-russie"],"share_on_mastodon":{"url":"https:\/\/pubeurope.com\/@fr\/117066290111630827","error":""},"_links":{"self":[{"href":"https:\/\/www.europesays.com\/fr\/wp-json\/wp\/v2\/posts\/1117684","targetHints":{"allow":["GET"]}}],"collection":[{"href":"https:\/\/www.europesays.com\/fr\/wp-json\/wp\/v2\/posts"}],"about":[{"href":"https:\/\/www.europesays.com\/fr\/wp-json\/wp\/v2\/types\/post"}],"author":[{"embeddable":true,"href":"https:\/\/www.europesays.com\/fr\/wp-json\/wp\/v2\/users\/2"}],"replies":[{"embeddable":true,"href":"https:\/\/www.europesays.com\/fr\/wp-json\/wp\/v2\/comments?post=1117684"}],"version-history":[{"count":0,"href":"https:\/\/www.europesays.com\/fr\/wp-json\/wp\/v2\/posts\/1117684\/revisions"}],"wp:featuredmedia":[{"embeddable":true,"href":"https:\/\/www.europesays.com\/fr\/wp-json\/wp\/v2\/media\/972678"}],"wp:attachment":[{"href":"https:\/\/www.europesays.com\/fr\/wp-json\/wp\/v2\/media?parent=1117684"}],"wp:term":[{"taxonomy":"category","embeddable":true,"href":"https:\/\/www.europesays.com\/fr\/wp-json\/wp\/v2\/categories?post=1117684"},{"taxonomy":"post_tag","embeddable":true,"href":"https:\/\/www.europesays.com\/fr\/wp-json\/wp\/v2\/tags?post=1117684"}],"curies":[{"name":"wp","href":"https:\/\/api.w.org\/{rel}","templated":true}]}}