{"id":111778,"date":"2025-05-19T12:52:09","date_gmt":"2025-05-19T12:52:09","guid":{"rendered":"https:\/\/www.europesays.com\/fr\/111778\/"},"modified":"2025-05-19T12:52:09","modified_gmt":"2025-05-19T12:52:09","slug":"apres-lhumour-et-le-cinema-vincent-dedienne-se-lance-dans-un-autre-domaine","status":"publish","type":"post","link":"https:\/\/www.europesays.com\/fr\/111778\/","title":{"rendered":"Apr\u00e8s l\u2019humour et le cin\u00e9ma, Vincent Dedienne se lance dans un autre domaine"},"content":{"rendered":"<p>        <img decoding=\"async\" loading=\"lazy\" src=\"https:\/\/www.europesays.com\/fr\/wp-content\/uploads\/2025\/05\/4961147_1684229084150-gettyimages-1435412534.jpg\"  width=\"728\" height=\"409\" alt=\"Le com\u00e9dien Vincent Dedienne se pr\u00e9pare \u00e0 sortir son premier album.\"\/>  <\/p>\n<p>Dominique Charriau \/ WireImage<\/p>\n<p>Le com\u00e9dien Vincent Dedienne se pr\u00e9pare \u00e0 sortir son premier album.<\/p>\n<p class=\"asset asset-text\">MUSIQUE &#8211; Une nouvelle corde \u00e0 son arc. Le com\u00e9dien <a href=\"https:\/\/www.huffingtonpost.fr\/culture\/article\/vincent-dedienne-reagit-a-son-tour-aux-propos-de-muriel-robin-sur-l-homophobie-dans-le-cinema_223531.html\" rel=\"nofollow noopener\" target=\"_blank\">Vincent Dedienne <\/a>se lance dans <a href=\"https:\/\/www.huffingtonpost.fr\/medias\/article\/dans-quotiden-vincent-dedienne-et-vianney-poussent-la-chansonnette_100494.html\" rel=\"nofollow noopener\" target=\"_blank\">la chanson<\/a> avec un premier la sortie d\u2019un premier album pr\u00e9vu \u00ab\u00a0\u00e0 l\u2019automne\u00a0\u00bb, a-t-on appris ce lundi 19\u00a0mai.<\/p>\n<p class=\"asset asset-text\">Cet opus, dont la date de sortie exacte n\u2019a pas \u00e9t\u00e9 communiqu\u00e9e, doit s\u2019intituler Un lendemain soir de gala, clin d\u2019\u0153il \u00e0 son seul en sc\u00e8ne\u00a0Un soir de gala, qui a \u00e9t\u00e9 r\u00e9compens\u00e9 d\u2019un Moli\u00e8re en 2022.<\/p>\n<p class=\"asset asset-text\">\u00ab\u00a0Pendant que je jouais mon one-man-show, j\u2019ai eu l\u2019id\u00e9e de demander \u00e0 des artistes que j\u2019aime, de choisir chacun un sketch ou un moment du spectacle et d\u2019en faire une chanson. D\u2019\u00e9crire la version musicale, la face m\u00e9lancolique de chacun de mes personnages\u00a0\u00bb, a expliqu\u00e9 Vincent Dedienne dans un communiqu\u00e9.<\/p>\n<p>    Une tourn\u00e9e de 21\u00a0dates    <\/p>\n<p class=\"asset asset-text\">Les morceaux sont sign\u00e9s de plusieurs auteurs-compositeurs-interpr\u00e8tes de renom comme Alex Beaupain, Jeanne Cherhal et <a href=\"https:\/\/www.huffingtonpost.fr\/medias\/article\/jeux-olympiques-patrick-montel-recoit-un-vibrant-hommage-de-vincent-delerm_184626.html\" rel=\"nofollow noopener\" target=\"_blank\">Vincent Delerm<\/a>. L\u2019album, qui para\u00eet sur le label ind\u00e9pendant Little Big Music, sera suivi d\u2019une tourn\u00e9e de 21 dates, en novembre et d\u00e9cembre prochains.<\/p>\n<p class=\"asset asset-text\">Vincent Dedienne avait d\u00e9j\u00e0 fait une discr\u00e8te apparition sur Je peux pas, un titre de l\u2019album Famille de Ben Mazu\u00e9, sorti en f\u00e9vrier.<\/p>\n<p class=\"asset asset-text\">Le com\u00e9dien de 38\u00a0ans s\u2019est fait conna\u00eetre avec son spectacle S\u2019il se passe quelque chose (2017) et appara\u00eet aussi \u00e0 l\u2019affiche de plusieurs films, dont Parents d\u2019\u00e9l\u00e8ve en 2020 aux c\u00f4t\u00e9s de Cam\u00e9lia Jordana et\u00a0Joli Joli\u00a0en 2024 avec Clara Luciani, toutes deux \u00e9galement chanteuses. Sur le petit \u00e9cran, il a pr\u00e9sent\u00e9 la nouvelle version d\u00e9cal\u00e9e du \u00ab\u00a0Maillon faible\u00a0\u00bb sur M6 et a particip\u00e9 \u00e0 l\u2019\u00e9mission LOL\u00a0: qui rit, sort\u00a0!, diffus\u00e9e en avril sur Amazon Prime Vid\u00e9os.<\/p>\n<p class=\"asset asset-text\"><strong>\u00c0 voir \u00e9galement sur Le HuffPost\u00a0:<\/strong><\/p>\n<p> La lecture de ce contenu est susceptible d\u2019entra\u00eener un d\u00e9p\u00f4t de cookies de la part de l\u2019op\u00e9rateur tiers qui l\u2019h\u00e9berge. Compte-tenu des choix que vous avez exprim\u00e9s en mati\u00e8re de d\u00e9p\u00f4t de cookies, nous avons bloqu\u00e9 l\u2019affichage de ce contenu. Si vous souhaitez y acc\u00e9der, vous devez accepter la cat\u00e9gorie de cookies \u201cContenus tiers\u201d en cliquant sur le bouton ci-dessous. <\/p>\n<p> Lire la Vid\u00e9o                <\/p>\n","protected":false},"excerpt":{"rendered":"Dominique Charriau \/ WireImage Le com\u00e9dien Vincent Dedienne se pr\u00e9pare \u00e0 sortir son premier album. MUSIQUE &#8211; Une&hellip;\n","protected":false},"author":2,"featured_media":111779,"comment_status":"","ping_status":"","sticky":false,"template":"","format":"standard","meta":{"footnotes":""},"categories":[1359],"tags":[251,58,59,1011,27,873,973,1347],"class_list":{"0":"post-111778","1":"post","2":"type-post","3":"status-publish","4":"format-standard","5":"has-post-thumbnail","7":"category-people","8":"tag-culture","9":"tag-divertissement","10":"tag-entertainment","11":"tag-fr","12":"tag-france","13":"tag-musique","14":"tag-people","15":"tag-theatre"},"share_on_mastodon":{"url":"https:\/\/pubeurope.com\/@fr\/114534596247885311","error":""},"_links":{"self":[{"href":"https:\/\/www.europesays.com\/fr\/wp-json\/wp\/v2\/posts\/111778","targetHints":{"allow":["GET"]}}],"collection":[{"href":"https:\/\/www.europesays.com\/fr\/wp-json\/wp\/v2\/posts"}],"about":[{"href":"https:\/\/www.europesays.com\/fr\/wp-json\/wp\/v2\/types\/post"}],"author":[{"embeddable":true,"href":"https:\/\/www.europesays.com\/fr\/wp-json\/wp\/v2\/users\/2"}],"replies":[{"embeddable":true,"href":"https:\/\/www.europesays.com\/fr\/wp-json\/wp\/v2\/comments?post=111778"}],"version-history":[{"count":0,"href":"https:\/\/www.europesays.com\/fr\/wp-json\/wp\/v2\/posts\/111778\/revisions"}],"wp:featuredmedia":[{"embeddable":true,"href":"https:\/\/www.europesays.com\/fr\/wp-json\/wp\/v2\/media\/111779"}],"wp:attachment":[{"href":"https:\/\/www.europesays.com\/fr\/wp-json\/wp\/v2\/media?parent=111778"}],"wp:term":[{"taxonomy":"category","embeddable":true,"href":"https:\/\/www.europesays.com\/fr\/wp-json\/wp\/v2\/categories?post=111778"},{"taxonomy":"post_tag","embeddable":true,"href":"https:\/\/www.europesays.com\/fr\/wp-json\/wp\/v2\/tags?post=111778"}],"curies":[{"name":"wp","href":"https:\/\/api.w.org\/{rel}","templated":true}]}}