{"id":1117803,"date":"2026-08-09T16:52:19","date_gmt":"2026-08-09T16:52:19","guid":{"rendered":"https:\/\/www.europesays.com\/fr\/1117803\/"},"modified":"2026-08-09T16:52:19","modified_gmt":"2026-08-09T16:52:19","slug":"des-affrontements-en-coulisses-quon-ne-connait-pas-mais-qui-sont-tres-durs-entre-les-deux-pays-la-fracture-se-creuse-t-elle-entre-les-etats-unis-et-israel","status":"publish","type":"post","link":"https:\/\/www.europesays.com\/fr\/1117803\/","title":{"rendered":"\u00ab\u00a0Des affrontements en coulisses qu&rsquo;on ne conna\u00eet pas mais qui sont tr\u00e8s durs entre les deux pays\u00a0\u00bb : la fracture se creuse-t-elle entre les \u00c9tats-Unis et Isra\u00ebl ?"},"content":{"rendered":"<ul class=\"jsx-25100651 ArticleChapo__List\">\n<li class=\"jsx-25100651 ArticleChapo__List_Item flex\">Dimanche, le Premier ministre isra\u00e9lien Benyamin Netanyahou a annonc\u00e9 rejeter le plan am\u00e9ricain de paix \u00e0 Gaza.<\/li>\n<li class=\"jsx-25100651 ArticleChapo__List_Item flex\">Il r\u00e9clame un v\u00e9ritable d\u00e9sarmement du Hamas pour accepter de retirer les troupes isra\u00e9liennes du territoire palestinien.<\/li>\n<li class=\"jsx-25100651 ArticleChapo__List_Item flex\">L\u2019expert en renseignement Vincent Crouzet livre son analyse sur LCI.<\/li>\n<\/ul>\n<p id=\"body-_R_17t7pm_-block-6\" data-module=\"article-paragraph\" class=\"jsx-2921227388 Paragraph\">Le plan am\u00e9ricain <a href=\"https:\/\/www.tf1info.fr\/international\/gaza-israel-benyamin-netanyahou-rejette-le-plan-americain-et-reclame-a-nouveau-un-veritable-desarmement-du-hamas-2457523.html\" rel=\"nofollow noopener\" target=\"_blank\">pour la paix \u00e0 Gaza<\/a> n\u2019a pas su convaincre Benyamin Netanyahou. Dimanche 9 ao\u00fbt, le Premier ministre isra\u00e9lien a fait savoir qu\u2019il rejetait les propositions qui avaient \u00e9t\u00e9 pr\u00e9sent\u00e9es \u00e0 la fin du mois de juillet par <a href=\"https:\/\/www.tf1info.fr\/international\/conseil-de-la-paix-de-donald-trump-qui-a-repondu-quoi-2419802.html\" rel=\"nofollow noopener\" target=\"_blank\">le \u00ab\u00a0Conseil de la paix\u00a0\u00bb de Donald Trump<\/a>. \u00ab\u00a0Aucun retrait\u00a0\u00bb des troupes isra\u00e9liennes du territoire palestinien ne sera donc fait \u00ab\u00a0tant que le Hamas ne sera pas v\u00e9ritablement d\u00e9sarm\u00e9\u00a0\u00bb.<\/p>\n<p data-module=\"article-paragraph\" class=\"jsx-2921227388 Paragraph Paragraph__End\">Cet \u00e9pisode est la suite de plusieurs frictions entre les \u00c9tats-Unis et Isra\u00ebl sur le dossier \u00e0 Gaza, mais aussi l&rsquo;Iran. \u00ab\u00a0Netanyahou et Trump dansent un dr\u00f4le de tango tous les deux depuis maintenant plusieurs mois\u00a0\u00bb, a r\u00e9agi sur LCI Vincent Crouzet, expert en renseignement et \u00e9crivain, dans une s\u00e9quence \u00e0 retrouver dans la vid\u00e9o en t\u00eate de cet article. \u00ab\u00a0Leur rencontre, leur meeting \u00e0 l\u2019occasion des fun\u00e9railles de Lindsey Graham le 29 juillet dernier n\u2019a pas \u00e9t\u00e9 optimale. On n\u2019a pas senti la coh\u00e9sion qui pouvait exister il y a encore un an\u00a0\u00bb, a-t-il ensuite soulign\u00e9.<\/p>\n<p><a href=\"https:\/\/www.tf1info.fr\/international\/plan-de-paix-pour-gaza-israel-a-transmis-ses-inquietudes-aux-etats-unis-2456534.html\" rel=\"nofollow noopener\" class=\"jsx-958316424 Link flex\" target=\"_blank\"><img decoding=\"async\" src=\"https:\/\/www.europesays.com\/fr\/wp-content\/uploads\/2026\/08\/israel-illustration-5efd13-0@1x.jpeg\" alt=\"ILLUSTRATION\" loading=\"lazy\" importance=\"low\" fetchpriority=\"low\" class=\"\" copyright=\"Getty Images\/iStockphoto\/butenkow\" aria-hidden=\"true\"\/><\/p>\n<p class=\"jsx-4054529586 ReadMoreArticle__Title\">Lire aussi<\/p>\n<p class=\"jsx-4054529586\">Plan de paix pour Gaza : Isra\u00ebl a transmis ses \u00ab\u00a0inqui\u00e9tudes\u00a0\u00bb aux \u00c9tats-Unis<\/p>\n<p><\/a><\/p>\n<p id=\"body-_R_17t7pm_-block-9\" data-module=\"article-paragraph\" class=\"jsx-2921227388 Paragraph Paragraph__End\">Au cours de l\u2019ann\u00e9e \u00e9coul\u00e9e, les \u00c9tats-Unis ont aussi, par deux fois, \u00ab\u00a0retenu le bras d\u2019Isra\u00ebl\u00a0\u00bb sur l&rsquo;Iran en demandant \u00e0 l&rsquo;\u00c9tat h\u00e9breu de cesser son offensive. \u00ab\u00a0Et puis les Isra\u00e9liens n\u2019\u00e9taient pas du tout favorables \u00e0 ce cessez-le-feu du 7 avril\u00a0\u00bb avec T\u00e9h\u00e9ran, ajoute Vincent Crouzet. \u00ab\u00a0Il y a [aussi] des bras de fer tr\u00e8s durs que se livrent \u00e0 la fois la CIA et le Mossad. [&#8230;] Il y a vraiment des affrontements en coulisses qu\u2019on ne conna\u00eet pas mais qui sont tr\u00e8s durs entre les deux pays.\u00a0\u00bb<\/p>\n","protected":false},"excerpt":{"rendered":"Dimanche, le Premier ministre isra\u00e9lien Benyamin Netanyahou a annonc\u00e9 rejeter le plan am\u00e9ricain de paix \u00e0 Gaza. Il&hellip;\n","protected":false},"author":2,"featured_media":1117804,"comment_status":"","ping_status":"","sticky":false,"template":"","format":"standard","meta":{"footnotes":"","_share_on_mastodon":"0"},"categories":[1589],"tags":[1111,11,1921,4628,952,75,73,1866,3519,1922,664,37193,12,1864,1865,1863,308,133,1920],"class_list":["post-1117803","post","type-post","status-publish","format-standard","has-post-thumbnail","category-etats-unis","tag-actu","tag-actualites","tag-article-video","tag-bande-de-gaza","tag-benyamin-netanyahou","tag-donald-trump","tag-etats-unis","tag-etats-unis-damerique","tag-hamas","tag-info","tag-israel","tag-lci-direct","tag-news","tag-united-states","tag-united-states-of-america","tag-us","tag-usa","tag-video","tag-video-international"],"share_on_mastodon":{"url":"https:\/\/pubeurope.com\/@fr\/117066594303780526","error":""},"_links":{"self":[{"href":"https:\/\/www.europesays.com\/fr\/wp-json\/wp\/v2\/posts\/1117803","targetHints":{"allow":["GET"]}}],"collection":[{"href":"https:\/\/www.europesays.com\/fr\/wp-json\/wp\/v2\/posts"}],"about":[{"href":"https:\/\/www.europesays.com\/fr\/wp-json\/wp\/v2\/types\/post"}],"author":[{"embeddable":true,"href":"https:\/\/www.europesays.com\/fr\/wp-json\/wp\/v2\/users\/2"}],"replies":[{"embeddable":true,"href":"https:\/\/www.europesays.com\/fr\/wp-json\/wp\/v2\/comments?post=1117803"}],"version-history":[{"count":0,"href":"https:\/\/www.europesays.com\/fr\/wp-json\/wp\/v2\/posts\/1117803\/revisions"}],"wp:featuredmedia":[{"embeddable":true,"href":"https:\/\/www.europesays.com\/fr\/wp-json\/wp\/v2\/media\/1117804"}],"wp:attachment":[{"href":"https:\/\/www.europesays.com\/fr\/wp-json\/wp\/v2\/media?parent=1117803"}],"wp:term":[{"taxonomy":"category","embeddable":true,"href":"https:\/\/www.europesays.com\/fr\/wp-json\/wp\/v2\/categories?post=1117803"},{"taxonomy":"post_tag","embeddable":true,"href":"https:\/\/www.europesays.com\/fr\/wp-json\/wp\/v2\/tags?post=1117803"}],"curies":[{"name":"wp","href":"https:\/\/api.w.org\/{rel}","templated":true}]}}