{"id":111782,"date":"2025-05-19T12:54:08","date_gmt":"2025-05-19T12:54:08","guid":{"rendered":"https:\/\/www.europesays.com\/fr\/111782\/"},"modified":"2025-05-19T12:54:08","modified_gmt":"2025-05-19T12:54:08","slug":"les-lorientales-2025-les-cinq-livres-finalistes-sont-connus","status":"publish","type":"post","link":"https:\/\/www.europesays.com\/fr\/111782\/","title":{"rendered":"Les Lorientales 2025\u00a0: les cinq livres finalistes sont connus"},"content":{"rendered":"<p>Qui pour succ\u00e9der, cette ann\u00e9e, \u00e0 Abdelkrim Saifi, laur\u00e9at 2024 du prix du livre Les Lorientales avec son roman \u00ab\u00a0Si j\u2019avais un franc\u00a0\u00bb. R\u00e9ponse le 13 septembre 2025. Dix ouvrages avaient \u00e9t\u00e9 pr\u00e9s\u00e9lectionn\u00e9s en mars 2025. Cinq viennent d\u2019\u00eatre retenus pour la finale. \u00ab\u00a0Un choix qu\u2019il a \u00e9t\u00e9 difficile de faire compte tenu de la qualit\u00e9 des dix pr\u00e9finalistes\u00a0\u00bb, souligne Omar Taleb, fondateur en 2010 du prix litt\u00e9raire.<\/p>\n<p>Les cinq livres en course sont\u00a0: Alaa El Aswany \u00ab\u00a0Au soir d\u2018Alexandrie\u00a0\u00bb (Actes sud\/Sindbad)\u00a0; Guillaume Viry \u00ab\u00a0L\u2019Appel\u00e9\u00a0\u00bb (\u00c9ditions du cano\u00eb)\u00a0; Hisam Matar \u00ab\u00a0Mes amis\u00a0\u00bb (Gallimard)\u00a0; Nour Malow\u00e9 \u00ab\u00a0Le printemps reviendra\u00a0\u00bb (R\u00e9camier)\u00a0; Amira Ghenim \u00ab\u00a0Le d\u00e9sastre de la maison des notables\u00a0\u00bb (Philippe Rey). \u00ab\u00a0Ces cinq livres repr\u00e9sentent un large panel g\u00e9ographique\u00a0: l\u2018Alg\u00e9rie, l\u2019\u00c9gypte, l\u2019Afghanistan, la Tunisie et la Lybie\u00a0\u00bb. Pour rappel, les ouvrages sont choisis parmi les romans francophones, \u00e9crits en fran\u00e7ais ou traduits et ayant un rapport avec l\u2019Orient.<\/p>\n","protected":false},"excerpt":{"rendered":"Qui pour succ\u00e9der, cette ann\u00e9e, \u00e0 Abdelkrim Saifi, laur\u00e9at 2024 du prix du livre Les Lorientales avec son&hellip;\n","protected":false},"author":2,"featured_media":111783,"comment_status":"","ping_status":"","sticky":false,"template":"","format":"standard","meta":{"footnotes":""},"categories":[1357],"tags":[1379,58,59,1011,27,1380,1781],"class_list":{"0":"post-111782","1":"post","2":"type-post","3":"status-publish","4":"format-standard","5":"has-post-thumbnail","7":"category-livres","8":"tag-books","9":"tag-divertissement","10":"tag-entertainment","11":"tag-fr","12":"tag-france","13":"tag-livres","14":"tag-lorient"},"share_on_mastodon":{"url":"https:\/\/pubeurope.com\/@fr\/114534604043895599","error":""},"_links":{"self":[{"href":"https:\/\/www.europesays.com\/fr\/wp-json\/wp\/v2\/posts\/111782","targetHints":{"allow":["GET"]}}],"collection":[{"href":"https:\/\/www.europesays.com\/fr\/wp-json\/wp\/v2\/posts"}],"about":[{"href":"https:\/\/www.europesays.com\/fr\/wp-json\/wp\/v2\/types\/post"}],"author":[{"embeddable":true,"href":"https:\/\/www.europesays.com\/fr\/wp-json\/wp\/v2\/users\/2"}],"replies":[{"embeddable":true,"href":"https:\/\/www.europesays.com\/fr\/wp-json\/wp\/v2\/comments?post=111782"}],"version-history":[{"count":0,"href":"https:\/\/www.europesays.com\/fr\/wp-json\/wp\/v2\/posts\/111782\/revisions"}],"wp:featuredmedia":[{"embeddable":true,"href":"https:\/\/www.europesays.com\/fr\/wp-json\/wp\/v2\/media\/111783"}],"wp:attachment":[{"href":"https:\/\/www.europesays.com\/fr\/wp-json\/wp\/v2\/media?parent=111782"}],"wp:term":[{"taxonomy":"category","embeddable":true,"href":"https:\/\/www.europesays.com\/fr\/wp-json\/wp\/v2\/categories?post=111782"},{"taxonomy":"post_tag","embeddable":true,"href":"https:\/\/www.europesays.com\/fr\/wp-json\/wp\/v2\/tags?post=111782"}],"curies":[{"name":"wp","href":"https:\/\/api.w.org\/{rel}","templated":true}]}}