{"id":111788,"date":"2025-05-19T12:57:09","date_gmt":"2025-05-19T12:57:09","guid":{"rendered":"https:\/\/www.europesays.com\/fr\/111788\/"},"modified":"2025-05-19T12:57:09","modified_gmt":"2025-05-19T12:57:09","slug":"le-createur-dandor-sexplique-sur-le-twist-final","status":"publish","type":"post","link":"https:\/\/www.europesays.com\/fr\/111788\/","title":{"rendered":"Le cr\u00e9ateur d&rsquo;Andor s&rsquo;explique sur le twist final"},"content":{"rendered":"<p>Encore un prequel\u00a0? Avec le lancement de Disney+, la saga Star Wars a vu une opportunit\u00e9 de combler les vides laiss\u00e9s par les films au cin\u00e9ma. Une s\u00e9rie pour raconter ce qu\u2019il advient d\u2019Obi-Wan Kenobi apr\u00e8s son avant-dernier affrontement avec Anakin, une autre pour approfondir le parcours du myst\u00e9rieux Boba Fett ou encore la premi\u00e8re s\u00e9rie live-action consacr\u00e9e \u00e0 <a href=\"https:\/\/www.journaldugeek.com\/2025\/04\/19\/ahsoka-saison-2-en-direct-de-la-star-wars-celebration\/\" target=\"_blank\" rel=\"noopener\">Ahsoka,<\/a> la galaxie tr\u00e8s tr\u00e8s lointaine avait (trop\u00a0?) tendance \u00e0 faire du remplissage.<\/p>\n<p>Andor devait a priori s\u2019inscrire dans la droite lign\u00e9e de ses comparses et capitaliser sur <strong>le succ\u00e8s d\u2019estime de Rogue One<\/strong>.\u00a0Au sein des derniers films Star Wars, la proposition de Gareth Edwards \u00e9tait la seule \u00e0 obtenir gr\u00e2ce aux yeux du public.<\/p>\n<p>Sa s\u00e9rie d\u00e9riv\u00e9e a surpris \u00e0 plus d\u2019un titre.\u00a0Elle s\u2019est illustr\u00e9e comme un drame enlev\u00e9 au sein d\u2019un univers totalitaire. Pas de Jedi, pas de Force, mais des humains qui tentent de r\u00e9sister \u00e0 l\u2019Empire. Finalement, du propre aveu de son cr\u00e9ateur Tony Gilroy, <a href=\"https:\/\/www.journaldugeek.com\/critique\/critique-andor-saison-2-un-nouvel-espoir-ou-la-contre-attaque-du-pire\/\" target=\"_blank\" rel=\"noopener\">Andor<\/a> doit plus \u00e0 <strong>des r\u00e9cits historiques<\/strong>, comme Un Village Fran\u00e7ais, que toute autre production estampill\u00e9e Star Wars. La cr\u00e9ation de la plan\u00e8te Ghorman est d\u2019ailleurs un hommage \u00e0 la R\u00e9sistance fran\u00e7aise.<\/p>\n<p>\u00c0 l\u2019approche de la conclusion, la s\u00e9rie Disney+ promettait de raccrocher l\u2019introduction des aventures de Jyn Erso, K2-SO, Chirrut Imwe et surtout Cassian Andor. Mais le final a livr\u00e9 <strong>un ultime rebondissement<\/strong>. Le cr\u00e9ateur Tony Gilroy explique face \u00e0 Entertainement Weekly son choix et quelles cons\u00e9quences il pourrait avoir sur la franchise.<\/p>\n<p><img loading=\"lazy\" decoding=\"async\" class=\"aligncenter size-full wp-image-50545991\" src=\"https:\/\/www.europesays.com\/fr\/wp-content\/uploads\/2025\/05\/bandeau-spoilers-jdg-def.jpg\" alt=\"Bandeau Spoilers Jdg Def\" width=\"1500\" height=\"300\"  \/><\/p>\n<p> Un nouvel espoir <\/p>\n<p>Dans les derniers instants, Bix fait un retour \u00e0 l\u2019\u00e9cran. Elle a quitt\u00e9 Cassian un an plus t\u00f4t, consciente que leur relation pourrait entacher l\u2019engagement du rebelle. Elle lui adresse d\u2019ailleurs un message d\u2019adieu. \u201cJe ne peux pas \u00eatre la raison de to d\u00e9part. Si tu abandonnes tout \u00e7a pour moi, je ne me le pardonnerai jamais\u201d. Un sacrifice qui <strong>offrait d\u00e9j\u00e0 \u00e0 Rogue One une nouvelle signification<\/strong>, qui rendait la disparition du personnage plus poignante et douloureuse. En acceptant de mourir pour r\u00e9cup\u00e9rer les plans de l\u2019\u00c9toile de la mort, il abandonnait<strong> tout espoir de revoir Bix un jour.<\/strong><\/p>\n<\/p>\n<p>    <a href=\"https:\/\/www.youtube.com\/user\/JournalduGeek?sub_confirmation=1\" target=\"_blank\" rel=\"nofollow noopener\"><br \/>\n        S&rsquo;abonner \u00e0 Journal du Geek<br \/>\n    <\/a> <\/p>\n<p>Ce qu\u2019il ne savait pas, et les spectateurs non plus, c\u2019est que Bix n\u2019est pas partie seule. <strong>Elle portait leur enfant<\/strong>. Tony Gilroy confirme la filiation du b\u00e9b\u00e9. Il ajoute que l\u2019h\u00e9ro\u00efne le savait quand elle a pli\u00e9 bagage. C\u2019est m\u00eame ce qui l\u2019a pouss\u00e9e \u00e0 se retirer pour laisser \u00e0 Cassian l\u2019opportunit\u00e9 de faire avancer la cause et donner un avantage certain aux Rebelles face \u00e0 l\u2019Empire.<\/p>\n<blockquote>\n<p>\u201cJe pense que cette r\u00e9v\u00e9lation apporte trois choses. \u00c7a rend le sacrifice de Cassian et le fait qu\u2019il ne verra jamais son enfant encore plus douloureux. Je pense aussi que tous ceux qui doutaient de ses motivations (celles de Bix) peuvent enfin comprendre\u201d.<\/p>\n<\/blockquote>\n<p>Mais plus que tout, cela donne \u00e0 Gilroy une occasion de terminer sa s\u00e9rie sur la possibilit\u00e9 d\u2019un avenir plus radieux.\u00a0 L\u2019enfant de Cassian incarne<strong> une nouvelle g\u00e9n\u00e9ration<\/strong> qui pourrait vivre libre. Il est litt\u00e9ralement ce pour quoi se battent les Rebelles, ce pour quoi il existe encore de l\u2019espoir sous le r\u00e8gne de l\u2019Empire. \u00c0 sa mort, le protagoniste camp\u00e9 par Diego Luna laisse ainsi des informations cruciales pour permettre une victoire de l\u2019Alliance Rebelle autant qu\u2019un <strong>\u00eatre humain qui grandira avec sa vision<\/strong> du monde partag\u00e9e par Bix. Il continuera aussi \u00e0 vivre au travers des r\u00e9cits racont\u00e9s par le personnage d\u2019Adria Arjona.<\/p>\n<p> Piti\u00e9 pas de s\u00e9rie d\u00e9riv\u00e9e\u2026 <\/p>\n<p>Tony Gilroy soul\u00e8ve aussi une question que les spectateurs redoutent. En convoquant l\u2019enfant de Cassian, le cr\u00e9ateur livre \u00e0 la galaxie tr\u00e8s tr\u00e8s lointaine un nouveau personnage \u00e0 exploiter. Il se veut n\u00e9anmoins rassurant, il n\u2019est pas question d\u2019ouvrir la<strong> voie \u00e0 un nouveau spin-off.<\/strong><\/p>\n<blockquote>\n<p>\u201cIl ne s\u2019agit pas simplement de cr\u00e9er un nouveau personnage pour Disney et Lucasfilm. Il s\u2019agit bien plus de terminer sur une note positive et de conclure avec quelque chose que, je pense, tous ceux qui ont fait la s\u00e9rie veulent exprimer\u00a0: \u00e0 la fin, nous voulons avoir de l\u2019espoir\u201d.\u00a0<\/p>\n<\/blockquote>\n<p>On esp\u00e8re que Star Wars laissera aux spectateurs le soin d\u2019imaginer ce que l\u2019avenir r\u00e9serve \u00e0 cet enfant. Si les th\u00e9ories vont bon train quant \u00e0 l\u2019identit\u00e9 de ce personnage, certains y voient Poe Dameron, force est d\u2019admettre que l\u2019on pr\u00e9f\u00e8rerait que Disney laisse \u00e0 chacun l\u2019occasion de se faire sa propre id\u00e9e sur la question. Pour une fois\u2026<\/p>\n<blockquote>\n<p class=\"text-base text-neutral-700 dark:text-neutral-300\">\ud83d\udfe3 Pour ne manquer aucune news sur le Journal du Geek, abonnez-vous sur <a href=\"https:\/\/news.google.com\/publications\/CAAqBwgKMNr_hAswwYyCAw?hl=fr&amp;gl=FR&amp;ceid=FR%3Afr\" target=\"_blank\" rel=\"noopener\">Google Actualit\u00e9s<\/a> et sur <a href=\"https:\/\/whatsapp.com\/channel\/0029VaClM5y4tRry12tb7D2h\" target=\"_blank\" rel=\"noopener\">notre WhatsApp<\/a>. Et si vous nous adorez, on a <a href=\"https:\/\/www.journaldugeek.com\/newsletter\/\" target=\"_blank\" rel=\"noopener\">une newsletter tous les matins<\/a>.<\/p>\n<\/blockquote>\n","protected":false},"excerpt":{"rendered":"Encore un prequel\u00a0? Avec le lancement de Disney+, la saga Star Wars a vu une opportunit\u00e9 de combler&hellip;\n","protected":false},"author":2,"featured_media":111789,"comment_status":"","ping_status":"","sticky":false,"template":"","format":"standard","meta":{"footnotes":""},"categories":[1354],"tags":[10559,520,58,59,1346,1011,27,1360,1480],"class_list":{"0":"post-111788","1":"post","2":"type-post","3":"status-publish","4":"format-standard","5":"has-post-thumbnail","7":"category-films","8":"tag-andor","9":"tag-disney","10":"tag-divertissement","11":"tag-entertainment","12":"tag-films","13":"tag-fr","14":"tag-france","15":"tag-movies","16":"tag-star-wars"},"share_on_mastodon":{"url":"https:\/\/pubeurope.com\/@fr\/114534615997542836","error":""},"_links":{"self":[{"href":"https:\/\/www.europesays.com\/fr\/wp-json\/wp\/v2\/posts\/111788","targetHints":{"allow":["GET"]}}],"collection":[{"href":"https:\/\/www.europesays.com\/fr\/wp-json\/wp\/v2\/posts"}],"about":[{"href":"https:\/\/www.europesays.com\/fr\/wp-json\/wp\/v2\/types\/post"}],"author":[{"embeddable":true,"href":"https:\/\/www.europesays.com\/fr\/wp-json\/wp\/v2\/users\/2"}],"replies":[{"embeddable":true,"href":"https:\/\/www.europesays.com\/fr\/wp-json\/wp\/v2\/comments?post=111788"}],"version-history":[{"count":0,"href":"https:\/\/www.europesays.com\/fr\/wp-json\/wp\/v2\/posts\/111788\/revisions"}],"wp:featuredmedia":[{"embeddable":true,"href":"https:\/\/www.europesays.com\/fr\/wp-json\/wp\/v2\/media\/111789"}],"wp:attachment":[{"href":"https:\/\/www.europesays.com\/fr\/wp-json\/wp\/v2\/media?parent=111788"}],"wp:term":[{"taxonomy":"category","embeddable":true,"href":"https:\/\/www.europesays.com\/fr\/wp-json\/wp\/v2\/categories?post=111788"},{"taxonomy":"post_tag","embeddable":true,"href":"https:\/\/www.europesays.com\/fr\/wp-json\/wp\/v2\/tags?post=111788"}],"curies":[{"name":"wp","href":"https:\/\/api.w.org\/{rel}","templated":true}]}}