{"id":1117929,"date":"2026-08-09T18:15:17","date_gmt":"2026-08-09T18:15:17","guid":{"rendered":"https:\/\/www.europesays.com\/fr\/1117929\/"},"modified":"2026-08-09T18:15:17","modified_gmt":"2026-08-09T18:15:17","slug":"tour-de-france-femmes-2026-jai-pense-a-gery-qui-a-eu-une-rude-nuit-la-mise-au-point-de-vollering-sur-la-polemique-avec-niewiadoma","status":"publish","type":"post","link":"https:\/\/www.europesays.com\/fr\/1117929\/","title":{"rendered":"Tour de France Femmes 2026: \u00ab\u00a0J&rsquo;ai pens\u00e9 \u00e0 Gery qui a eu une rude nuit\u00a0\u00bb, la mise au point de Vollering sur la pol\u00e9mique avec Niewiadoma"},"content":{"rendered":"<p class=\"mb-4 text-lg md:leading-8 break-words\">C&rsquo;est un sujet tr\u00e8s sensible chez la FDJ United-Suez. Et il continue de l&rsquo;\u00eatre malgr\u00e9 une nouvelle victoire d&rsquo;\u00e9tape de Demi Vollering et <a data-ylk=\"slk:son sacre sur le Tour de France Femmes 2026;elm:context_link;itc:0;sec:content-canvas;\" data-yga=\"{&quot;yLinkElement&quot;:&quot;link&quot;,&quot;yLinkElementType&quot;:&quot;article_link&quot;}\" href=\"https:\/\/rmcsport.bfmtv.com\/cyclisme\/tour-de-france\/elle-est-la-reine-de-la-saison-demi-vollering-remporte-son-deuxieme-tour-de-france-femmes-apres-une-masterclass_AV-202608090213.html\" rel=\"noopener noreferrer nofollow\" target=\"_blank\">son sacre sur le Tour de France Femmes 2026<\/a>. \u00c0 peine a-t-elle remport\u00e9 la 2e Grande Boucle de sa carri\u00e8re gr\u00e2ce \u00e0 un succ\u00e8s en solitaire sur la 9e \u00e9tape \u00e0 Nice, la N\u00e9erlandaise a \u00e9voqu\u00e9 ce dimanche <a data-ylk=\"slk:la pol\u00e9mique initi\u00e9e la veille par sa dauphine Kasia Niewiadoma;elm:context_link;itc:0;sec:content-canvas;\" data-yga=\"{&quot;yLinkElement&quot;:&quot;link&quot;,&quot;yLinkElementType&quot;:&quot;article_link&quot;}\" href=\"https:\/\/rmcsport.bfmtv.com\/cyclisme\/tour-de-france\/j-ai-perdu-tout-respect-pour-elles-les-images-qui-ont-provoque-la-colere-de-niewiadoma-sur-gery-lors-de-la-8e-etape-du-tour-de-france-femmes_AV-202608080277.html\" rel=\"noopener noreferrer nofollow\" target=\"_blank\">la pol\u00e9mique initi\u00e9e la veille par sa dauphine Kasia Niewiadoma<\/a>.<\/p>\n<p class=\"mb-4 text-lg md:leading-8 break-words\">La Polonaise a reproch\u00e9 \u00e0 C\u00e9lia Gery, co\u00e9quipi\u00e8re de Demi Vollering, de l&rsquo;avoir \u00ab\u00a0tass\u00e9e contre les barri\u00e8res\u00a0\u00bb dans le final de la 8e \u00e9tape. Des reproches r\u00e9p\u00e9t\u00e9s aux m\u00e9dias et \u00e0 la principale int\u00e9ress\u00e9e devant les cam\u00e9ras du monde entier. L&rsquo;action de la Fran\u00e7aise, moins \u00e9vidente que la vainqueure du Tour 2024 ne le laissait entendre, a beaucoup fait r\u00e9agir sur les r\u00e9seaux sociaux. \u00c0 tel point qu&rsquo;<a data-ylk=\"slk:elle a \u00e9t\u00e9 la cible de menaces de mort;elm:context_link;itc:0;sec:content-canvas;\" data-yga=\"{&quot;yLinkElement&quot;:&quot;link&quot;,&quot;yLinkElementType&quot;:&quot;article_link&quot;}\" href=\"https:\/\/rmcsport.bfmtv.com\/cyclisme\/tour-de-france\/tour-de-france-femmes-2026-celia-gery-victime-de-menaces-de-mort-apres-l-episode-electrique-avec-niewiadoma_AV-202608090172.html\" rel=\"noopener noreferrer nofollow\" target=\"_blank\">elle a \u00e9t\u00e9 la cible de menaces de mort<\/a>.<\/p>\n<p>\u00ab\u00a0Nous vivons dans un monde malade\u00a0\u00bb<\/p>\n<p class=\"mb-4 text-lg md:leading-8 break-words\">Tr\u00e8s touch\u00e9e par la pol\u00e9mique, Demi Vollering a tenu \u00e0 en reparler \u00e0 l&rsquo;arriv\u00e9e de l&rsquo;\u00e9tape lors de ses premi\u00e8res interviews. \u00ab\u00a0J&rsquo;ai pens\u00e9 \u00e0 mon \u00e9quipe et \u00e0 C\u00e9lia qui a eu une rude nuit, \u00e0 tout le travail accompli, \u00e0 toutes les personnes en coulisses, qui travaillent pour faire le travail sur le v\u00e9lo\u00a0\u00bb, a-t-elle d&rsquo;abord lanc\u00e9 au micro du diffuseur international. Avant d&rsquo;ajouter \u00e0 celui de France T\u00e9l\u00e9visions: \u00ab\u00a0Je suis partie toute seule (dans la derni\u00e8re mont\u00e9e) car je voulais \u00eatre claire: nous n&rsquo;avons pas gagn\u00e9 hier \u00e0 cause d&rsquo;un incident. Je veux \u00eatre claire: nous sommes une \u00e9quipe qui a gagn\u00e9 ce magnifique Tour de France Femmes avec humilit\u00e9 et fiert\u00e9.\u00a0\u00bb<\/p>\n<p class=\"mb-4 text-lg md:leading-8 break-words\">Quelques heures plus t\u00f4t, avant le d\u00e9part de l&rsquo;ultime \u00e9tape, elle avait d\u00e9j\u00e0 r\u00e9agi \u00e0 l&rsquo;affaire. \u00ab\u00a0Nous vivons dans un monde malade, c&rsquo;est plus que triste. Cela me met dans une col\u00e8re noire\u00a0\u00bb, avait-elle d\u00e9plor\u00e9 au sujet des menaces de mort contre C\u00e9lia Gery. \u00ab\u00a0Elle est encore si jeune, et nous devons la prot\u00e9ger de toutes nos forces. C&rsquo;est terriblement triste.\u00a0\u00bb Et de poursuivre sur sa concurrente: \u00ab\u00a0J&rsquo;ai \u00e9t\u00e9 un peu d\u00e9\u00e7ue en voyant son interview car elle s&rsquo;en est vraiment prise \u00e0 ma co\u00e9quipi\u00e8re, et je trouve que ce n&rsquo;est pas tr\u00e8s juste d&rsquo;agir ainsi, sous le coup de l&rsquo;\u00e9motion. Je veux dire, je n&rsquo;ai pas oubli\u00e9 ce qu&rsquo;elle a fait quand j&rsquo;\u00e9tais au sol il y a deux ans. Donc si elle parle de fair-play, je pense qu&rsquo;elle n&rsquo;est pas vraiment la mieux plac\u00e9e pour en parler.\u00a0\u00bb<\/p>\n<p class=\"mb-4 text-lg md:leading-8 break-words\">De son c\u00f4t\u00e9, la Polonaise avait souhait\u00e9 calmer le jeu. \u00ab\u00a0Je sais que certains \u00e9v\u00e9nements sont aliment\u00e9s par les m\u00e9dias, qui les exag\u00e8rent\u00a0\u00bb, a-t-elle avanc\u00e9. \u00ab\u00a0Demi \u00e9tait incroyablement forte. C&rsquo;est un honneur de me battre contre elle. Je ne veux en aucun cas minimiser sa performance. Je veux simplement faire une course loyale contre elle.\u00a0\u00bb<\/p>\n<p class=\"mb-4 text-lg md:leading-8 break-words\"><a data-ylk=\"slk:Article original publi\u00e9 sur RMC Sport;elm:context_link;itc:0;sec:content-canvas;\" data-yga=\"{&quot;yLinkElement&quot;:&quot;link&quot;,&quot;yLinkElementType&quot;:&quot;article_link&quot;}\" href=\"https:\/\/rmcsport.bfmtv.com\/cyclisme\/tour-de-france\/tour-de-france-femmes-2026-j-ai-pense-a-gery-qui-a-eu-une-rude-nuit-la-mise-au-point-de-vollering-sur-la-polemique-avec-niewiadoma_AV-202608090221.html#xtor=AL-68\" rel=\"noopener noreferrer nofollow\" target=\"_blank\">Article original publi\u00e9 sur RMC Sport<\/a><\/p>\n","protected":false},"excerpt":{"rendered":"C&rsquo;est un sujet tr\u00e8s sensible chez la FDJ United-Suez. Et il continue de l&rsquo;\u00eatre malgr\u00e9 une nouvelle victoire&hellip;\n","protected":false},"author":2,"featured_media":1117930,"comment_status":"","ping_status":"","sticky":false,"template":"","format":"standard","meta":{"footnotes":"","_share_on_mastodon":"0"},"categories":[4],"tags":[11,114853,13896,4651,1011,27,114501,23686,12,25],"class_list":["post-1117929","post","type-post","status-publish","format-standard","has-post-thumbnail","category-france","tag-actualites","tag-c39est","tag-demi-vollering","tag-femmes","tag-fr","tag-france","tag-kasia-niewiadoma","tag-le-tour-de-france","tag-news","tag-republique-francaise"],"share_on_mastodon":{"url":"https:\/\/pubeurope.com\/@fr\/117066919344973469","error":""},"_links":{"self":[{"href":"https:\/\/www.europesays.com\/fr\/wp-json\/wp\/v2\/posts\/1117929","targetHints":{"allow":["GET"]}}],"collection":[{"href":"https:\/\/www.europesays.com\/fr\/wp-json\/wp\/v2\/posts"}],"about":[{"href":"https:\/\/www.europesays.com\/fr\/wp-json\/wp\/v2\/types\/post"}],"author":[{"embeddable":true,"href":"https:\/\/www.europesays.com\/fr\/wp-json\/wp\/v2\/users\/2"}],"replies":[{"embeddable":true,"href":"https:\/\/www.europesays.com\/fr\/wp-json\/wp\/v2\/comments?post=1117929"}],"version-history":[{"count":0,"href":"https:\/\/www.europesays.com\/fr\/wp-json\/wp\/v2\/posts\/1117929\/revisions"}],"wp:featuredmedia":[{"embeddable":true,"href":"https:\/\/www.europesays.com\/fr\/wp-json\/wp\/v2\/media\/1117930"}],"wp:attachment":[{"href":"https:\/\/www.europesays.com\/fr\/wp-json\/wp\/v2\/media?parent=1117929"}],"wp:term":[{"taxonomy":"category","embeddable":true,"href":"https:\/\/www.europesays.com\/fr\/wp-json\/wp\/v2\/categories?post=1117929"},{"taxonomy":"post_tag","embeddable":true,"href":"https:\/\/www.europesays.com\/fr\/wp-json\/wp\/v2\/tags?post=1117929"}],"curies":[{"name":"wp","href":"https:\/\/api.w.org\/{rel}","templated":true}]}}