{"id":111798,"date":"2025-05-19T13:02:07","date_gmt":"2025-05-19T13:02:07","guid":{"rendered":"https:\/\/www.europesays.com\/fr\/111798\/"},"modified":"2025-05-19T13:02:07","modified_gmt":"2025-05-19T13:02:07","slug":"ce-qui-change-sur-votre-bulletin-de-salaire-en-juin-et-pourquoi-cest-important","status":"publish","type":"post","link":"https:\/\/www.europesays.com\/fr\/111798\/","title":{"rendered":"Ce qui change sur votre bulletin de salaire en juin et pourquoi c\u2019est important"},"content":{"rendered":"<p>Si certaines \u00e9volutions \u00e9taient d\u00e9j\u00e0 attendues dans le cadre du chantier de simplification administrative, d\u2019autres touchent directement aux cotisations sociales. Et si votre salaire net restera en principe inchang\u00e9, c\u2019est tout ce qui l\u2019entoure qui \u00e9volue. Voici ce qu\u2019il faut retenir.<\/p>\n<p>Une simplification qui ne dit pas son nom<\/p>\n<p>L\u2019id\u00e9e avait \u00e9t\u00e9 \u00e9voqu\u00e9e d\u00e8s 2023 dans le cadre du \u00ab\u00a0chantier de la simplification\u00a0\u00bb voulu par l\u2019ex\u00e9cutif. Depuis, les choses se sont acc\u00e9l\u00e9r\u00e9es, et c\u2019est d\u00e9sormais officiel\u00a0: les bulletins de paie \u00e9mis \u00e0 partir de juin devront int\u00e9grer une nouvelle pr\u00e9sentation, plus \u00e9pur\u00e9e. L\u2019objectif est simple\u00a0: permettre \u00e0 chaque salari\u00e9 de comprendre facilement ce qu\u2019il gagne, ce qu\u2019il paie, et \u00e0 quoi servent ses cotisations.<\/p>\n<p>Jusqu\u2019\u00e0 pr\u00e9sent, une fiche de paie pouvait comporter plus de 50 lignes, parfois illisibles, m\u00e9langeant des sigles obscurs et des montants r\u00e9partis sans hi\u00e9rarchie claire. Cette complexit\u00e9 est aujourd\u2019hui point\u00e9e du doigt comme l\u2019un des freins majeurs \u00e0 la compr\u00e9hension du syst\u00e8me de protection sociale.<\/p>\n<p>Des lignes modifi\u00e9es, d\u2019autres renomm\u00e9es<\/p>\n<p>L\u2019un des premiers changements visibles concerne l\u2019intitul\u00e9 \u00ab\u00a0Accidents du travail \u2013 maladie professionnelle\u00a0\u00bb, une ligne bien connue mais rarement comprise. Celle-ci va \u00eatre ajust\u00e9e pour mieux refl\u00e9ter la r\u00e9alit\u00e9 de la cotisation vers\u00e9e par l\u2019employeur \u00e0 l\u2019Urssaf. Ce montant alimente un fonds sp\u00e9cifique destin\u00e9 \u00e0 indemniser les salari\u00e9s en cas d\u2019accident du travail ou de maladie li\u00e9e \u00e0 leur activit\u00e9 professionnelle.<\/p>\n<p>\u00c0 partir de mai 2025, le taux appliqu\u00e9 \u00e0 cette cotisation augmente, avec des variations selon les secteurs d\u2019activit\u00e9. Pour certains employeurs, cela repr\u00e9sentera un co\u00fbt suppl\u00e9mentaire, m\u00eame si cela ne se traduit pas directement sur le salaire net du salari\u00e9. Ce changement, bien que discret sur le bulletin, t\u00e9moigne d\u2019une volont\u00e9 de renforcer la protection sociale dans un contexte de sinistralit\u00e9 croissante dans certains m\u00e9tiers.<\/p>\n<p>Une cotisation ch\u00f4mage en l\u00e9g\u00e8re baisse<\/p>\n<p>Autre ajustement\u00a0: la ligne \u00ab\u00a0Ch\u00f4mage\u00a0\u00bb va elle aussi conna\u00eetre une modification. Jusqu\u2019ici, les entreprises contribuaient \u00e0 hauteur de 4,05\u00a0% du salaire brut de chaque employ\u00e9. Ce taux sera abaiss\u00e9 \u00e0 4\u00a0%. Une bonne nouvelle, en apparence, pour les employeurs\u2026 sauf que cette baisse est contrebalanc\u00e9e par d\u2019autres hausses de cotisations, moins visibles car non syst\u00e9matiquement mentionn\u00e9es sur le bulletin de paie. En somme, une r\u00e9organisation interne des charges, sans impact notable sur le montant net per\u00e7u par les salari\u00e9s.<\/p>\n<p>Une nouvelle rubrique \u00ab\u00a0net social\u00a0\u00bb<\/p>\n<p>La mesure phare de cette r\u00e9forme est l\u2019apparition du \u00ab\u00a0montant net social\u00a0\u00bb, une ligne d\u00e9sormais obligatoire sur chaque bulletin. Il s\u2019agit d\u2019un revenu de r\u00e9f\u00e9rence, calcul\u00e9 de mani\u00e8re uniforme, qui servira notamment pour le calcul des droits aux prestations sociales comme la prime d\u2019activit\u00e9 ou le RSA. Il est cens\u00e9 repr\u00e9senter ce que le salari\u00e9 a r\u00e9ellement \u00ab\u00a0en poche\u00a0\u00bb apr\u00e8s les pr\u00e9l\u00e8vements sociaux, hors imp\u00f4ts.<\/p>\n<p>Ce montant ne se substitue pas au salaire net habituel, mais il vient en compl\u00e9ment, avec une m\u00e9thodologie de calcul strictement encadr\u00e9e. Pour les employeurs, cela repr\u00e9sente une nouvelle obligation d\u2019affichage. Pour les salari\u00e9s, c\u2019est un rep\u00e8re suppl\u00e9mentaire mais qui ne doit pas \u00eatre confondu avec le salaire vers\u00e9 sur le compte en banque.<\/p>\n<p>\u00c0 travers cette \u00e9volution, le gouvernement esp\u00e8re recr\u00e9er un lien de confiance entre les citoyens et le syst\u00e8me de protection sociale. En rendant visibles les contributions et les b\u00e9n\u00e9fices associ\u00e9s (ch\u00f4mage, retraite, sant\u00e9), le bulletin de salaire devient un outil p\u00e9dagogique. Il s\u2019agit aussi de r\u00e9pondre \u00e0 une attente exprim\u00e9e depuis plusieurs ann\u00e9es\u00a0: celle d\u2019une fiche de paie compr\u00e9hensible sans \u00eatre expert-comptable. Elle pr\u00e9pare aussi le terrain \u00e0 la g\u00e9n\u00e9ralisation du \u00ab\u00a0coffre-fort num\u00e9rique\u00a0\u00bb, un espace personnel s\u00e9curis\u00e9 dans lequel chaque actif pourra consulter l\u2019historique de ses fiches de paie, de ses droits acquis et des aides auxquelles il peut pr\u00e9tendre.<\/p>\n<p>Ce que cela change concr\u00e8tement pour vous<\/p>\n<p>Pour les salari\u00e9s, le salaire net ne bougera pas en juin, sauf \u00e9volution personnelle (prime, changement de poste, augmentation\u2026). D\u2019ailleurs, dans les faits, votre bulletin ne sera pas radicalement m\u00e9connaissable en juin. Les rubriques principales resteront\u00a0: salaire brut, cotisations sociales, salaire net. Mais vous verrez appara\u00eetre une pr\u00e9sentation plus claire, avec des regroupements plus lisibles, et ce fameux \u00ab\u00a0montant net social\u00a0\u00bb. Certaines lignes pourront dispara\u00eetre ou \u00eatre renomm\u00e9es pour harmoniser les pratiques entre entreprises.<\/p>\n<p>Si vous b\u00e9n\u00e9ficiez d\u2019aides sociales, cette nouvelle ligne vous sera particuli\u00e8rement utile. Elle simplifiera les d\u00e9marches administratives en \u00e9vitant les erreurs de d\u00e9claration et en facilitant les \u00e9changes entre la CAF, l\u2019Urssaf et les employeurs.<\/p>\n<p>C\u00f4t\u00e9 employeurs, cette r\u00e9forme n\u2019est pas neutre. Elle implique une mise \u00e0 jour des logiciels de paie, une p\u00e9riode d\u2019adaptation, et parfois une formation des \u00e9quipes RH. L\u2019administration a toutefois pr\u00e9vu un accompagnement technique et une p\u00e9riode de tol\u00e9rance pour les entreprises qui auraient besoin de temps pour se conformer \u00e0 la nouvelle pr\u00e9sentation.<\/p>\n<p>Vers une fiche de paie universelle\u00a0?<\/p>\n<p>Ce changement est aussi vu comme une premi\u00e8re pierre vers une fiche de paie plus universelle, standardis\u00e9e, interop\u00e9rable entre administrations. En parall\u00e8le, des discussions sont en cours pour int\u00e9grer d\u2019autres \u00e9l\u00e9ments cl\u00e9s dans un format num\u00e9rique unique, comme le taux de pr\u00e9l\u00e8vement \u00e0 la source ou les droits \u00e0 la formation.<\/p>\n<blockquote>\n<p class=\"text-base text-neutral-700 dark:text-neutral-300\">\ud83d\udfe3 Pour ne manquer aucune news sur le Journal du Geek, abonnez-vous sur <a href=\"https:\/\/news.google.com\/publications\/CAAqBwgKMNr_hAswwYyCAw?hl=fr&amp;gl=FR&amp;ceid=FR%3Afr\" target=\"_blank\" rel=\"nofollow noopener\">Google Actualit\u00e9s<\/a> et sur <a href=\"https:\/\/whatsapp.com\/channel\/0029VaClM5y4tRry12tb7D2h\" target=\"_blank\" rel=\"nofollow noopener\">notre WhatsApp<\/a>. Et si vous nous adorez, on a <a href=\"https:\/\/www.journaldugeek.com\/newsletter\/\" target=\"_blank\" rel=\"nofollow noopener\">une newsletter tous les matins<\/a>.<\/p>\n<\/blockquote>\n","protected":false},"excerpt":{"rendered":"Si certaines \u00e9volutions \u00e9taient d\u00e9j\u00e0 attendues dans le cadre du chantier de simplification administrative, d\u2019autres touchent directement aux&hellip;\n","protected":false},"author":2,"featured_media":111799,"comment_status":"","ping_status":"","sticky":false,"template":"","format":"standard","meta":{"footnotes":""},"categories":[6],"tags":[35,33,34,341,23116,1011,27,418],"class_list":{"0":"post-111798","1":"post","2":"type-post","3":"status-publish","4":"format-standard","5":"has-post-thumbnail","7":"category-economie","8":"tag-business","9":"tag-economie","10":"tag-economy","11":"tag-emploi","12":"tag-fiche-de-paie","13":"tag-fr","14":"tag-france","15":"tag-gouvernement"},"share_on_mastodon":{"url":"https:\/\/pubeurope.com\/@fr\/114534635578713242","error":""},"_links":{"self":[{"href":"https:\/\/www.europesays.com\/fr\/wp-json\/wp\/v2\/posts\/111798","targetHints":{"allow":["GET"]}}],"collection":[{"href":"https:\/\/www.europesays.com\/fr\/wp-json\/wp\/v2\/posts"}],"about":[{"href":"https:\/\/www.europesays.com\/fr\/wp-json\/wp\/v2\/types\/post"}],"author":[{"embeddable":true,"href":"https:\/\/www.europesays.com\/fr\/wp-json\/wp\/v2\/users\/2"}],"replies":[{"embeddable":true,"href":"https:\/\/www.europesays.com\/fr\/wp-json\/wp\/v2\/comments?post=111798"}],"version-history":[{"count":0,"href":"https:\/\/www.europesays.com\/fr\/wp-json\/wp\/v2\/posts\/111798\/revisions"}],"wp:featuredmedia":[{"embeddable":true,"href":"https:\/\/www.europesays.com\/fr\/wp-json\/wp\/v2\/media\/111799"}],"wp:attachment":[{"href":"https:\/\/www.europesays.com\/fr\/wp-json\/wp\/v2\/media?parent=111798"}],"wp:term":[{"taxonomy":"category","embeddable":true,"href":"https:\/\/www.europesays.com\/fr\/wp-json\/wp\/v2\/categories?post=111798"},{"taxonomy":"post_tag","embeddable":true,"href":"https:\/\/www.europesays.com\/fr\/wp-json\/wp\/v2\/tags?post=111798"}],"curies":[{"name":"wp","href":"https:\/\/api.w.org\/{rel}","templated":true}]}}