{"id":11180,"date":"2025-04-08T21:34:10","date_gmt":"2025-04-08T21:34:10","guid":{"rendered":"https:\/\/www.europesays.com\/fr\/11180\/"},"modified":"2025-04-08T21:34:10","modified_gmt":"2025-04-08T21:34:10","slug":"une-entree-de-lautoroute-a8-ferme-definitivement-a-nice-le-8-avril-voici-larticle-a-lire-pour-y-voir-plus-clair","status":"publish","type":"post","link":"https:\/\/www.europesays.com\/fr\/11180\/","title":{"rendered":"Une entr\u00e9e de l&rsquo;autoroute A8 ferme d\u00e9finitivement \u00e0 Nice le 8 avril: voici l&rsquo;article \u00e0 lire pour y voir plus clair"},"content":{"rendered":"<p>            Les fermetures ponctuelles pour travaux<\/p>\n<p>En parall\u00e8le, Vinci Autoroutes effectue -comme toujours- des travaux de maintenance des \u00e9quipements.\u00a0<\/p>\n<p><strong>Menton (n\u00b059)<\/strong><\/p>\n<p>En direction de l&rsquo;Italie, les bretelles d&rsquo;entr\u00e9e et de sortie de Menton (n\u00b059) seront inaccessibles la nuit du mercredi 9 au jeudi 10 avril 2025, de 20h30 \u00e0 6h. En direction d&rsquo;Aix-en-Provence, les \u00e9changeurs seront ferm\u00e9s la nuit suivante, aux m\u00eames heures.<\/p>\n<p><strong>Nice Est (n\u00b055)<\/strong><\/p>\n<p>En direction de l&rsquo;Italie, la bretelle d&rsquo;entr\u00e9e de Nice Est (n\u00b055) sera inaccessible pendant quatre nuits, du lundi 7 au vendredi 11 avril, de 21h \u00e0 5h.\u00a0<\/p>\n<p><strong>Nice Ouest (n\u00b050)<\/strong><\/p>\n<p>En direction d&rsquo;Aix-en-Provence, les deux bretelles d&rsquo;entr\u00e9e de Nice Ouest (n\u00b050), en provenance de la Prom&rsquo; et de la voie Mathis, seront ferm\u00e9es deux nuits du lundi 7 au mercredi 9 avril, de 21h \u00e0 5h.\u00a0<\/p>\n<p><strong>Saint-Laurent-du-Var (n\u00b049)<\/strong><\/p>\n<p>En direction d&rsquo;Aix-en-Provence, la bretelle d&rsquo;entr\u00e9e de Saint-Laurent-du-Var (n\u00b049) sera inaccessible la nuit du jeudi 10 au vendredi 11 avril, de 23h \u00e0 3h.\u00a0<\/p>\n<p><strong>Villeneuve-Loubet (n\u00b047)<\/strong><\/p>\n<p>En direction d&rsquo;Aix-en-Provence, la bretelle de sortie de Villeneuve-Loubet (n\u00b047) sera ferm\u00e9e la nuit du mercredi 9 au jeudi 10 avril, de 22h \u00e0 3h. La bretelle d&rsquo;entr\u00e9e sera \u00e9galement inaccessible pendant 30 minutes.\u00a0<\/p>\n<p><strong>Antibes (n\u00b044)<\/strong><\/p>\n<p>En direction d&rsquo;Aix-en-Provence, la bretelle d&rsquo;entr\u00e9e d&rsquo;Antibes Ouest (n\u00b044) sera ferm\u00e9e la nuit du jeudi 10 au vendredi 11 avril, de 21h \u00e0 3h.\u00a0<\/p>\n","protected":false},"excerpt":{"rendered":"Les fermetures ponctuelles pour travaux En parall\u00e8le, Vinci Autoroutes effectue -comme toujours- des travaux de maintenance des \u00e9quipements.\u00a0&hellip;\n","protected":false},"author":2,"featured_media":11181,"comment_status":"","ping_status":"","sticky":false,"template":"","format":"standard","meta":{"footnotes":""},"categories":[2819],"tags":[1111,11,1777,674,1011,27,803,12,2401,882,25],"class_list":{"0":"post-11180","1":"post","2":"type-post","3":"status-publish","4":"format-standard","5":"has-post-thumbnail","7":"category-nice","8":"tag-actu","9":"tag-actualites","10":"tag-eu","11":"tag-europe","12":"tag-fr","13":"tag-france","14":"tag-info-trafic","15":"tag-news","16":"tag-nice","17":"tag-provence-alpes-cote-dazur","18":"tag-republique-francaise"},"share_on_mastodon":{"url":"https:\/\/pubeurope.com\/@fr\/114304494067005476","error":""},"_links":{"self":[{"href":"https:\/\/www.europesays.com\/fr\/wp-json\/wp\/v2\/posts\/11180","targetHints":{"allow":["GET"]}}],"collection":[{"href":"https:\/\/www.europesays.com\/fr\/wp-json\/wp\/v2\/posts"}],"about":[{"href":"https:\/\/www.europesays.com\/fr\/wp-json\/wp\/v2\/types\/post"}],"author":[{"embeddable":true,"href":"https:\/\/www.europesays.com\/fr\/wp-json\/wp\/v2\/users\/2"}],"replies":[{"embeddable":true,"href":"https:\/\/www.europesays.com\/fr\/wp-json\/wp\/v2\/comments?post=11180"}],"version-history":[{"count":0,"href":"https:\/\/www.europesays.com\/fr\/wp-json\/wp\/v2\/posts\/11180\/revisions"}],"wp:featuredmedia":[{"embeddable":true,"href":"https:\/\/www.europesays.com\/fr\/wp-json\/wp\/v2\/media\/11181"}],"wp:attachment":[{"href":"https:\/\/www.europesays.com\/fr\/wp-json\/wp\/v2\/media?parent=11180"}],"wp:term":[{"taxonomy":"category","embeddable":true,"href":"https:\/\/www.europesays.com\/fr\/wp-json\/wp\/v2\/categories?post=11180"},{"taxonomy":"post_tag","embeddable":true,"href":"https:\/\/www.europesays.com\/fr\/wp-json\/wp\/v2\/tags?post=11180"}],"curies":[{"name":"wp","href":"https:\/\/api.w.org\/{rel}","templated":true}]}}