{"id":111806,"date":"2025-05-19T13:06:09","date_gmt":"2025-05-19T13:06:09","guid":{"rendered":"https:\/\/www.europesays.com\/fr\/111806\/"},"modified":"2025-05-19T13:06:09","modified_gmt":"2025-05-19T13:06:09","slug":"saint-etienne-sous-oqtf-et-en-possession-de-stupefiants-il-tente-de-fuir-le-controle-de-police","status":"publish","type":"post","link":"https:\/\/www.europesays.com\/fr\/111806\/","title":{"rendered":"Saint-Etienne. Sous OQTF et en possession de stup\u00e9fiants, il tente de fuir le contr\u00f4le de police"},"content":{"rendered":"<p>Le vendredi 16\u00a0mai, vers 21 heures, un \u00e9quipage de la Brigade anticriminalit\u00e9 se trouve en faction dans la rue Francis-Beaulier, \u00e0 quelques encablures de l\u2019hypercentre st\u00e9phanois, quand les policiers aper\u00e7oivent un individu au comportement suspect.<\/p>\n<p>En effet, \u00e0 proximit\u00e9, un lourd dispositif mis en place par la Direction interd\u00e9partementale de la police nationale vise \u00e0 emp\u00eacher <a href=\"https:\/\/www.leprogres.fr\/faits-divers-justice\/2025\/05\/17\/point-de-deal-rue-antoine-durafour-quatre-hommes-places-en-detention-provisoire\" target=\"_blank\" rel=\"nofollow noopener\">la r\u00e9activation du point de deal de la rue Antoine-Durafour.<\/a> \u00c0 la vue des fonctionnaires, ce dernier va tenter de se d\u00e9barrasser de plusieurs sachets avant de prendre la fuite \u00e0 pied.<\/p>\n<p>  30 grammes de r\u00e9sine et d\u2019herbe de cannabis<\/p>\n<p>Cependant, l\u2019homme \u00e2g\u00e9 de 22 ans sera rattrap\u00e9 un peu plus loin, au niveau de la rue Michelet, et interpell\u00e9. Les fonctionnaires vont retrouver pr\u00e8s d\u2019une trentaine de grammes de r\u00e9sine de cannabis et d\u2019herbe de cannabis.<\/p>\n<p>Au cours de sa garde \u00e0 vue, les forces de l\u2019ordre vont d\u00e9couvrir que le mis en cause est en situation irr\u00e9guli\u00e8re et fait l\u2019objet d\u2019une Obligation de quitter le territoire fran\u00e7ais (OQTF). Pour cette raison, il doit d\u00e9sormais \u00eatre assign\u00e9 \u00e0 r\u00e9sidence dans l\u2019attente d\u2019une d\u00e9cision administrative.<\/p>\n","protected":false},"excerpt":{"rendered":"Le vendredi 16\u00a0mai, vers 21 heures, un \u00e9quipage de la Brigade anticriminalit\u00e9 se trouve en faction dans la&hellip;\n","protected":false},"author":2,"featured_media":111807,"comment_status":"","ping_status":"","sticky":false,"template":"","format":"standard","meta":{"footnotes":""},"categories":[9653],"tags":[1111,11,2430,271,272,7539,1777,674,274,1011,27,3367,12,25,4001,7538],"class_list":{"0":"post-111806","1":"post","2":"type-post","3":"status-publish","4":"format-standard","5":"has-post-thumbnail","7":"category-saint-etienne","8":"tag-actu","9":"tag-actualites","10":"tag-auvergne-rhone-alpes","11":"tag-crime","12":"tag-delit-et-contravention","13":"tag-edition-loire-sud","14":"tag-eu","15":"tag-europe","16":"tag-faits-divers-justice","17":"tag-fr","18":"tag-france","19":"tag-loire","20":"tag-news","21":"tag-republique-francaise","22":"tag-saint-etienne","23":"tag-saint-etienne-ville"},"share_on_mastodon":{"url":"https:\/\/pubeurope.com\/@fr\/114534651276470715","error":""},"_links":{"self":[{"href":"https:\/\/www.europesays.com\/fr\/wp-json\/wp\/v2\/posts\/111806","targetHints":{"allow":["GET"]}}],"collection":[{"href":"https:\/\/www.europesays.com\/fr\/wp-json\/wp\/v2\/posts"}],"about":[{"href":"https:\/\/www.europesays.com\/fr\/wp-json\/wp\/v2\/types\/post"}],"author":[{"embeddable":true,"href":"https:\/\/www.europesays.com\/fr\/wp-json\/wp\/v2\/users\/2"}],"replies":[{"embeddable":true,"href":"https:\/\/www.europesays.com\/fr\/wp-json\/wp\/v2\/comments?post=111806"}],"version-history":[{"count":0,"href":"https:\/\/www.europesays.com\/fr\/wp-json\/wp\/v2\/posts\/111806\/revisions"}],"wp:featuredmedia":[{"embeddable":true,"href":"https:\/\/www.europesays.com\/fr\/wp-json\/wp\/v2\/media\/111807"}],"wp:attachment":[{"href":"https:\/\/www.europesays.com\/fr\/wp-json\/wp\/v2\/media?parent=111806"}],"wp:term":[{"taxonomy":"category","embeddable":true,"href":"https:\/\/www.europesays.com\/fr\/wp-json\/wp\/v2\/categories?post=111806"},{"taxonomy":"post_tag","embeddable":true,"href":"https:\/\/www.europesays.com\/fr\/wp-json\/wp\/v2\/tags?post=111806"}],"curies":[{"name":"wp","href":"https:\/\/api.w.org\/{rel}","templated":true}]}}