{"id":111808,"date":"2025-05-19T13:07:08","date_gmt":"2025-05-19T13:07:08","guid":{"rendered":"https:\/\/www.europesays.com\/fr\/111808\/"},"modified":"2025-05-19T13:07:08","modified_gmt":"2025-05-19T13:07:08","slug":"saint-etienne-sous-lemprise-de-lalcool-ils-tentent-de-voler-une-veste-a-steel-et-agressent-les-vigiles","status":"publish","type":"post","link":"https:\/\/www.europesays.com\/fr\/111808\/","title":{"rendered":"Saint-Etienne. Sous l\u2019emprise de l\u2019alcool, ils tentent de voler une veste \u00e0 Steel et agressent les vigiles"},"content":{"rendered":"<p>Vendredi 16\u00a0mai, vers 20 heures, les forces de police ont \u00e9t\u00e9 sollicit\u00e9es par les vigiles d\u2019un magasin d\u2019\u00e9quipements sportifs situ\u00e9 dans la zone commerciale Steel. Quelques minutes plus t\u00f4t, deux individus \u00e2g\u00e9s de 18 et 24 ans venaient de proc\u00e9der \u00e0 un vol \u00e0 l\u2019\u00e9talage, d\u00e9robant une veste d\u2019un montant de 49,99\u00a0euros.<\/p>\n<p>De source polici\u00e8re, le duo s\u2019est ensuite distingu\u00e9 en commettant des d\u00e9gradations dans les all\u00e9es du centre commercial. Tous deux auraient \u00e9galement insult\u00e9 et violent\u00e9 les agents du magasin qui tentaient de les ma\u00eetriser.<\/p>\n<p>Visiblement alcoolis\u00e9s, ils ont finalement \u00e9t\u00e9 interpell\u00e9s par les fonctionnaires avant d\u2019\u00eatre plac\u00e9s en garde \u00e0 vue. \u00c0 l\u2019issue, ils ont re\u00e7u une convocation devant le tribunal correctionnel de Saint-Etienne au cours des prochaines semaines.<\/p>\n","protected":false},"excerpt":{"rendered":"Vendredi 16\u00a0mai, vers 20 heures, les forces de police ont \u00e9t\u00e9 sollicit\u00e9es par les vigiles d\u2019un magasin d\u2019\u00e9quipements&hellip;\n","protected":false},"author":2,"featured_media":111809,"comment_status":"","ping_status":"","sticky":false,"template":"","format":"standard","meta":{"footnotes":""},"categories":[9653],"tags":[1111,11,2430,271,272,7539,1777,674,274,1011,27,3367,12,25,4001,7538],"class_list":{"0":"post-111808","1":"post","2":"type-post","3":"status-publish","4":"format-standard","5":"has-post-thumbnail","7":"category-saint-etienne","8":"tag-actu","9":"tag-actualites","10":"tag-auvergne-rhone-alpes","11":"tag-crime","12":"tag-delit-et-contravention","13":"tag-edition-loire-sud","14":"tag-eu","15":"tag-europe","16":"tag-faits-divers-justice","17":"tag-fr","18":"tag-france","19":"tag-loire","20":"tag-news","21":"tag-republique-francaise","22":"tag-saint-etienne","23":"tag-saint-etienne-ville"},"share_on_mastodon":{"url":"https:\/\/pubeurope.com\/@fr\/114534655219739603","error":""},"_links":{"self":[{"href":"https:\/\/www.europesays.com\/fr\/wp-json\/wp\/v2\/posts\/111808","targetHints":{"allow":["GET"]}}],"collection":[{"href":"https:\/\/www.europesays.com\/fr\/wp-json\/wp\/v2\/posts"}],"about":[{"href":"https:\/\/www.europesays.com\/fr\/wp-json\/wp\/v2\/types\/post"}],"author":[{"embeddable":true,"href":"https:\/\/www.europesays.com\/fr\/wp-json\/wp\/v2\/users\/2"}],"replies":[{"embeddable":true,"href":"https:\/\/www.europesays.com\/fr\/wp-json\/wp\/v2\/comments?post=111808"}],"version-history":[{"count":0,"href":"https:\/\/www.europesays.com\/fr\/wp-json\/wp\/v2\/posts\/111808\/revisions"}],"wp:featuredmedia":[{"embeddable":true,"href":"https:\/\/www.europesays.com\/fr\/wp-json\/wp\/v2\/media\/111809"}],"wp:attachment":[{"href":"https:\/\/www.europesays.com\/fr\/wp-json\/wp\/v2\/media?parent=111808"}],"wp:term":[{"taxonomy":"category","embeddable":true,"href":"https:\/\/www.europesays.com\/fr\/wp-json\/wp\/v2\/categories?post=111808"},{"taxonomy":"post_tag","embeddable":true,"href":"https:\/\/www.europesays.com\/fr\/wp-json\/wp\/v2\/tags?post=111808"}],"curies":[{"name":"wp","href":"https:\/\/api.w.org\/{rel}","templated":true}]}}