{"id":111810,"date":"2025-05-19T13:08:23","date_gmt":"2025-05-19T13:08:23","guid":{"rendered":"https:\/\/www.europesays.com\/fr\/111810\/"},"modified":"2025-05-19T13:08:23","modified_gmt":"2025-05-19T13:08:23","slug":"nancy-lensemble-stanislas-celebre-bach","status":"publish","type":"post","link":"https:\/\/www.europesays.com\/fr\/111810\/","title":{"rendered":"Nancy. L\u2019Ensemble Stanislas c\u00e9l\u00e8bre Bach"},"content":{"rendered":"<p>L\u2019ensemble Stanislas a choisi la formation du quintette \u00e0 cordes avec contrebasse pour aborder les r\u00e9pertoires de musique baroque, romantique et contemporaine.<\/p>\n<p>C\u2019est ainsi que les cinq interpr\u00e8tes, Franck Natan et Bertrand Menut au violon, Marie Triplet \u00e0 l\u2019alto, Morgan Gabin au violoncelle et Fanny Bereau \u00e0 la contrebasse, c\u00e9l\u00e9breront le 340e anniversaire de la naissance de Jean-S\u00e9bastien Bach avec sa Toccata et Fugue en r\u00e9 mineur pour orgue.<\/p>\n<p>En cr\u00e9ation mondiale \u00ab\u00a0H\u00e9r\u00e9sie\u00a0\u00bb de Franck Natan, dans une nouvelle version 2025, a pour th\u00e8me l\u2019obscurantisme, contre lequel les musiciens alertent et luttent avec force, arm\u00e9s d\u2019un ostinato ent\u00eatant et de th\u00e8mes tourn\u00e9s vers l\u2019esp\u00e9rance.<\/p>\n<p>Dans le quintette \u00e0 cordes n\u00b0\u00a02 en sol majeur op77 d\u2019Anton Dvor\u00e1k, on y retrouve sa cr\u00e9ativit\u00e9 rythmique, et l\u2019efficacit\u00e9 des th\u00e8mes puis\u00e9s dans les musiques du folklore tch\u00e8que.<\/p>\n<p class=\"note\">Lundi 2\u00a0juin \u00e0 20\u00a0h, salle Poirel. Billetterie\u00a0: T\u00e9l.\u00a003\u00a083\u00a032\u00a031\u00a025 ou poirel@nancy.fr Tarif plein\u00a0: 25\u00a0\u20ac Tarif jeune (-26 ans et demandeurs d\u2019emploi)\u00a0: 10\u00a0\u20ac.<\/p>\n","protected":false},"excerpt":{"rendered":"L\u2019ensemble Stanislas a choisi la formation du quintette \u00e0 cordes avec contrebasse pour aborder les r\u00e9pertoires de musique&hellip;\n","protected":false},"author":2,"featured_media":111811,"comment_status":"","ping_status":"","sticky":false,"template":"","format":"standard","meta":{"footnotes":""},"categories":[9635],"tags":[1111,11,1687,1704,1777,674,1011,27,775,873,1702,1703,12,25],"class_list":{"0":"post-111810","1":"post","2":"type-post","3":"status-publish","4":"format-standard","5":"has-post-thumbnail","7":"category-nancy","8":"tag-actu","9":"tag-actualites","10":"tag-culture-loisirs","11":"tag-edition-nancy-et-agglomeration","12":"tag-eu","13":"tag-europe","14":"tag-fr","15":"tag-france","16":"tag-grand-est","17":"tag-musique","18":"tag-nancy","19":"tag-nancy-ville-54b","20":"tag-news","21":"tag-republique-francaise"},"share_on_mastodon":{"url":"https:\/\/pubeurope.com\/@fr\/114534659291267303","error":""},"_links":{"self":[{"href":"https:\/\/www.europesays.com\/fr\/wp-json\/wp\/v2\/posts\/111810","targetHints":{"allow":["GET"]}}],"collection":[{"href":"https:\/\/www.europesays.com\/fr\/wp-json\/wp\/v2\/posts"}],"about":[{"href":"https:\/\/www.europesays.com\/fr\/wp-json\/wp\/v2\/types\/post"}],"author":[{"embeddable":true,"href":"https:\/\/www.europesays.com\/fr\/wp-json\/wp\/v2\/users\/2"}],"replies":[{"embeddable":true,"href":"https:\/\/www.europesays.com\/fr\/wp-json\/wp\/v2\/comments?post=111810"}],"version-history":[{"count":0,"href":"https:\/\/www.europesays.com\/fr\/wp-json\/wp\/v2\/posts\/111810\/revisions"}],"wp:featuredmedia":[{"embeddable":true,"href":"https:\/\/www.europesays.com\/fr\/wp-json\/wp\/v2\/media\/111811"}],"wp:attachment":[{"href":"https:\/\/www.europesays.com\/fr\/wp-json\/wp\/v2\/media?parent=111810"}],"wp:term":[{"taxonomy":"category","embeddable":true,"href":"https:\/\/www.europesays.com\/fr\/wp-json\/wp\/v2\/categories?post=111810"},{"taxonomy":"post_tag","embeddable":true,"href":"https:\/\/www.europesays.com\/fr\/wp-json\/wp\/v2\/tags?post=111810"}],"curies":[{"name":"wp","href":"https:\/\/api.w.org\/{rel}","templated":true}]}}