{"id":111814,"date":"2025-05-19T13:10:10","date_gmt":"2025-05-19T13:10:10","guid":{"rendered":"https:\/\/www.europesays.com\/fr\/111814\/"},"modified":"2025-05-19T13:10:10","modified_gmt":"2025-05-19T13:10:10","slug":"soit-on-est-entendu-soit-on-bloque-le-pays-les-taxis-paralysent-toulon-pour-se-faire-entendre","status":"publish","type":"post","link":"https:\/\/www.europesays.com\/fr\/111814\/","title":{"rendered":"\u00ab\u00a0Soit on est entendu, soit on bloque le pays\u00a0\u00bb: les taxis paralysent Toulon pour se faire entendre"},"content":{"rendered":"<p><strong>Leur mouvement ne peut passer inaper\u00e7u.<\/strong> Que ce soit aux entr\u00e9es d\u2019autoroute est et ouest de Toulon, comme aux entr\u00e9s et sorties des p\u00e9ages du Muy et de Fr\u00e9jus (Capitou) sur l\u2019A8, <a href=\"https:\/\/www.varmatin.com\/greve-mouvements-sociaux\/mouvement-social-des-conducteurs-de-taxi-le-point-circulation-a-la-mi-journee-sur-l-a50-l-a57-et-l-a8-986459\" target=\"_blank\" rel=\"noopener nofollow\">des op\u00e9rations escargots et de tractage ont \u00e9t\u00e9 mises en place d\u00e8s l\u2019aube<\/a>, ce lundi matin. <strong>Pr\u00e8s de 250 taxis varois suivent l\u2019appel \u00e0 la gr\u00e8ve nationale port\u00e9 par les syndicats<\/strong>. Le mouvement est pr\u00e9vu pour durer toute la journ\u00e9e et sera reconduit les jours suivants si le Gouvernement fait la sourde oreille. \u00ab\u00a0Soit on est entendu, soit on bloque le pays!\u00a0\u00bb, pr\u00e9vient un gr\u00e9viste toulonnais, ce lundi matin.<\/p>\n<p>Deux sujets alimentent leur col\u00e8re. Le premier concerne l\u2019annonce faite jeudi dernier par l\u2019Assurance maladie d\u2019une nouvelle tarification pour les transports sanitaires effectu\u00e9s en taxi conventionn\u00e9. Les taxis seraient r\u00e9mun\u00e9r\u00e9s sur la base d\u2019un forfait de prise en charge de 13 euros (avec une majoration pour les d\u00e9parts et arriv\u00e9es dans les grandes agglom\u00e9rations) contre 26 euros actuellement.<\/p>\n<p>\u00ab\u00a0<strong>Le transport sanitaire repr\u00e9sente pr\u00e8s de 80 % des courses d\u2019un taxi qui travaille 12 heures par jour pour gagner \u00e0 peine plus de 2.000 euros par mois<\/strong>\u00ab\u00a0, argumente ce lundi matin un gr\u00e9viste toulonnais. Cela repr\u00e9senterait une perte de salaire \u00ab\u00a0de 30 \u00e0 40 %\u00a0\u00bb. Cette proposition doit encore \u00eatre approuv\u00e9e par le Gouvernement, et entrerait en vigueur le 1er octobre 2025.<\/p>\n<p>Deuxi\u00e8me point de crispation: l\u2019ub\u00e9risation de la profession qui ne date pas d\u2019hier mais qui doit \u00eatre mieux r\u00e9gul\u00e9e, selon eux. \u00ab\u00a0Les forces de l\u2019ordre doivent faire respecter la loi Grandguillaume (vot\u00e9e en 2016) et mettre fin aux maraudes des taxis Uber et Bolt\u00a0\u00bb, pointent les gr\u00e9vistes qui s\u2019endettent sur dix ans en moyenne pour rembourser leur licence professionnelle de 300 000 euros. \u00ab\u00a0Une \u00e9tude montre que le salaire moyen d\u2019un taxi est inf\u00e9rieur au smic\u00a0\u00bb, avance Thibault Lafontaine, d\u00e9l\u00e9gu\u00e9 syndical de l\u2019Union des taxis varois.<\/p>\n<p>                                \u00ab\u00a0Je vais leur p\u00e9ter les r\u00e9tros!\u00a0\u00bb<\/p>\n<p>L\u2019op\u00e9ration escargot de ce lundi matin a cr\u00e9\u00e9 de longues files d\u2019embouteillage. Pr\u00e8s de 3 km d\u2019embouteillages au p\u00e9age du Muy et de forts ralentissements autour de Fr\u00e9jus-Est ont \u00e9t\u00e9 observ\u00e9s par les services de la pr\u00e9fecture.<\/p>\n<p>\u00c0 l\u2019entr\u00e9e ouest de Toulon o\u00f9 nous nous sommes rendus, les automobilistes ont mis entre 2h30 et 3 heures pour parcourir 7 kilom\u00e8tres depuis La Seyne-su-Mer ou \u00ab\u00a0\u00e0 peine 4 kilom\u00e8tres\u00a0\u00bb\u00a0depuis l\u2019\u00e9changeur de La Seyne &#8211; Six-Fours jusqu\u2019au barrage filtrant situ\u00e9 sur la voie d\u2019acc\u00e8s \u00e0 Toulon centre.<\/p>\n<p>\u00ab\u00a0Je craque&#8230;\u00a0\u00bb,\u00a0nous dit cette femme d\u2019une cinquantaine d\u2019ann\u00e9es qui a loup\u00e9 un rendez-vous m\u00e9dical qu\u2019elle attendait depuis quatre mois. <strong>\u00ab\u00a0Je vais leur p\u00e9ter les r\u00e9tros!<\/strong>, explose un autre automobiliste. C\u2019est le peuple contre le peuple, c\u2019est d\u00e9bile!\u00a0\u00bb.<\/p>\n<p>\u00ab\u00a0Ils auraient au moins pu laisser une voie de circulation. Manifester, c\u2019est leur droit, mais chacun d\u00e9fend son boulot&#8230;\u00a0\u00bb, temp\u00e8re un autre. Fran\u00e7ois, qui a parcouru \u00ab\u00a0m\u00eame pas deux kilom\u00e8tres en 2h30\u00a0\u00bb, patiente en lisant une bande dessin\u00e9e. \u00ab\u00a0Je con\u00e7ois leur col\u00e8re mais leur action alimente une animosit\u00e9 envers eux. Moi, je ne vais pas m\u2019\u00e9nerver pour quelque chose qui ne me concerne pas alors que je subis d\u00e9j\u00e0 les choix que je fais&#8230;\u00a0\u00bb<\/p>\n<p>Ce lundi matin, chacun \u00e9tait confront\u00e9 \u00e0 sa propre patience&#8230;<\/p>\n","protected":false},"excerpt":{"rendered":"Leur mouvement ne peut passer inaper\u00e7u. Que ce soit aux entr\u00e9es d\u2019autoroute est et ouest de Toulon, comme&hellip;\n","protected":false},"author":2,"featured_media":111815,"comment_status":"","ping_status":"","sticky":false,"template":"","format":"standard","meta":{"footnotes":""},"categories":[9619],"tags":[1111,11,646,1777,674,1011,27,802,12,882,25,801,2310,800],"class_list":{"0":"post-111814","1":"post","2":"type-post","3":"status-publish","4":"format-standard","5":"has-post-thumbnail","7":"category-toulon","8":"tag-actu","9":"tag-actualites","10":"tag-automobile","11":"tag-eu","12":"tag-europe","13":"tag-fr","14":"tag-france","15":"tag-greves-et-mouvements-sociaux","16":"tag-news","17":"tag-provence-alpes-cote-dazur","18":"tag-republique-francaise","19":"tag-social","20":"tag-toulon","21":"tag-transports"},"share_on_mastodon":{"url":"https:\/\/pubeurope.com\/@fr\/114534666997387750","error":""},"_links":{"self":[{"href":"https:\/\/www.europesays.com\/fr\/wp-json\/wp\/v2\/posts\/111814","targetHints":{"allow":["GET"]}}],"collection":[{"href":"https:\/\/www.europesays.com\/fr\/wp-json\/wp\/v2\/posts"}],"about":[{"href":"https:\/\/www.europesays.com\/fr\/wp-json\/wp\/v2\/types\/post"}],"author":[{"embeddable":true,"href":"https:\/\/www.europesays.com\/fr\/wp-json\/wp\/v2\/users\/2"}],"replies":[{"embeddable":true,"href":"https:\/\/www.europesays.com\/fr\/wp-json\/wp\/v2\/comments?post=111814"}],"version-history":[{"count":0,"href":"https:\/\/www.europesays.com\/fr\/wp-json\/wp\/v2\/posts\/111814\/revisions"}],"wp:featuredmedia":[{"embeddable":true,"href":"https:\/\/www.europesays.com\/fr\/wp-json\/wp\/v2\/media\/111815"}],"wp:attachment":[{"href":"https:\/\/www.europesays.com\/fr\/wp-json\/wp\/v2\/media?parent=111814"}],"wp:term":[{"taxonomy":"category","embeddable":true,"href":"https:\/\/www.europesays.com\/fr\/wp-json\/wp\/v2\/categories?post=111814"},{"taxonomy":"post_tag","embeddable":true,"href":"https:\/\/www.europesays.com\/fr\/wp-json\/wp\/v2\/tags?post=111814"}],"curies":[{"name":"wp","href":"https:\/\/api.w.org\/{rel}","templated":true}]}}