{"id":11182,"date":"2025-04-08T21:35:14","date_gmt":"2025-04-08T21:35:14","guid":{"rendered":"https:\/\/www.europesays.com\/fr\/11182\/"},"modified":"2025-04-08T21:35:14","modified_gmt":"2025-04-08T21:35:14","slug":"cette-entree-de-la8-supprimee-de-grosses-modifications-annoncees","status":"publish","type":"post","link":"https:\/\/www.europesays.com\/fr\/11182\/","title":{"rendered":"cette entr\u00e9e de l&rsquo;A8 supprim\u00e9e, de grosses modifications annonc\u00e9es"},"content":{"rendered":"<p>            Par<br \/>\n        <strong><br \/>\n            <a href=\"https:\/\/actu.fr\/auteur\/manon-reinhardt\" title=\"Consulter tous les articles de Manon Reinhardt\" target=\"_blank\" rel=\"noopener\">Manon Reinhardt<\/a><br \/>\n        <\/strong><\/p>\n<p>        Publi\u00e9 le<\/p>\n<p>            7 avr. 2025 \u00e0 16h31        <\/p>\n<p>C\u2019est un projet tr\u00e8s attendu par les riverains du quartier. Le nouveau tunnel \u00e0 la sortie ouest de la voie Mathis \u00e0 <a href=\"https:\/\/actu.fr\/provence-alpes-cote-d-azur\/nice_06088\" target=\"_blank\" rel=\"noopener\">Nice<\/a> (<a href=\"https:\/\/actu.fr\/provence-alpes-cote-d-azur\/alpes-maritimes_06\" target=\"_blank\" rel=\"noopener\">Alpes-Maritimes<\/a>) entrera enfin en service fin mai. Il devrait permettre de fluidifier la circulation de mani\u00e8re radicale.<\/p>\n<p class=\" wall-content\">Un \u00e9changeur de l\u2019autoroute A8 au niveau de Nice Ouest est <strong>d\u00e9finitivement supprim\u00e9<\/strong> \u00e0 partir de ce mardi 8\u00a0avril 2025, annonce la mairie.<\/p>\n<p>L\u2019\u00e9changeur n\u00b050 d\u00e9finitivement ferm\u00e9<\/p>\n<p class=\" wall-content\">D\u00e8s ce mardi, il vous sera impossible de rejoindre l\u2019autoroute A8 en direction de Marseille par l\u2019\u00e9changeur n\u00b050, depuis la promenade des Anglais. \u00c0 Nice Ouest, cette bretelle sera d\u00e9sormais inaccessible dans le cadre de la mise en service du <strong>nouveau tunnel \u00e0 la sortie de la voie Mathis<\/strong>.<\/p>\n<p class=\" wall-content\">Sa mise en route est pr\u00e9vue \u00e0 la fin du mois et de mai, apr\u00e8s plusieurs ann\u00e9es de travaux, et des modifications de circulation viennent d\u2019\u00eatre annonc\u00e9es par la mairie de Nice.<\/p>\n<p class=\" wall-content\"><strong>\u00c0 savoir\u2009:<\/strong><\/p>\n<ul class=\" wall-content\">\n<li>En direction d\u2019Aix en Provence, sur l\u2019avenue Val\u00e9ry Giscard d\u2019Estaing, deux voies seront d\u00e9di\u00e9es \u00e0 l\u2019acc\u00e8s \u00e0 l\u2019autoroute pour fluidifier la circulation pendant la journ\u00e9e. Jusqu\u2019\u00e0 fin avril, cet acc\u00e8s \u00e0 l\u2019autoroute sera toutefois ferm\u00e9 la nuit, du lundi au vendredi, entre 21h et 5h<\/li>\n<li>En direction d\u2019Aix en Provence, sur le boulevard du Mercantour, la voie d\u2019insertion \u00e0 l\u2019autoroute sera <strong>d\u00e9finitivement supprim\u00e9e<\/strong> \u00e0 partir du 8\u00a0avril<\/li>\n<li>En direction de l\u2019Italie, les modalit\u00e9s d\u2019acc\u00e8s ne sont pas modifi\u00e9es<\/li>\n<\/ul>\n<p>Vid\u00e9os : en ce moment sur Actu<\/p>\n<p class=\" wall-content\">\n<p>\u00c0 300\u00a0m\u00e8tres de l\u2019A8<\/p>\n<p class=\" wall-content\">Ainsi, \u00ab\u2009les usagers souhaitant rejoindre l\u2019A8 depuis Nice en direction de Cannes \/ Aix-en-Provence sont incit\u00e9s \u00e0 privil\u00e9gier l\u2019itin\u00e9raire d\u2019acc\u00e8s <strong>par la voie Pierre Mathis<\/strong> puis l\u2019avenue Val\u00e9ry Giscard d\u2019Estaing\u2009\u00bb, indiquent les services dans un communiqu\u00e9.<\/p>\n<p>      <img   decoding=\"async\" loading=\"lazy\" src=\"https:\/\/www.europesays.com\/fr\/wp-content\/uploads\/2025\/04\/visuel-bretelle-n50-960x640.jpg\" alt=\"Voici le nouveau plan de circulation dans ce secteur.\" width=\"960\" height=\"640\"\/><br \/>\n    Voici le nouveau plan de circulation dans ce secteur. (\u00a9Visuel mairie de Nice)<\/p>\n<p class=\" wall-content\">Des panneaux indicatifs sont install\u00e9s sur place et dans le secteur afin de pr\u00e9venir les usagers. La sortie du futur tunnel se trouvera \u00e0 300\u00a0m\u00e8tres de l\u2019entr\u00e9e de l\u2019A8 et devrait, si tout va bien, \u00eatre directement reli\u00e9e \u00e0 l\u2019autoroute. Mais cela n\u2019interviendra que dans une <strong>seconde phase de travaux<\/strong>.<\/p>\n<p class=\" wall-content\">En attendant, \u00ab\u2009fin mai, les premi\u00e8res voitures pourront emprunter le tunnel de la nouvelle sortie Ouest de la Voie Mathis qui permettra d\u2019am\u00e9liorer les flux de circulation et de d\u00e9sengorger l\u2019Ouest de Nice\u2009\u00bb, promet la municipalit\u00e9.<\/p>\n<p class=\" wall-content\">Suivez toute l\u2019actualit\u00e9 de vos villes et m\u00e9dias favoris en vous inscrivant \u00e0 <a href=\"https:\/\/moncompte.actu.fr\" title=\"D\u00e9couvez Mon Actu\" rel=\"nofollow noopener\" data-trk=\"{&quot;cta&quot;:{&quot;action&quot;:&quot;https:\\\/\\\/moncompte.actu.fr&quot;,&quot;category&quot;:&quot;mon compte&quot;,&quot;from&quot;:&quot;article footer&quot;,&quot;name&quot;:&quot;Mon actu&quot;,&quot;type&quot;:&quot;cta&quot;}}\" target=\"_blank\">Mon Actu<\/a>.<\/p>\n","protected":false},"excerpt":{"rendered":"Par Manon Reinhardt Publi\u00e9 le 7 avr. 2025 \u00e0 16h31 C\u2019est un projet tr\u00e8s attendu par les riverains&hellip;\n","protected":false},"author":2,"featured_media":11183,"comment_status":"","ping_status":"","sticky":false,"template":"","format":"standard","meta":{"footnotes":""},"categories":[2819],"tags":[1111,11,5397,3542,1777,674,1011,27,803,12,2401,882,25,104],"class_list":{"0":"post-11182","1":"post","2":"type-post","3":"status-publish","4":"format-standard","5":"has-post-thumbnail","7":"category-nice","8":"tag-actu","9":"tag-actualites","10":"tag-autoroute-8-a8","11":"tag-circulation","12":"tag-eu","13":"tag-europe","14":"tag-fr","15":"tag-france","16":"tag-info-trafic","17":"tag-news","18":"tag-nice","19":"tag-provence-alpes-cote-dazur","20":"tag-republique-francaise","21":"tag-societe"},"share_on_mastodon":{"url":"https:\/\/pubeurope.com\/@fr\/114304497967595517","error":""},"_links":{"self":[{"href":"https:\/\/www.europesays.com\/fr\/wp-json\/wp\/v2\/posts\/11182","targetHints":{"allow":["GET"]}}],"collection":[{"href":"https:\/\/www.europesays.com\/fr\/wp-json\/wp\/v2\/posts"}],"about":[{"href":"https:\/\/www.europesays.com\/fr\/wp-json\/wp\/v2\/types\/post"}],"author":[{"embeddable":true,"href":"https:\/\/www.europesays.com\/fr\/wp-json\/wp\/v2\/users\/2"}],"replies":[{"embeddable":true,"href":"https:\/\/www.europesays.com\/fr\/wp-json\/wp\/v2\/comments?post=11182"}],"version-history":[{"count":0,"href":"https:\/\/www.europesays.com\/fr\/wp-json\/wp\/v2\/posts\/11182\/revisions"}],"wp:featuredmedia":[{"embeddable":true,"href":"https:\/\/www.europesays.com\/fr\/wp-json\/wp\/v2\/media\/11183"}],"wp:attachment":[{"href":"https:\/\/www.europesays.com\/fr\/wp-json\/wp\/v2\/media?parent=11182"}],"wp:term":[{"taxonomy":"category","embeddable":true,"href":"https:\/\/www.europesays.com\/fr\/wp-json\/wp\/v2\/categories?post=11182"},{"taxonomy":"post_tag","embeddable":true,"href":"https:\/\/www.europesays.com\/fr\/wp-json\/wp\/v2\/tags?post=11182"}],"curies":[{"name":"wp","href":"https:\/\/api.w.org\/{rel}","templated":true}]}}