{"id":111820,"date":"2025-05-19T13:13:16","date_gmt":"2025-05-19T13:13:16","guid":{"rendered":"https:\/\/www.europesays.com\/fr\/111820\/"},"modified":"2025-05-19T13:13:16","modified_gmt":"2025-05-19T13:13:16","slug":"la-licra-ouvre-le-debat-sur-le-racisme-lantisemitisme-et-les-discriminations","status":"publish","type":"post","link":"https:\/\/www.europesays.com\/fr\/111820\/","title":{"rendered":"la LICRA ouvre le d\u00e9bat sur le racisme, l&rsquo;antis\u00e9mitisme et les discriminations"},"content":{"rendered":"<p>\n\t\t\t\t\tJeudi 15 mai dernier, la LICRA Montpellier a organis\u00e9 une conf\u00e9rence publique afin d\u2019ouvrir le d\u00e9bat sur le racisme, l\u2019antis\u00e9mitisme et les discriminations. \t\t\t\t<\/p>\n<p>\n\t\t\t\t\t\t\t\t\t\u00a9 Linda Mansouri \/ InfOccitanie. Conf\u00e9rence \u00e0 la Maison des avocats organis\u00e9e par la Licra H\u00e9rault. .\t\t\t\t\t\t\t\t<\/p>\n<p>Intitul\u00e9e \u00ab Marianne d\u00e9figur\u00e9e : racisme, antis\u00e9mitisme et discriminations \u00bb, cette rencontre marque la relance officielle de la <strong>Ligue Internationale contre le Racisme et l\u2019Antis\u00e9mitisme (<a href=\"https:\/\/www.facebook.com\/people\/Licra-Montpellier-H%C3%A9rault\/61572749546952\/?_rdr\" target=\"_blank\" rel=\"nofollow noopener\">LICRA<\/a>)<\/strong> \u00e0 <a href=\"https:\/\/infoccitanie.fr\/tag\/montpellier\/\" rel=\"nofollow noopener\" target=\"_blank\">Montpellier<\/a>. \u00c0 la t\u00eate de cette section nouvellement r\u00e9activ\u00e9e : <strong>Ma\u00eetre Maxime Rosier<\/strong>, avocat et ancien b\u00e2tonnier. En ouverture de cette conf\u00e9rence, ce dernier rappelle l\u2019ambition de l\u2019association : <strong>r\u00e9affirmer les valeurs de la R\u00e9publique<\/strong>, notamment l\u2019\u00e9galit\u00e9 et la la\u00efcit\u00e9. \u00ab L\u2019universel prime sur le particulier \u00bb, affirme-t-il en pr\u00e9ambule. <\/p>\n<p><img fetchpriority=\"high\" decoding=\"async\" width=\"1024\" height=\"768\" src=\"https:\/\/www.europesays.com\/fr\/wp-content\/uploads\/2025\/05\/2563-image-1024x768.jpeg\" alt=\"\" class=\"wp-image-112982\"  \/>Conf\u00e9rence \u00e0 la Maison des avocats organis\u00e9e par la Licra H\u00e9rault. Photo : Linda Mansouri \/ InfOccitanie. <\/p>\n<p>Deux invit\u00e9s de marque ont pris part aux \u00e9changes<\/p>\n<p><strong>\u00c9tienne Gernelle<\/strong>, directeur du journal Le Point, et <strong>Abdelkrim Grini<\/strong>, procureur de la R\u00e9publique d\u2019Al\u00e8s \u00e9taient pr\u00e9sents pour alimenter le d\u00e9bat. Ensemble, ils ont interrog\u00e9 les <strong>limites de la libert\u00e9 d\u2019expression <\/strong>face \u00e0 <strong>la mont\u00e9e de discours haineux<\/strong>. \u00ab Un acte raciste, antis\u00e9mite ou discriminatoire est une balafre sur la R\u00e9publique \u00bb, ont-ils clarifi\u00e9. En effet, cette libert\u00e9 s\u2019exerce dans le cadre fix\u00e9 par la loi et ne saurait justifier la diffusion de la haine. Par la suite, Ma\u00eetre Maxime Rosier a soulign\u00e9 <strong>quelques points d\u2019actualit\u00e9s<\/strong>, \u00e0 l\u2019image de l\u2019incendie de la synagogue de la <a href=\"https:\/\/infoccitanie.fr\/tag\/la-grande-motte\/\" rel=\"nofollow noopener\" target=\"_blank\">Grande-Motte<\/a> ou un proc\u00e8s pour n\u00e9gationnisme \u00e0 <a href=\"https:\/\/infoccitanie.fr\/tag\/montpellier\/\" rel=\"nofollow noopener\" target=\"_blank\">Montpellier<\/a>, t\u00e9moignant d\u2019un <strong>climat jug\u00e9 inqui\u00e9tant<\/strong>.<\/p>\n<p><img loading=\"lazy\" decoding=\"async\" width=\"1024\" height=\"762\" src=\"https:\/\/www.europesays.com\/fr\/wp-content\/uploads\/2025\/05\/2581-image-1024x762.jpeg\" alt=\"\" class=\"wp-image-112984\"  \/>Conf\u00e9rence \u00e0 la Maison des avocats organis\u00e9e par la Licra H\u00e9rault. Photo : Linda Mansouri \/ InfOccitanie. <\/p>\n<p>La diffusion pr\u00e9occupante de discours haineux et de st\u00e9r\u00e9otypes dans le d\u00e9bat public<\/p>\n<p>Tr\u00e8s attendu, le t\u00e9moignage du<strong> Procureur de la R\u00e9publique d\u2019Al\u00e8s <\/strong>a apport\u00e9 une dimension personnelle \u00e0 ces \u00e9changes. \u00ab\u00a0La France n\u2019est ni raciste, ni discriminante, ni antis\u00e9mite. Mais, ce sont des gens qui sont racistes, antis\u00e9mites et pratiquent la discrimination (\u2026). Cela ne doit pas nous emp\u00eacher de nous lever tous les matins et de lutter au quotidien contre cela\u00a0\u00bb, confie-t-il. <\/p>\n<p>T\u00e9moignage du Procureur de la R\u00e9publique d\u2019Al\u00e8s<\/p>\n<p>Impliqu\u00e9 r\u00e9cemment dans plusieurs affaires sensibles, dont le meurtre d\u2019un fid\u00e8le musulman \u00e0 <a href=\"https:\/\/infoccitanie.fr\/gard-le-suspect-du-meurtre-de-la-mosquee-de-la-grand-combe-accepte-son-extradition\/\" rel=\"nofollow noopener\" target=\"_blank\">La Grand-Combe<\/a> ou une agression antis\u00e9mite \u00e0 <a href=\"https:\/\/infoccitanie.fr\/gard-lauteur-de-lagression-antisemite-a-ete-juge\/\" rel=\"nofollow noopener\" target=\"_blank\">Anduze<\/a>, il est lui-m\u00eame devenu <strong>la cible d\u2019amalgames<\/strong>. En effet, un ancien \u00e9lu du Rassemblement National a cit\u00e9 le nom de Monsieur Grini comme \u00e9tant celui du meurtrier d\u2019Aboubakar Ciss\u00e9. Un \u00e9v\u00e8nement t\u00e9moignant de <strong>la prolif\u00e9ration des amalgames dans le d\u00e9bat public<\/strong>.<\/p>\n<p> \u00ab\u00a0On associe mon patronyme \u00e0 la qualit\u00e9 d\u2019un meurtrier\u00a0\u00bb<\/p>\n<p>\u00ab\u00a0Je ne demande pas aux gens de m\u2019aimer, mais au minimum de me respecter\u00a0(\u2026) On associe mon patronyme \u00e0 la qualit\u00e9 d\u2019un meurtrier, ce qui est inadmissible quelle que soit la personne vis\u00e9e. Cet amalgame m\u2019a profond\u00e9ment bless\u00e9\u00a0\u00bb, affirme-t-il. Face \u00e0 <strong>l\u2019intensification des discours racistes<\/strong>, antis\u00e9mites et discriminatoires, la LICRA Montpellier entend poursuivre ses <strong>actions de sensibilisation<\/strong>.<\/p>\n<p><a data-no-instant=\"1\" href=\"https:\/\/billetterie.usam-nimesgard.fr\/\" rel=\"noopener nofollow\" class=\"a2t-link\" aria-label=\"937-image\" target=\"_blank\"><img decoding=\"async\" src=\"https:\/\/www.europesays.com\/fr\/wp-content\/uploads\/2025\/05\/937-image.png\" alt=\"\"  \/><\/a>\t\t\t\t<\/p>\n","protected":false},"excerpt":{"rendered":"Jeudi 15 mai dernier, la LICRA Montpellier a organis\u00e9 une conf\u00e9rence publique afin d\u2019ouvrir le d\u00e9bat sur le&hellip;\n","protected":false},"author":2,"featured_media":111821,"comment_status":"","ping_status":"","sticky":false,"template":"","format":"standard","meta":{"footnotes":""},"categories":[9599],"tags":[1111,11,6211,1777,674,1011,27,2208,12,2680,25],"class_list":{"0":"post-111820","1":"post","2":"type-post","3":"status-publish","4":"format-standard","5":"has-post-thumbnail","7":"category-montpellier","8":"tag-actu","9":"tag-actualites","10":"tag-conference","11":"tag-eu","12":"tag-europe","13":"tag-fr","14":"tag-france","15":"tag-montpellier","16":"tag-news","17":"tag-occitanie","18":"tag-republique-francaise"},"share_on_mastodon":{"url":"https:\/\/pubeurope.com\/@fr\/114534678858544337","error":""},"_links":{"self":[{"href":"https:\/\/www.europesays.com\/fr\/wp-json\/wp\/v2\/posts\/111820","targetHints":{"allow":["GET"]}}],"collection":[{"href":"https:\/\/www.europesays.com\/fr\/wp-json\/wp\/v2\/posts"}],"about":[{"href":"https:\/\/www.europesays.com\/fr\/wp-json\/wp\/v2\/types\/post"}],"author":[{"embeddable":true,"href":"https:\/\/www.europesays.com\/fr\/wp-json\/wp\/v2\/users\/2"}],"replies":[{"embeddable":true,"href":"https:\/\/www.europesays.com\/fr\/wp-json\/wp\/v2\/comments?post=111820"}],"version-history":[{"count":0,"href":"https:\/\/www.europesays.com\/fr\/wp-json\/wp\/v2\/posts\/111820\/revisions"}],"wp:featuredmedia":[{"embeddable":true,"href":"https:\/\/www.europesays.com\/fr\/wp-json\/wp\/v2\/media\/111821"}],"wp:attachment":[{"href":"https:\/\/www.europesays.com\/fr\/wp-json\/wp\/v2\/media?parent=111820"}],"wp:term":[{"taxonomy":"category","embeddable":true,"href":"https:\/\/www.europesays.com\/fr\/wp-json\/wp\/v2\/categories?post=111820"},{"taxonomy":"post_tag","embeddable":true,"href":"https:\/\/www.europesays.com\/fr\/wp-json\/wp\/v2\/tags?post=111820"}],"curies":[{"name":"wp","href":"https:\/\/api.w.org\/{rel}","templated":true}]}}