{"id":111822,"date":"2025-05-19T13:14:08","date_gmt":"2025-05-19T13:14:08","guid":{"rendered":"https:\/\/www.europesays.com\/fr\/111822\/"},"modified":"2025-05-19T13:14:08","modified_gmt":"2025-05-19T13:14:08","slug":"une-tentative-de-putsch-pres-de-rouen-le-torchon-brule-entre-ce-maire-et-sa-majorite","status":"publish","type":"post","link":"https:\/\/www.europesays.com\/fr\/111822\/","title":{"rendered":"Une tentative de putsch ? Pr\u00e8s de Rouen, le torchon br\u00fble entre ce maire et sa majorit\u00e9"},"content":{"rendered":"<p>            Par<br \/>\n        <strong><br \/>\n            <a href=\"https:\/\/actu.fr\/auteur\/laredaction\" title=\"Consulter tous les articles de R\u00e9daction Normandie\" rel=\"nofollow noopener\" target=\"_blank\">R\u00e9daction Normandie<\/a><br \/>\n        <\/strong><\/p>\n<p>        Publi\u00e9 le<\/p>\n<p>            19 mai 2025 \u00e0 14h24        <\/p>\n<p>Apr\u00e8s <a href=\"https:\/\/actu.fr\/normandie\/bihorel_76095\/retour-aux-affaires-du-maire-pascal-houbron-il-annonce-que-ce-sera-son-dernier-mandat_62118679.html\" rel=\"nofollow noopener\" target=\"_blank\">un arr\u00eat maladie<\/a> de six mois pour aphasie, le maire de Bihorel pr\u00e8s de <a href=\"https:\/\/actu.fr\/normandie\/rouen_76540\" rel=\"nofollow noopener\" target=\"_blank\">Rouen<\/a>, Pascal Houbron, avait annonc\u00e9 qu\u2019il <strong>ne souhaitait pas se pr\u00e9senter pour un nouveau mandat<\/strong>. Il adoubait dans le m\u00eame temps sa premi\u00e8re adjointe, Nathalie Lecordier, pour reprendre le flambeau. Mais depuis, les choses ont chang\u00e9.<br \/>En effet, le maire a avou\u00e9, lors d\u2019une r\u00e9union, qu\u2019il travaillait \u00e0 la constitution d<strong>\u2019une liste dissidente<\/strong>, distincte de celle de son \u00e9quipe actuelle.<\/p>\n<p>La v\u00e9rit\u00e9 est ailleurs<\/p>\n<p class=\" wall-content\">\u00ab\u00a0Nous regrettons cette ambition personnelle, qui fragilise notre \u00e9quipe et compromet notre action collective\u2009\u00bb avait alors indiqu\u00e9 par voie de communiqu\u00e9 15 \u00e9lus de la majorit\u00e9.<\/p>\n<p class=\" wall-content\">L\u2019\u00e9dile de Bihorel s\u2019est alors expliqu\u00e9\u2009:<\/p>\n<blockquote class=\"ac-article-quote wall-content\">\n<p>Je dois dans les circonstances actuelles, la transparence et la v\u00e9rit\u00e9, car j&rsquo;ai retrouv\u00e9 toutes mes capacit\u00e9s et toute ma d\u00e9termination (&#8230;) Nathalie Lecordier vient d&rsquo;annoncer mon intention de ne plus la soutenir pour les municipales 2026, feignant de ne pas comprendre ma position et faisant croire \u00e0 une forme de reniement de ma part. La v\u00e9rit\u00e9 est tout autre.<\/p>\n<p>    <strong>Pascal Houbron<\/strong><br \/>\n        maire de Bihorel    <\/p><\/blockquote>\n<p>Il indique alors qu\u2019en d\u00e9cembre 2024, sa majorit\u00e9 aurait organis\u00e9 un s\u00e9minaire \u00ab\u2009une sorte de primaire interne pour d\u00e9signer la prochaine t\u00eate de liste, et ce, sans me concerter particuli\u00e8rement. Sans me demander si j\u2019avais l\u2019intention de me repr\u00e9senter\u2009\u00bb. Acceptant toutefois la d\u00e9marche, Pascal Houbron a donc adoub\u00e9 sa premi\u00e8re adjointe.<\/p>\n<p class=\" wall-content\">Quoi qu\u2019il en soit, le maire de Bihorel fait valoir qu\u2019il n\u2019avait alors qu\u2019une exigence\u2009: \u00ab\u2009qu\u2019on me laisse terminer sereinement et progressivement mon mandat de maire en plein exercice. Je n\u2019avais pas \u00e0 d\u00e9missionner et il ne pouvait pas y avoir deux maires. Il y en a qu\u2019un et bien \u00e9videmment, c\u2019est moi\u2009!\u2009\u00bb.<\/p>\n<p>Man\u0153uvres de d\u00e9stabilisation\u2009?<\/p>\n<p class=\" wall-content\">C\u2019est \u00e0 partir de ce moment que Pascal Houbron a ressenti \u00e0 des man\u0153uvres de d\u00e9stabilisation\u2009: \u00ab\u2009d\u2019abord par l\u2019affront de ne pas venir s\u2019asseoir \u00e0 c\u00f4t\u00e9 de moi comme chaque ann\u00e9e lors des v\u0153ux au personnel. Puis, le lendemain, lors d\u2019un conseil municipal, c\u2019\u00e9tait comme une forme de tribunal o\u00f9 chacun s\u2019est exprim\u00e9 sur moi, mon \u00e9tat de sant\u00e9 psychique avec des mots blessants que je n\u2019oublierai jamais, \u00e9voquant un maire autocrate, assoiff\u00e9 de pouvoir, guid\u00e9 par son seul ego alors que j\u2019ai construit ma carri\u00e8re et ma vie politique sur la simplicit\u00e9 et la modestie\u2009\u00bb.<\/p>\n<p class=\" wall-content\">Pascal Houbron est convaincu que sa majorit\u00e9 a tent\u00e9 de l\u2019emp\u00eacher de finir son mandat.<\/p>\n<p class=\" wall-content\">Pour autant, il affirme qu\u2019il ne d\u00e9missionnera pas pour d\u00e9clencher une \u00e9lection anticip\u00e9e. \u00ab\u2009Et eux non plus, car ils craignent de perdre et surtout de perdre leurs indemnit\u00e9s\u2009\u00bb.<\/p>\n<p>Nouveau combat pour Pascal Houbron<\/p>\n<p class=\" wall-content\">Dans ce contexte, le maire a d\u00e9j\u00e0 d\u00e9cid\u00e9 d\u2019annuler le prochain conseil municipal de juin prochain. \u00ab\u2009Ce n\u2019est pas moi qui m\u00e8ne une liste dissidente, mais eux. Les habitants votent pour moi, car je suis un enfant de Bihorel. J\u2019ai confiance en la clairvoyance des Bihorellais, des commer\u00e7ants, des enseignants, du personnel. Des gens que je rencontre tous les jours, dans les associations et sur le march\u00e9. Nous verrons en septembre, parce que d\u2019ici l\u00e0 les choses auront chang\u00e9. Je ne suis pas s\u00fbr qu\u2019ils puissent monter une liste avec 29 noms\u2009\u00bb.<\/p>\n<p class=\" wall-content\">De son c\u00f4t\u00e9, la premi\u00e8re adjointe Nathalie Lecordier apporte une autre version.<\/p>\n<blockquote class=\"ac-article-quote wall-content\">\n<p>Nous avons \u00e9chang\u00e9 l\u00e0-dessus. Son objectif \u00e9tait de terminer son mandat et de faire la passation. Il l&rsquo;a accept\u00e9e. Un courrier confirme qu&rsquo;il a pris note des changements que j&rsquo;ai port\u00e9s avec l&rsquo;\u00e9quipe pendant son arr\u00eat maladie et qu&rsquo;il validait l&rsquo;essentiel des d\u00e9cisions.<\/p>\n<p>    <strong>Nathalie Lecordier<\/strong><br \/>\n        Premi\u00e8re adjointe Bihorel     <\/p><\/blockquote>\n<p class=\" wall-content\">Pour elle, il s\u2019agit d\u2019une <strong>tentative de putsch<\/strong>\u2009: \u00ab\u2009il fait de la politique depuis longtemps. Si nous avions voulu l\u2019\u00e9vincer, nous aurions tous d\u00e9missionn\u00e9\u2009!\u00a0\u00bb Avant d\u2019ajouter\u2009: \u00ab\u2009J\u2019avais d\u2019autres objectifs. C\u2019est la situation qui fait que\u2026 Rapidement, avec sa maladie, on s\u2019est aper\u00e7u que ce serait compliqu\u00e9 pour lui et qu\u2019il devait changer de rythme. Nous avons pris en compte tout cela. Donc, nous avons mis en place une dynamique afin qu\u2019il reste maire avec une passation de pouvoir pour que je puisse prendre l\u2019ensemble des dossiers et que nous menions la campagne\u2009\u00bb.<\/p>\n<p>\u00ab\u2009On a tous vot\u00e9 le budget\u2009\u00bb<\/p>\n<p class=\" wall-content\">Moins une adjointe et deux conseill\u00e8res municipales, Nathalie Lecordier annonce que sa liste comprendra tous les autres \u00e9lus \u00ab\u2009pour poursuivre notre engagement avec coh\u00e9rence, et mener ce mandat \u00e0 son terme avec s\u00e9rieux et dignit\u00e9. D\u2019ailleurs, comment ne pas assumer ce bilan alors que nous sommes une majorit\u00e9 \u00e0 l\u2019avoir accompagn\u00e9 pendant trois mandats. Comment est-ce possible de dire un truc pareil\u2009! On a tous vot\u00e9 le budget et nous sommes satisfaits\u2009\u00bb, assure l\u2019adjointe, qui se dit \u00ab\u2009<strong>sid\u00e9r\u00e9e<\/strong>\u2009\u00bb<\/p>\n<blockquote class=\"ac-article-quote wall-content\">\n<p>Je ne sais pas \u00e0 quel moment la col\u00e8re va monter. Je suis consensuelle et loyale, j&rsquo;ai accompagn\u00e9 tous les \u00e9lus, les services, les fonctionnaires. Je pense avoir effectu\u00e9 mon travail et mesur\u00e9 la complexit\u00e9 du poste de maire. Nous allons construire quelque chose, car je ne peux pas abandonner une \u00e9quipe qui s&rsquo;est investie.<\/p>\n<p>    <strong>Nathalie Lecordier<\/strong>\n            <\/p><\/blockquote>\n<p>\u00a0<\/p>\n<p class=\" wall-content\">L\u2019adjointe est convaincue que si \u00ab\u2009quelqu\u2019un qui doit r\u00e9fl\u00e9chir, c\u2019est plut\u00f4t le maire. Dire qu\u2019il va accompagner une nouvelle vision, ce n\u2019est donc pas la sienne\u2009! Potentiellement, il y aura trois listes. Cela va \u00eatre tr\u00e8s compliqu\u00e9, mais il y a l\u2019int\u00e9r\u00eat g\u00e9n\u00e9ral \u00e0 sauvegarder. J\u2019ai envie que tout cela aboutisse. Je veux \u00eatre partie prenante. Il reste des grandes \u00e9ch\u00e9ances avant les \u00e9lections et je ne sais pas comment \u00e7a va se passer\u00a0\u00bb.<\/p>\n<p>Suivez l\u2019actualit\u00e9 de Rouen sur notre<a href=\"https:\/\/web.whatsapp.com\/\" rel=\"nofollow noopener\" target=\"_blank\"> cha\u00eene WhatsApp<\/a> et sur notre <a href=\"https:\/\/www.tiktok.com\/@76actu.fr?lang=fr\" rel=\"nofollow noopener\" target=\"_blank\">compte TikTok<\/a><\/p>\n<p class=\" wall-content\">Suivez toute l\u2019actualit\u00e9 de vos villes et m\u00e9dias favoris en vous inscrivant \u00e0 <a href=\"https:\/\/moncompte.actu.fr\" title=\"D\u00e9couvez Mon Actu\" rel=\"nofollow noopener\" data-trk=\"{&quot;cta&quot;:{&quot;action&quot;:&quot;https:\\\/\\\/moncompte.actu.fr&quot;,&quot;category&quot;:&quot;mon compte&quot;,&quot;from&quot;:&quot;article footer&quot;,&quot;name&quot;:&quot;Mon actu&quot;,&quot;type&quot;:&quot;cta&quot;}}\" target=\"_blank\">Mon Actu<\/a>.<\/p>\n<p>                    <script async src=\"\/\/www.tiktok.com\/embed.js\"><\/script><\/p>\n","protected":false},"excerpt":{"rendered":"Par R\u00e9daction Normandie Publi\u00e9 le 19 mai 2025 \u00e0 14h24 Apr\u00e8s un arr\u00eat maladie de six mois pour&hellip;\n","protected":false},"author":2,"featured_media":111823,"comment_status":"","ping_status":"","sticky":false,"template":"","format":"standard","meta":{"footnotes":""},"categories":[9587],"tags":[1111,11,4188,1777,674,1011,27,3434,12,5161,316,25,9590],"class_list":{"0":"post-111822","1":"post","2":"type-post","3":"status-publish","4":"format-standard","5":"has-post-thumbnail","7":"category-rouen","8":"tag-actu","9":"tag-actualites","10":"tag-elections-municipales","11":"tag-eu","12":"tag-europe","13":"tag-fr","14":"tag-france","15":"tag-municipales-2026","16":"tag-news","17":"tag-normandie","18":"tag-politique","19":"tag-republique-francaise","20":"tag-rouen"},"share_on_mastodon":{"url":"https:\/\/pubeurope.com\/@fr\/114534682779535466","error":""},"_links":{"self":[{"href":"https:\/\/www.europesays.com\/fr\/wp-json\/wp\/v2\/posts\/111822","targetHints":{"allow":["GET"]}}],"collection":[{"href":"https:\/\/www.europesays.com\/fr\/wp-json\/wp\/v2\/posts"}],"about":[{"href":"https:\/\/www.europesays.com\/fr\/wp-json\/wp\/v2\/types\/post"}],"author":[{"embeddable":true,"href":"https:\/\/www.europesays.com\/fr\/wp-json\/wp\/v2\/users\/2"}],"replies":[{"embeddable":true,"href":"https:\/\/www.europesays.com\/fr\/wp-json\/wp\/v2\/comments?post=111822"}],"version-history":[{"count":0,"href":"https:\/\/www.europesays.com\/fr\/wp-json\/wp\/v2\/posts\/111822\/revisions"}],"wp:featuredmedia":[{"embeddable":true,"href":"https:\/\/www.europesays.com\/fr\/wp-json\/wp\/v2\/media\/111823"}],"wp:attachment":[{"href":"https:\/\/www.europesays.com\/fr\/wp-json\/wp\/v2\/media?parent=111822"}],"wp:term":[{"taxonomy":"category","embeddable":true,"href":"https:\/\/www.europesays.com\/fr\/wp-json\/wp\/v2\/categories?post=111822"},{"taxonomy":"post_tag","embeddable":true,"href":"https:\/\/www.europesays.com\/fr\/wp-json\/wp\/v2\/tags?post=111822"}],"curies":[{"name":"wp","href":"https:\/\/api.w.org\/{rel}","templated":true}]}}