{"id":111824,"date":"2025-05-19T13:15:28","date_gmt":"2025-05-19T13:15:28","guid":{"rendered":"https:\/\/www.europesays.com\/fr\/111824\/"},"modified":"2025-05-19T13:15:28","modified_gmt":"2025-05-19T13:15:28","slug":"lemotion-pour-larmada-apres-laccident-du-trois-mats-cuauhtemoc","status":"publish","type":"post","link":"https:\/\/www.europesays.com\/fr\/111824\/","title":{"rendered":"l\u2019\u00e9motion pour l\u2019Armada apr\u00e8s l\u2019accident du trois-m\u00e2ts Cuauht\u00e9moc"},"content":{"rendered":"<p><img decoding=\"async\" class=\"\" style=\"width:100%\" src=\"https:\/\/www.europesays.com\/fr\/wp-content\/uploads\/2025\/05\/PXL_20230609_10583881116864304340381747638761292.webp.webp\" alt=\"Le Cuauht\u00e9moc \u00e0 quai \u00e0 Rouen lors de l'Armada 2023\"\/><\/p>\n<p class=\"block date\" id=\"dateEtAuteur\">Modifi\u00e9 : 11h53  par Tanguy  Papin \/ cr\u00e9dit photo : Sweet FM <\/p>\n<p>Le voilier mexicain a \u00e9t\u00e9 victime d\u2019un accident mortel \u00e0 New York. Ce trois-m\u00e2ts est un habitu\u00e9 des grands rassemblements de vieux gr\u00e9ements sur la Seine. <\/p>\n<p>L\u2019association qui organise l\u2019Armada de Rouen a publi\u00e9 ce dimanche 18 mai un message de soutien au \u00ab\u00a0Cuauht\u00e9moc\u00a0\u00bb, un grand voilier d\u00e9j\u00e0 pass\u00e9 six fois sur l&rsquo;\u00e9v\u00e9nement seinomarin. Ce navire-\u00e9cole de la marine mexicaine \u00e9tait en train de quitter le port de New York quand, pour des raisons encore inconnues, il a recul\u00e9 sous le c\u00e9l\u00e8bre pont de Brooklyn. <strong>Les trois m\u00e2ts de l\u2019embarcation ont alors percut\u00e9 le tablier du pont<\/strong>, provoquant la chute de plusieurs marins, nombreux dans les cordages au moment du d\u00e9part. <strong>Le bilan fait \u00e9tat de deux morts et de dix-neuf bless\u00e9s<\/strong>. Le blocage d&rsquo;un moteur en position arri\u00e8re pourrait \u00eatre la cause de l&rsquo;accident.<\/p>\n<p> Un navire bien connu des Rouennais<\/p>\n<p>Le \u00ab\u00a0Cuauht\u00e9moc\u00a0\u00bb est d\u00e9crit comme un \u00ab\u00a0majestueux trois-m\u00e2ts qui a tant fait r\u00eaver les visiteurs de l\u2019Armada de Rouen\u00a0\u00bb par les organisateurs du rassemblement de voiliers. Sur les r\u00e9seaux sociaux, plusieurs commentaires t\u00e9moignent du succ\u00e8s du bateau aupr\u00e8s des amateurs de vieux gr\u00e9ements. Les Normands auraient d\u00fb pouvoir l&rsquo;admirer de nouveau au mois de juillet au Havre, lors des \u00ab\u00a0Grandes Voiles\u00a0\u00bb. On ignore pour l\u2019instant si cette venue sera remise en cause par les circonstances. Le \u00ab\u00a0Cuauht\u00e9moc\u00a0\u00bb devra, quoi qu\u2019il arrive, \u00eatre r\u00e9par\u00e9.<\/p><\/p>\n","protected":false},"excerpt":{"rendered":"Modifi\u00e9 : 11h53 par Tanguy Papin \/ cr\u00e9dit photo : Sweet FM Le voilier mexicain a \u00e9t\u00e9 victime&hellip;\n","protected":false},"author":2,"featured_media":111825,"comment_status":"","ping_status":"","sticky":false,"template":"","format":"standard","meta":{"footnotes":""},"categories":[9587],"tags":[1111,11,23117,23118,1777,674,1011,27,14,5162,5697,11678,415,12,5161,25,9590,13527,5163,17250],"class_list":{"0":"post-111824","1":"post","2":"type-post","3":"status-publish","4":"format-standard","5":"has-post-thumbnail","7":"category-rouen","8":"tag-actu","9":"tag-actualites","10":"tag-armada-rouen","11":"tag-cuauhtemoc","12":"tag-eu","13":"tag-europe","14":"tag-fr","15":"tag-france","16":"tag-international","17":"tag-le-havre","18":"tag-mexique","19":"tag-navire","20":"tag-new-york","21":"tag-news","22":"tag-normandie","23":"tag-republique-francaise","24":"tag-rouen","25":"tag-seine","26":"tag-seine-maritime","27":"tag-voilier"},"share_on_mastodon":{"url":"https:\/\/pubeurope.com\/@fr\/114534686994836347","error":""},"_links":{"self":[{"href":"https:\/\/www.europesays.com\/fr\/wp-json\/wp\/v2\/posts\/111824","targetHints":{"allow":["GET"]}}],"collection":[{"href":"https:\/\/www.europesays.com\/fr\/wp-json\/wp\/v2\/posts"}],"about":[{"href":"https:\/\/www.europesays.com\/fr\/wp-json\/wp\/v2\/types\/post"}],"author":[{"embeddable":true,"href":"https:\/\/www.europesays.com\/fr\/wp-json\/wp\/v2\/users\/2"}],"replies":[{"embeddable":true,"href":"https:\/\/www.europesays.com\/fr\/wp-json\/wp\/v2\/comments?post=111824"}],"version-history":[{"count":0,"href":"https:\/\/www.europesays.com\/fr\/wp-json\/wp\/v2\/posts\/111824\/revisions"}],"wp:featuredmedia":[{"embeddable":true,"href":"https:\/\/www.europesays.com\/fr\/wp-json\/wp\/v2\/media\/111825"}],"wp:attachment":[{"href":"https:\/\/www.europesays.com\/fr\/wp-json\/wp\/v2\/media?parent=111824"}],"wp:term":[{"taxonomy":"category","embeddable":true,"href":"https:\/\/www.europesays.com\/fr\/wp-json\/wp\/v2\/categories?post=111824"},{"taxonomy":"post_tag","embeddable":true,"href":"https:\/\/www.europesays.com\/fr\/wp-json\/wp\/v2\/tags?post=111824"}],"curies":[{"name":"wp","href":"https:\/\/api.w.org\/{rel}","templated":true}]}}