{"id":111830,"date":"2025-05-19T13:18:12","date_gmt":"2025-05-19T13:18:12","guid":{"rendered":"https:\/\/www.europesays.com\/fr\/111830\/"},"modified":"2025-05-19T13:18:12","modified_gmt":"2025-05-19T13:18:12","slug":"deux-mois-apres-sa-disparition-inquietante-un-homme-retrouve-mort","status":"publish","type":"post","link":"https:\/\/www.europesays.com\/fr\/111830\/","title":{"rendered":"deux mois apr\u00e8s sa disparition inqui\u00e9tante, un homme retrouv\u00e9 mort"},"content":{"rendered":"<p>            Par<br \/>\n        <strong><br \/>\n            <a href=\"https:\/\/actu.fr\/auteur\/brian-legoff\" title=\"Consulter tous les articles de Brian Le Goff\" rel=\"nofollow noopener\" target=\"_blank\">Brian Le Goff<\/a><br \/>\n        <\/strong><\/p>\n<p>        Publi\u00e9 le<\/p>\n<p>            19 mai 2025 \u00e0 11h51        <\/p>\n<p>\u00ab\u2009La <strong>famille<\/strong> va \u00e0 pr\u00e9sent <strong>pouvoir entamer son deuil<\/strong>.\u2009\u00bb <a href=\"https:\/\/actu.fr\/bretagne\/rennes_35238\/disparition-inquietante-pres-de-rennes-un-appel-a-temoins-lance-par-la-gendarmerie-d-ille-et-vilaine_62397487.html\" rel=\"nofollow noopener\" target=\"_blank\">Deux mois apr\u00e8s sa disparition inqui\u00e9tante<\/a>, <strong>Sylvain Ruyault<\/strong> a \u00e9t\u00e9 retrouv\u00e9 mort, samedi 17\u00a0mai 2025, dans un coin recul\u00e9 de la commune de Montreuil-le-Gast, au nord de Rennes.<\/p>\n<p>D\u00e9couvert lors d\u2019une battue<\/p>\n<p class=\" wall-content\">\u00ab\u2009L\u2019endroit n\u2019avait pas \u00e9t\u00e9 identifi\u00e9 comme une zone d\u2019int\u00e9r\u00eat par les chiens de piste au moment des recherches. C\u2019est dans le cadre d\u2019une battue, qui a <strong>r\u00e9uni une soixantaine de personnes,<\/strong> organis\u00e9e par la famille, qu\u2019il a \u00e9t\u00e9 retrouv\u00e9\u2009\u00bb, indique un gendarme \u00e0 actu Rennes.<\/p>\n<p class=\" wall-content\">Pou rappel, l\u2019homme de <strong>45\u00a0ans<\/strong> \u00e9tait port\u00e9 disparu depuis le lundi 17\u00a0mars. La gendarmerie avait mobilis\u00e9 de nombreux moyens d\u00e8s les premi\u00e8res heures de sa disparition avec notamment le survol de la zone de disparition par un <strong>h\u00e9licopt\u00e8re<\/strong> et le d\u00e9ploiement de <strong>chiens de piste<\/strong> au sol.<\/p>\n<p class=\" wall-content\">\u00ab\u2009On a aussi fait intervenir \u00e0 deux reprises des <strong>plongeurs<\/strong> pour sonder des \u00e9tangs dans des zones d\u00e9sign\u00e9es par les chiens de piste. Au total, ce sont une dizaine d\u2019\u00e9tendues d\u2019eau qui avaient \u00e9t\u00e9 v\u00e9rifi\u00e9es\u2009\u00bb, continue le gendarme.<\/p>\n<p>La piste du suicide privil\u00e9gi\u00e9e<\/p>\n<p class=\" wall-content\">Mais, <strong>faute de r\u00e9sultats, un appel \u00e0 t\u00e9moins<\/strong> avait \u00e9t\u00e9 lanc\u00e9. Avec la d\u00e9couverte du corps, ce dernier est donc termin\u00e9. La <strong>piste du suicide est privil\u00e9gi\u00e9e<\/strong>. Selon nos informations, l\u2019homme souffrait de troubles mentaux et avait d\u00e9j\u00e0 tent\u00e9 \u00e0 plusieurs reprises de mettre fin \u00e0 ses jours. L\u2019endroit o\u00f9 a \u00e9t\u00e9 d\u00e9couvert son corps r\u00e9v\u00e8le son intention de dispara\u00eetre.<\/p>\n<p>Vid\u00e9os : en ce moment sur Actu<\/p>\n<p class=\" wall-content\">Suivez toute l\u2019actualit\u00e9 de vos villes et m\u00e9dias favoris en vous inscrivant \u00e0 <a href=\"https:\/\/moncompte.actu.fr\" title=\"D\u00e9couvez Mon Actu\" rel=\"nofollow noopener\" data-trk=\"{&quot;cta&quot;:{&quot;action&quot;:&quot;https:\\\/\\\/moncompte.actu.fr&quot;,&quot;category&quot;:&quot;mon compte&quot;,&quot;from&quot;:&quot;article footer&quot;,&quot;name&quot;:&quot;Mon actu&quot;,&quot;type&quot;:&quot;cta&quot;}}\" target=\"_blank\">Mon Actu<\/a>.<\/p>\n<ul class=\"ac-article-tag wall-content\">\n<li><a href=\"https:\/\/actu.fr\/tag\/disparition\" data-trk=\"{&quot;cta&quot;:{&quot;action&quot;:&quot;Disparition inqui\\u00e9tante&quot;,&quot;category&quot;:&quot;tag&quot;,&quot;from&quot;:&quot;article footer&quot;,&quot;name&quot;:&quot;Disparition inqui\\u00e9tante&quot;,&quot;type&quot;:&quot;cta&quot;}}\" rel=\"nofollow noopener\" target=\"_blank\">#Disparition inqui\u00e9tante<\/a><\/li>\n<li><a href=\"https:\/\/actu.fr\/tag\/gendarmerie\" data-trk=\"{&quot;cta&quot;:{&quot;action&quot;:&quot;Gendarmerie&quot;,&quot;category&quot;:&quot;tag&quot;,&quot;from&quot;:&quot;article footer&quot;,&quot;name&quot;:&quot;Gendarmerie&quot;,&quot;type&quot;:&quot;cta&quot;}}\" rel=\"nofollow noopener\" target=\"_blank\">#Gendarmerie<\/a><\/li>\n<\/ul>\n","protected":false},"excerpt":{"rendered":"Par Brian Le Goff Publi\u00e9 le 19 mai 2025 \u00e0 11h51 \u00ab\u2009La famille va \u00e0 pr\u00e9sent pouvoir entamer&hellip;\n","protected":false},"author":2,"featured_media":111831,"comment_status":"","ping_status":"","sticky":false,"template":"","format":"standard","meta":{"footnotes":""},"categories":[2821],"tags":[1111,11,829,3676,1777,674,118,1011,27,3381,12,584,25],"class_list":{"0":"post-111830","1":"post","2":"type-post","3":"status-publish","4":"format-standard","5":"has-post-thumbnail","7":"category-rennes","8":"tag-actu","9":"tag-actualites","10":"tag-bretagne","11":"tag-disparition-inquietante","12":"tag-eu","13":"tag-europe","14":"tag-faits-divers","15":"tag-fr","16":"tag-france","17":"tag-gendarmerie","18":"tag-news","19":"tag-rennes","20":"tag-republique-francaise"},"share_on_mastodon":{"url":"https:\/\/pubeurope.com\/@fr\/114534698531942813","error":""},"_links":{"self":[{"href":"https:\/\/www.europesays.com\/fr\/wp-json\/wp\/v2\/posts\/111830","targetHints":{"allow":["GET"]}}],"collection":[{"href":"https:\/\/www.europesays.com\/fr\/wp-json\/wp\/v2\/posts"}],"about":[{"href":"https:\/\/www.europesays.com\/fr\/wp-json\/wp\/v2\/types\/post"}],"author":[{"embeddable":true,"href":"https:\/\/www.europesays.com\/fr\/wp-json\/wp\/v2\/users\/2"}],"replies":[{"embeddable":true,"href":"https:\/\/www.europesays.com\/fr\/wp-json\/wp\/v2\/comments?post=111830"}],"version-history":[{"count":0,"href":"https:\/\/www.europesays.com\/fr\/wp-json\/wp\/v2\/posts\/111830\/revisions"}],"wp:featuredmedia":[{"embeddable":true,"href":"https:\/\/www.europesays.com\/fr\/wp-json\/wp\/v2\/media\/111831"}],"wp:attachment":[{"href":"https:\/\/www.europesays.com\/fr\/wp-json\/wp\/v2\/media?parent=111830"}],"wp:term":[{"taxonomy":"category","embeddable":true,"href":"https:\/\/www.europesays.com\/fr\/wp-json\/wp\/v2\/categories?post=111830"},{"taxonomy":"post_tag","embeddable":true,"href":"https:\/\/www.europesays.com\/fr\/wp-json\/wp\/v2\/tags?post=111830"}],"curies":[{"name":"wp","href":"https:\/\/api.w.org\/{rel}","templated":true}]}}