{"id":111832,"date":"2025-05-19T13:19:08","date_gmt":"2025-05-19T13:19:08","guid":{"rendered":"https:\/\/www.europesays.com\/fr\/111832\/"},"modified":"2025-05-19T13:19:08","modified_gmt":"2025-05-19T13:19:08","slug":"en-gare-sncf-de-rennes-un-chien-abattu-apres-avoir-attaque-des-agents-de-la-surete-ferroviaire","status":"publish","type":"post","link":"https:\/\/www.europesays.com\/fr\/111832\/","title":{"rendered":"En gare SNCF de Rennes, un chien abattu apr\u00e8s avoir attaqu\u00e9 des agents de la s\u00fbret\u00e9 ferroviaire"},"content":{"rendered":"<p>            Par<br \/>\n        <strong><br \/>\n            <a href=\"https:\/\/actu.fr\/auteur\/brian-legoff\" title=\"Consulter tous les articles de Brian Le Goff\" target=\"_blank\" rel=\"noopener\">Brian Le Goff<\/a><br \/>\n        <\/strong><\/p>\n<p>        Publi\u00e9 le<\/p>\n<p>            19 mai 2025 \u00e0 14h49        <\/p>\n<p>Les <strong>voyageurs <\/strong>ont pu \u00eatre<strong> surpris<\/strong> et <strong>apeur\u00e9s<\/strong> par les d\u00e9tonations. Samedi 17\u00a0mai, vers 20h30, <strong>huit tirs<\/strong> ont r\u00e9sonn\u00e9 dans la <a href=\"https:\/\/actu.fr\/tag\/gare-de-rennes\" target=\"_blank\" rel=\"noopener\">gare de Rennes<\/a>, provoquant une certaine<strong> panique \u00ab\u2009sans<\/strong> qu\u2019il n\u2019y ait eu un <strong>mouvement de foule\u2009\u00bb<\/strong> chez les personnes qui les ont entendus, assure une source aupr\u00e8s d\u2019<a href=\"https:\/\/actu.fr\/rennes\/\" target=\"_blank\" rel=\"noopener\">actu Rennes<\/a>.<\/p>\n<p>Un molosse mord un agent<\/p>\n<p class=\" wall-content\">Les coups de feu ont \u00e9t\u00e9<strong> tir\u00e9s par des agents de la s\u00fbret\u00e9 ferroviaire<\/strong> de la <a href=\"https:\/\/actu.fr\/tag\/sncf\" target=\"_blank\" rel=\"noopener\">SNCF<\/a>. Quelques instants plus t\u00f4t, quatre d\u2019entre eux ont \u00e9t\u00e9 attaqu\u00e9s par un chien de type <strong>\u00ab\u2009molosso\u00efde\u2009\u00bb<\/strong>, apprend-on par voie de communiqu\u00e9 de presse de la pr\u00e9fecture d\u2019Ille-et-Vilaine.<\/p>\n<blockquote class=\"ac-article-quote wall-content\">\n<p>Ils ont \u00e9t\u00e9 conduits \u00e0 faire usage de leur arme, afin de neutraliser l\u2019animal.<\/p>\n<p>    <strong>Pr\u00e9fecture d&rsquo;Ille-et-Vilaine<\/strong><br \/>\n        Communiqu\u00e9    <\/p><\/blockquote>\n<p class=\" wall-content\">L\u2019un des agents a en effet \u00e9t\u00e9 <strong>mordu au bras. Il a \u00e9t\u00e9 hospitalis\u00e9.<\/strong> \u00ab\u2009Le propri\u00e9taire pr\u00e9sum\u00e9 du chien a \u00e9t\u00e9 plac\u00e9 en<strong> garde \u00e0 vue.<\/strong> Une enqu\u00eate est en cours, sous l\u2019autorit\u00e9 du parquet de Rennes\u2009\u00bb, pr\u00e9cise encore la pr\u00e9fecture, qui salue le sang-froid et la ma\u00eetrise des agents de la SNCF et de la police.<\/p>\n<p class=\" wall-content\">Le <strong>sous-pr\u00e9fet<\/strong> s\u2019est par ailleurs rendu sur place dans la soir\u00e9e de samedi. Le <strong>trafic<\/strong> SNCF n\u2019a <strong>pas \u00e9t\u00e9 perturb\u00e9.<\/strong><\/p>\n<p>Vid\u00e9os : en ce moment sur Actu<\/p>\n<p class=\" wall-content\">Suivez toute l\u2019actualit\u00e9 de vos villes et m\u00e9dias favoris en vous inscrivant \u00e0 <a href=\"https:\/\/moncompte.actu.fr\" title=\"D\u00e9couvez Mon Actu\" rel=\"nofollow noopener\" data-trk=\"{&quot;cta&quot;:{&quot;action&quot;:&quot;https:\\\/\\\/moncompte.actu.fr&quot;,&quot;category&quot;:&quot;mon compte&quot;,&quot;from&quot;:&quot;article footer&quot;,&quot;name&quot;:&quot;Mon actu&quot;,&quot;type&quot;:&quot;cta&quot;}}\" target=\"_blank\">Mon Actu<\/a>.<\/p>\n","protected":false},"excerpt":{"rendered":"Par Brian Le Goff Publi\u00e9 le 19 mai 2025 \u00e0 14h49 Les voyageurs ont pu \u00eatre surpris et&hellip;\n","protected":false},"author":2,"featured_media":111833,"comment_status":"","ping_status":"","sticky":false,"template":"","format":"standard","meta":{"footnotes":""},"categories":[2821],"tags":[1111,11,829,4850,1777,674,1011,27,23119,12,584,25,2215,104],"class_list":{"0":"post-111832","1":"post","2":"type-post","3":"status-publish","4":"format-standard","5":"has-post-thumbnail","7":"category-rennes","8":"tag-actu","9":"tag-actualites","10":"tag-bretagne","11":"tag-chien","12":"tag-eu","13":"tag-europe","14":"tag-fr","15":"tag-france","16":"tag-gare-de-rennes","17":"tag-news","18":"tag-rennes","19":"tag-republique-francaise","20":"tag-sncf","21":"tag-societe"},"share_on_mastodon":{"url":"https:\/\/pubeurope.com\/@fr\/114534702467333121","error":""},"_links":{"self":[{"href":"https:\/\/www.europesays.com\/fr\/wp-json\/wp\/v2\/posts\/111832","targetHints":{"allow":["GET"]}}],"collection":[{"href":"https:\/\/www.europesays.com\/fr\/wp-json\/wp\/v2\/posts"}],"about":[{"href":"https:\/\/www.europesays.com\/fr\/wp-json\/wp\/v2\/types\/post"}],"author":[{"embeddable":true,"href":"https:\/\/www.europesays.com\/fr\/wp-json\/wp\/v2\/users\/2"}],"replies":[{"embeddable":true,"href":"https:\/\/www.europesays.com\/fr\/wp-json\/wp\/v2\/comments?post=111832"}],"version-history":[{"count":0,"href":"https:\/\/www.europesays.com\/fr\/wp-json\/wp\/v2\/posts\/111832\/revisions"}],"wp:featuredmedia":[{"embeddable":true,"href":"https:\/\/www.europesays.com\/fr\/wp-json\/wp\/v2\/media\/111833"}],"wp:attachment":[{"href":"https:\/\/www.europesays.com\/fr\/wp-json\/wp\/v2\/media?parent=111832"}],"wp:term":[{"taxonomy":"category","embeddable":true,"href":"https:\/\/www.europesays.com\/fr\/wp-json\/wp\/v2\/categories?post=111832"},{"taxonomy":"post_tag","embeddable":true,"href":"https:\/\/www.europesays.com\/fr\/wp-json\/wp\/v2\/tags?post=111832"}],"curies":[{"name":"wp","href":"https:\/\/api.w.org\/{rel}","templated":true}]}}