{"id":111836,"date":"2025-05-19T13:21:13","date_gmt":"2025-05-19T13:21:13","guid":{"rendered":"https:\/\/www.europesays.com\/fr\/111836\/"},"modified":"2025-05-19T13:21:13","modified_gmt":"2025-05-19T13:21:13","slug":"la-maire-denonce-des-methodes-inacceptables","status":"publish","type":"post","link":"https:\/\/www.europesays.com\/fr\/111836\/","title":{"rendered":"la maire d\u00e9nonce \u00ab\u00a0des m\u00e9thodes inacceptables\u00a0\u00bb"},"content":{"rendered":"<p>            Par<br \/>\n        <strong><br \/>\n            <a href=\"https:\/\/actu.fr\/auteur\/ivan-capecchi\" title=\"Consulter tous les articles de Ivan CAPECCHI\" target=\"_blank\" rel=\"noopener\">Ivan CAPECCHI<\/a><br \/>\n        <\/strong><\/p>\n<p>        Publi\u00e9 le<\/p>\n<p>            19 mai 2025 \u00e0 15h10<br \/>\n        ; mis \u00e0 jour le 19 mai 2025 \u00e0 15h19    <\/p>\n<p>Apr\u00e8s que la <a href=\"https:\/\/actu.fr\/grand-est\/strasbourg_67482\/report-de-la-foire-saint-jean-les-forains-manifestent-ce-lundi-c-est-une-fete-tres-importante-pour-nous_62653897.html\" target=\"_blank\" rel=\"noopener\">manifestation des forains ce lundi<\/a> a entra\u00een\u00e9 une <a href=\"https:\/\/actu.fr\/grand-est\/strasbourg_67482\/manifestation-des-forains-a-strasbourg-le-conseil-municipal-suspendu-le-trafic-cts-perturbe_62654119.html\" target=\"_blank\" rel=\"noopener\">suspension du conseil municipal<\/a>, la maire de Strasbourg, Jeanne Barseghian, d\u00e9nonce ce m\u00eame jour <strong>\u00ab\u2009des m\u00e9thodes inacceptables\u2009\u00bb<\/strong>.<\/p>\n<p class=\" wall-content\">En conf\u00e9rence de presse, elle regrette \u00ab<strong>\u2009le blocage de la vie administrative<\/strong>\u2009\u00bb. \u00ab\u2009Il s\u2019agit d\u2019une <strong>entrave \u00e0 la vie d\u00e9mocratique<\/strong>. On peut ne pas \u00eatre d\u2019accord, mais <strong>le dialogue doit se faire dans les r\u00e8gles de la diplomatie<\/strong>\u2009\u00bb, mart\u00e8le l\u2019\u00e9lue.<\/p>\n<p>Jeanne Barseghian a rencontr\u00e9 les forains ce lundi<\/p>\n<p class=\" wall-content\">Par ailleurs, Mme Barseghian rappelle que <strong>plusieurs propositions ont \u00e9t\u00e9 faites aux forains<\/strong> en vue d\u2019aboutir \u00e0 un compromis, propositions qui ont toutes \u00e9t\u00e9 refus\u00e9es par ces m\u00eames forains. \u00ab<a href=\"https:\/\/actu.fr\/grand-est\/strasbourg_67482\/report-de-la-foire-saint-jean-a-strasbourg-les-forains-obtiennent-un-rendez-vous-avec-la-maire_62654370.html\" target=\"_blank\" rel=\"noopener\">\u2009J\u2019ai rencontr\u00e9 les forains<\/a> ce matin. Ils ont exprim\u00e9 une proposition\u2009: <strong>le site du Wacken<\/strong>. <strong>Solution expertis\u00e9e deux fois et \u00e9cart\u00e9e deux fois<\/strong> pour des raisons circulatoires et \u00e0 cause de la pr\u00e9sence de gros \u00e9quipements \u00e0 proximit\u00e9. Cette solution empi\u00e8te sur la chauss\u00e9e\u2009\u00bb, indique la maire.<\/p>\n<p class=\" wall-content\">Concernant le site du Wacken toujours, <a href=\"https:\/\/actu.fr\/tag\/jeanne-barseghian\" target=\"_blank\" rel=\"noopener\">Jeanne Barseghian<\/a> \u00e9voque \u00ab\u2009des contraintes techniques, mais aussi <strong>financi\u00e8res<\/strong>\u2009\u00bb. \u00ab\u2009Les budgets se sont r\u00e9duits et ne nous permettent pas de mettre en \u0153uvre des solutions miracles. \u00c0 l\u2019heure o\u00f9 je vous parle, je ne peux pas vous dire si la solution est faisable. Elle sera expertis\u00e9e [une nouvelle fois] et je me suis engag\u00e9e envers eux pour poursuivre le dialogue\u2009\u00bb, d\u00e9taille-t-elle.<\/p>\n<p>Vid\u00e9os : en ce moment sur Actu\u00ab\u2009La foire Saint-Jean fait partie du patrimoine strasbourgeois\u2009\u00bb<\/p>\n<p class=\" wall-content\">La maire rappelle qu\u2019\u00e0 l\u2019heure actuelle, il n\u2019y a \u00ab\u00a0plus aujourd\u2019hui de terrains disponibles. Les forains, dans la n\u00e9gociation, refusent de r\u00e9duire le nombre de man\u00e8ges. Je comprends cette logique, mais \u00e7a ne rend pas les choses plus simples\u00a0\u00bb.<\/p>\n<p class=\" wall-content\">\u00ab\u2009Pour autant, je l\u2019ai dit, je pense que la foire Saint-Jean <strong>fait partie du patrimoine strasbourgeois<\/strong>. C\u2019est pour \u00e7a que nous travaillons \u00e0 la plaine des bouchers [le site qui doit accueillir la foire de mani\u00e8re d\u00e9finitive \u00e0 terme]. On doit d\u00e9poser le permis d\u2019am\u00e9nager \u00e0 la fin de l\u2019ann\u00e9e\u2009\u00bb, compl\u00e8te-t-elle.<\/p>\n<p class=\" wall-content\"><strong>Avec Margot Fourni\u00e9<\/strong><\/p>\n<p class=\" wall-content\">Suivez toute l\u2019actualit\u00e9 de vos villes et m\u00e9dias favoris en vous inscrivant \u00e0 <a href=\"https:\/\/moncompte.actu.fr\" title=\"D\u00e9couvez Mon Actu\" rel=\"nofollow noopener\" data-trk=\"{&quot;cta&quot;:{&quot;action&quot;:&quot;https:\\\/\\\/moncompte.actu.fr&quot;,&quot;category&quot;:&quot;mon compte&quot;,&quot;from&quot;:&quot;article footer&quot;,&quot;name&quot;:&quot;Mon actu&quot;,&quot;type&quot;:&quot;cta&quot;}}\" target=\"_blank\">Mon Actu<\/a>.<\/p>\n<ul class=\"ac-article-tag wall-content\">\n<li><a href=\"https:\/\/actu.fr\/tag\/foire-saint-jean-strasbourg\" data-trk=\"{&quot;cta&quot;:{&quot;action&quot;:&quot;Foire Saint-Jean Strasbourg&quot;,&quot;category&quot;:&quot;tag&quot;,&quot;from&quot;:&quot;article footer&quot;,&quot;name&quot;:&quot;Foire Saint-Jean Strasbourg&quot;,&quot;type&quot;:&quot;cta&quot;}}\" target=\"_blank\" rel=\"noopener\">#Foire Saint-Jean Strasbourg<\/a><\/li>\n<li><a href=\"https:\/\/actu.fr\/tag\/manifestations\" data-trk=\"{&quot;cta&quot;:{&quot;action&quot;:&quot;Manifestations&quot;,&quot;category&quot;:&quot;tag&quot;,&quot;from&quot;:&quot;article footer&quot;,&quot;name&quot;:&quot;Manifestations&quot;,&quot;type&quot;:&quot;cta&quot;}}\" target=\"_blank\" rel=\"noopener\">#Manifestations<\/a><\/li>\n<\/ul>\n","protected":false},"excerpt":{"rendered":"Par Ivan CAPECCHI Publi\u00e9 le 19 mai 2025 \u00e0 15h10 ; mis \u00e0 jour le 19 mai 2025&hellip;\n","protected":false},"author":2,"featured_media":111837,"comment_status":"","ping_status":"","sticky":false,"template":"","format":"standard","meta":{"footnotes":""},"categories":[2820],"tags":[1111,11,1777,674,23120,1011,27,775,1272,12,25,104,640],"class_list":{"0":"post-111836","1":"post","2":"type-post","3":"status-publish","4":"format-standard","5":"has-post-thumbnail","7":"category-strasbourg","8":"tag-actu","9":"tag-actualites","10":"tag-eu","11":"tag-europe","12":"tag-foire-saint-jean-strasbourg","13":"tag-fr","14":"tag-france","15":"tag-grand-est","16":"tag-manifestations","17":"tag-news","18":"tag-republique-francaise","19":"tag-societe","20":"tag-strasbourg"},"share_on_mastodon":{"url":"https:\/\/pubeurope.com\/@fr\/114534710428345998","error":""},"_links":{"self":[{"href":"https:\/\/www.europesays.com\/fr\/wp-json\/wp\/v2\/posts\/111836","targetHints":{"allow":["GET"]}}],"collection":[{"href":"https:\/\/www.europesays.com\/fr\/wp-json\/wp\/v2\/posts"}],"about":[{"href":"https:\/\/www.europesays.com\/fr\/wp-json\/wp\/v2\/types\/post"}],"author":[{"embeddable":true,"href":"https:\/\/www.europesays.com\/fr\/wp-json\/wp\/v2\/users\/2"}],"replies":[{"embeddable":true,"href":"https:\/\/www.europesays.com\/fr\/wp-json\/wp\/v2\/comments?post=111836"}],"version-history":[{"count":0,"href":"https:\/\/www.europesays.com\/fr\/wp-json\/wp\/v2\/posts\/111836\/revisions"}],"wp:featuredmedia":[{"embeddable":true,"href":"https:\/\/www.europesays.com\/fr\/wp-json\/wp\/v2\/media\/111837"}],"wp:attachment":[{"href":"https:\/\/www.europesays.com\/fr\/wp-json\/wp\/v2\/media?parent=111836"}],"wp:term":[{"taxonomy":"category","embeddable":true,"href":"https:\/\/www.europesays.com\/fr\/wp-json\/wp\/v2\/categories?post=111836"},{"taxonomy":"post_tag","embeddable":true,"href":"https:\/\/www.europesays.com\/fr\/wp-json\/wp\/v2\/tags?post=111836"}],"curies":[{"name":"wp","href":"https:\/\/api.w.org\/{rel}","templated":true}]}}