{"id":11184,"date":"2025-04-08T21:37:30","date_gmt":"2025-04-08T21:37:30","guid":{"rendered":"https:\/\/www.europesays.com\/fr\/11184\/"},"modified":"2025-04-08T21:37:30","modified_gmt":"2025-04-08T21:37:30","slug":"quand-sera-t-il-possible-de-voir-le-spectacle-du-celebre-cirque-pinder","status":"publish","type":"post","link":"https:\/\/www.europesays.com\/fr\/11184\/","title":{"rendered":"quand sera-t-il possible de voir le spectacle du c\u00e9l\u00e8bre Cirque Pinder\u00a0?"},"content":{"rendered":"<p>            Par<br \/>\n        <strong><br \/>\n            <a href=\"https:\/\/actu.fr\/auteur\/laure-gentil\" title=\"Consulter tous les articles de Laure Gentil\" target=\"_blank\" rel=\"noopener\">Laure Gentil<\/a><br \/>\n        <\/strong><\/p>\n<p>        Publi\u00e9 le<\/p>\n<p>            7 avr. 2025 \u00e0 10h45        <\/p>\n<p>Ventriloque, clown, jongleurs\u2026 Le Cirque Pinder va faire son retour \u00e0 <a href=\"https:\/\/actu.fr\/nantes\/\" target=\"_blank\" rel=\"noopener\">Nantes<\/a> du<strong> 12 au 21\u00a0avril 2025<\/strong> au Parc Expo de la Beaujoire. La billetterie est ouverte. Au <strong>programme<\/strong>, une heure et quarante minutes de<strong> spectacle sans animaux.<\/strong><\/p>\n<p>Quels sont les horaires\u2009?<\/p>\n<ul class=\" wall-content\">\n<li>Samedi 12\u00a0avril\u2009: 14\u2009h et 20\u2009h (le spectacle de 17\u2009h est complet).<\/li>\n<li>Dimanche 13\u00a0avril\u2009: 11\u2009h, 14\u2009h et 17\u2009h.<\/li>\n<li>Lundi 14\u00a0avril\u2009: 15\u2009h\u200930 (le spectacle de 19\u2009h\u200930 est complet)<\/li>\n<li>Mardi 15\u00a0avril\u2009: 15\u2009h\u200930 (le spectacle de 19\u2009h\u200930 est complet)<\/li>\n<li>Mercredi 16\u00a0avril\u2009: 14\u2009h, 17\u2009h et 20\u2009h.<\/li>\n<li>Jeudi 17\u00a0avril\u2009: 14\u2009h, 17\u2009h et 20\u2009h.<\/li>\n<li>Vendredi 18\u00a0avril\u2009: 15\u2009h\u200930 et 19\u2009h\u200930.<\/li>\n<li>Samedi 19\u00a0avril\u2009: 14\u2009h, 17\u2009h et 20\u2009h.<\/li>\n<li>Dimanche 20\u00a0avril\u2009: 11\u2009h, 14\u2009h et 17\u2009h.<\/li>\n<li>Lundi 21\u00a0avril\u2009: 11\u2009h et 15\u2009h.<\/li>\n<\/ul>\n<p>Infos pratiques\u2009: 28\u00a0euros le fauteuil \u00ab\u2009bronze\u2009\u00bb, 36\u00a0euros le fauteuil \u00ab\u2009argent\u2009\u00bb, 46\u00a0euros le fauteuil \u00ab\u2009or\u2009\u00bb et 52\u00a0euros le fauteuil \u00ab\u2009VIP\u2009\u00bb. <a href=\"https:\/\/www.cirquepinder.com\/tout-public\/nantes\/#\" target=\"_blank\" rel=\"noopener\">Cliquez ici pour r\u00e9server vos places.<\/a><\/p>\n<p class=\" wall-content\">Suivez toute l\u2019actualit\u00e9 de vos villes et m\u00e9dias favoris en vous inscrivant \u00e0 <a href=\"https:\/\/moncompte.actu.fr\" title=\"D\u00e9couvez Mon Actu\" rel=\"nofollow noopener\" data-trk=\"{&quot;cta&quot;:{&quot;action&quot;:&quot;https:\\\/\\\/moncompte.actu.fr&quot;,&quot;category&quot;:&quot;mon compte&quot;,&quot;from&quot;:&quot;article footer&quot;,&quot;name&quot;:&quot;Mon actu&quot;,&quot;type&quot;:&quot;cta&quot;}}\" target=\"_blank\">Mon Actu<\/a>.<\/p>\n","protected":false},"excerpt":{"rendered":"Par Laure Gentil Publi\u00e9 le 7 avr. 2025 \u00e0 10h45 Ventriloque, clown, jongleurs\u2026 Le Cirque Pinder va faire&hellip;\n","protected":false},"author":2,"featured_media":11185,"comment_status":"","ping_status":"","sticky":false,"template":"","format":"standard","meta":{"footnotes":""},"categories":[2818],"tags":[1111,11,1063,5398,1777,674,1011,27,1652,766,12,2636,25],"class_list":{"0":"post-11184","1":"post","2":"type-post","3":"status-publish","4":"format-standard","5":"has-post-thumbnail","7":"category-nantes","8":"tag-actu","9":"tag-actualites","10":"tag-animations","11":"tag-cirque","12":"tag-eu","13":"tag-europe","14":"tag-fr","15":"tag-france","16":"tag-loisirs-culture","17":"tag-nantes","18":"tag-news","19":"tag-pays-de-la-loire","20":"tag-republique-francaise"},"share_on_mastodon":{"url":"https:\/\/pubeurope.com\/@fr\/114304505979179691","error":""},"_links":{"self":[{"href":"https:\/\/www.europesays.com\/fr\/wp-json\/wp\/v2\/posts\/11184","targetHints":{"allow":["GET"]}}],"collection":[{"href":"https:\/\/www.europesays.com\/fr\/wp-json\/wp\/v2\/posts"}],"about":[{"href":"https:\/\/www.europesays.com\/fr\/wp-json\/wp\/v2\/types\/post"}],"author":[{"embeddable":true,"href":"https:\/\/www.europesays.com\/fr\/wp-json\/wp\/v2\/users\/2"}],"replies":[{"embeddable":true,"href":"https:\/\/www.europesays.com\/fr\/wp-json\/wp\/v2\/comments?post=11184"}],"version-history":[{"count":0,"href":"https:\/\/www.europesays.com\/fr\/wp-json\/wp\/v2\/posts\/11184\/revisions"}],"wp:featuredmedia":[{"embeddable":true,"href":"https:\/\/www.europesays.com\/fr\/wp-json\/wp\/v2\/media\/11185"}],"wp:attachment":[{"href":"https:\/\/www.europesays.com\/fr\/wp-json\/wp\/v2\/media?parent=11184"}],"wp:term":[{"taxonomy":"category","embeddable":true,"href":"https:\/\/www.europesays.com\/fr\/wp-json\/wp\/v2\/categories?post=11184"},{"taxonomy":"post_tag","embeddable":true,"href":"https:\/\/www.europesays.com\/fr\/wp-json\/wp\/v2\/tags?post=11184"}],"curies":[{"name":"wp","href":"https:\/\/api.w.org\/{rel}","templated":true}]}}