{"id":111840,"date":"2025-05-19T13:23:12","date_gmt":"2025-05-19T13:23:12","guid":{"rendered":"https:\/\/www.europesays.com\/fr\/111840\/"},"modified":"2025-05-19T13:23:12","modified_gmt":"2025-05-19T13:23:12","slug":"decouvrez-la-programmation-du-festival-temps-danse-exterieur-a-nice","status":"publish","type":"post","link":"https:\/\/www.europesays.com\/fr\/111840\/","title":{"rendered":"D\u00e9couvrez la programmation du festival \u00ab\u00a0Temps-danse Ext\u00e9rieur\u00a0\u00bb \u00e0 Nice"},"content":{"rendered":"<p>Cr\u00e9er la surprise, attirer des regards, \u00e9veiller des \u00e9motions dans les lieux o\u00f9 l\u2019on s\u2019y attend le moins. \u00catre ax\u00e9 sur l\u2019inclusion et sur l\u2019exigence. Telle est l\u2019ambition de la 4e \u00e9dition du festival Temps-danse Ext\u00e9rieur.<\/p>\n<p>Venues de France et d\u2019Italie, les 15 compagnies de danses invit\u00e9es investiront la Coul\u00e9e Verte et le 109, P\u00f4le des cultures contemporaines, durant 4 journ\u00e9es et 3 soir\u00e9es en plein air.<\/p>\n<p>Lors des pr\u00e9c\u00e9dentes \u00e9ditions, jusqu\u2019\u00e0 6.000 spectateurs ont rejoint cette aventure artistique humaine et urbaine, qui favorise le tissage du lien social et interg\u00e9n\u00e9rationnel.<\/p>\n<p>Au programme notamment: une soir\u00e9e d\u2019ouverture, jeudi 22 mai \u00e0 19h30 au 109, en lien avec la Biennale des arts et de l\u2019oc\u00e9an, (sous le co-commissariat de Jean-Jacques Aillagon ancien ministre de la Culture et de la Communication, et H\u00e9l\u00e8ne Guenin, directrice du MAMAC) une rencontre et une master class destin\u00e9es aux professionnel.le.s. les 22 et 24 mai \u00e0 10h au 109.<\/p>\n<p>Plus de quinze repr\u00e9sentations, des ateliers d\u2019initiation \u00e0 la danse en famille, un concert et une soir\u00e9e DJ set, ainsi que des espaces \u00e0 danser ouvert \u00e0 tous et \u00e0 toutes.<\/p>\n<p><strong>Rod\u00e9o sur le miroir d\u2019eau<\/strong><\/p>\n<p>Du c\u00f4t\u00e9 de la coul\u00e9e verte, rendez-vous vendredi 23 mai \u00e0 14h au miroir d\u2019eau, pour d\u00e9couvrir des s\u00e9quences telles que Rod\u00e9o de la Cie Grenade \/Josette Ba\u00efz, une pi\u00e8ce p\u00e9tillante et dynamique autour des cultures urbaines.<\/p>\n<p>\u00c0 19h30, place \u00e0 la soir\u00e9e Cie \u00e9mergentes (L\u2019inclin\u00e9e, Andr\u00e9a Baldassari, DB motion) parrain\u00e9e par Jean Gaudin au square Leclerc. Avec notamment N\u2019arr\u00eate pas de r\u00eaver par la Cie DB Motion: musique, po\u00e9sie et hip-hop.<\/p>\n<p><strong>Dans une bo\u00eete de plexiglas<\/strong><\/p>\n<p>Samedi 24 mai, d\u00e8s 15h30 des animations attendront le jeune public au Jardin d\u2019enfants. \u00c0 commencer par Une jungle par la Cie Chao.S en partenariat avec Karwan &#8211; r\u00e9seau RIR sur le th\u00e8me suivant: deux \u00eatres bouscul\u00e9s par une destin\u00e9e qui s\u2019impose \u00e0 eux.<\/p>\n<p>Ou encore Bleu ville par la Cie ACT: un trio d\u00e9ambulatoire pour une danseuse, un musicien et un tissu bleu. Et enfin Passages par la compagnie AR: danse et contorsion dans une bo\u00eete en plexiglass de 3m de haut!<\/p>\n<p><strong>Soir\u00e9e \u00ab\u00a0Ce n\u2019est pas pour les enfants\u00a0\u00bb<\/strong><\/p>\n<p>\u00c0 19h30, dans la cour int\u00e9rieure du 109, coup d\u2019envoi de la soir\u00e9e \u00ab\u00a0Ce n\u2019est pas pour les enfants\u00a0\u00bb avec des performances avant-gardistes (Grand Bal, Terrain vague, Ex Nihilo) et un concert des Dull Boy: musique trip-hop et postpunk, embrassant des sons num\u00e9riques et analogiques. Parfait pour danser dans l\u2019espace ouvert \u00e0 toutes et \u00e0 tous!<\/p>\n<p>Retour dimanche au 109 d\u00e8s 10h avec un Atelier famille danse et un clown avec Les Steppettes, dans le cadre de la \u00ab\u00a0La journ\u00e9e des familles\u00a0\u00bb.<\/p>\n<p>Place l\u2019apr\u00e8s-midi \u00e0 Chocapov, une satire absurde par un duo de clowns Les Steppettes, et enfin aux Horsewomen de Montreuil par la Cie Les Goulus, une performance burlesque et interactive.<\/p>\n<p>Retrouvez tous les d\u00e9tails de la programmation sur www.compagnie-antipodes.com<\/p>\n","protected":false},"excerpt":{"rendered":"Cr\u00e9er la surprise, attirer des regards, \u00e9veiller des \u00e9motions dans les lieux o\u00f9 l\u2019on s\u2019y attend le moins.&hellip;\n","protected":false},"author":2,"featured_media":111841,"comment_status":"","ping_status":"","sticky":false,"template":"","format":"standard","meta":{"footnotes":""},"categories":[2819],"tags":[1111,11,5972,1777,674,1011,27,12,2401,882,25,60],"class_list":{"0":"post-111840","1":"post","2":"type-post","3":"status-publish","4":"format-standard","5":"has-post-thumbnail","7":"category-nice","8":"tag-actu","9":"tag-actualites","10":"tag-danse","11":"tag-eu","12":"tag-europe","13":"tag-fr","14":"tag-france","15":"tag-news","16":"tag-nice","17":"tag-provence-alpes-cote-dazur","18":"tag-republique-francaise","19":"tag-sports"},"share_on_mastodon":{"url":"https:\/\/pubeurope.com\/@fr\/114534718209646076","error":""},"_links":{"self":[{"href":"https:\/\/www.europesays.com\/fr\/wp-json\/wp\/v2\/posts\/111840","targetHints":{"allow":["GET"]}}],"collection":[{"href":"https:\/\/www.europesays.com\/fr\/wp-json\/wp\/v2\/posts"}],"about":[{"href":"https:\/\/www.europesays.com\/fr\/wp-json\/wp\/v2\/types\/post"}],"author":[{"embeddable":true,"href":"https:\/\/www.europesays.com\/fr\/wp-json\/wp\/v2\/users\/2"}],"replies":[{"embeddable":true,"href":"https:\/\/www.europesays.com\/fr\/wp-json\/wp\/v2\/comments?post=111840"}],"version-history":[{"count":0,"href":"https:\/\/www.europesays.com\/fr\/wp-json\/wp\/v2\/posts\/111840\/revisions"}],"wp:featuredmedia":[{"embeddable":true,"href":"https:\/\/www.europesays.com\/fr\/wp-json\/wp\/v2\/media\/111841"}],"wp:attachment":[{"href":"https:\/\/www.europesays.com\/fr\/wp-json\/wp\/v2\/media?parent=111840"}],"wp:term":[{"taxonomy":"category","embeddable":true,"href":"https:\/\/www.europesays.com\/fr\/wp-json\/wp\/v2\/categories?post=111840"},{"taxonomy":"post_tag","embeddable":true,"href":"https:\/\/www.europesays.com\/fr\/wp-json\/wp\/v2\/tags?post=111840"}],"curies":[{"name":"wp","href":"https:\/\/api.w.org\/{rel}","templated":true}]}}