{"id":111844,"date":"2025-05-19T13:25:12","date_gmt":"2025-05-19T13:25:12","guid":{"rendered":"https:\/\/www.europesays.com\/fr\/111844\/"},"modified":"2025-05-19T13:25:12","modified_gmt":"2025-05-19T13:25:12","slug":"un-homme-poignarde-apres-setre-dispute-avec-son-colocataire","status":"publish","type":"post","link":"https:\/\/www.europesays.com\/fr\/111844\/","title":{"rendered":"un homme poignard\u00e9 apr\u00e8s s\u2019\u00eatre disput\u00e9 avec son colocataire"},"content":{"rendered":"<p>Un quinquag\u00e9naire a \u00e9t\u00e9 gravement bless\u00e9 dimanche apr\u00e8s-midi, dans des circonstances encore floues. L\u2019auteur pr\u00e9sum\u00e9 des faits s\u2019est rendu \u00e0 la police dans la soir\u00e9e.<\/p>\n<p class=\"fig-paragraph\">Une cohabitation pour le moins houleuse. Victime de deux coups de couteau, un homme de 51 ans a \u00e9t\u00e9 transport\u00e9\u00a0<a href=\"http:\/\/www.lefigaro.fr\/nantes\/nantes-un-second-blesse-par-balles-admis-au-chu-en-une-semaine-20250307\" target=\"_blank\" data-fig-type=\"NewsFlash\" rel=\"noopener\" data-gtm-custom-categorie=\"navigation\" data-gtm-custom-action=\"crossclick\" data-gtm-custom-label=\"Contextuel\" data-gtm-event=\"customEventSPE\" data-fig-domain=\"LEFIGARO\">au CHU de Nantes<\/a>\u00a0(Loire-Atlantique), dimanche 19 mai, en fin de matin\u00e9e. Admis aux urgences dans un \u00e9tat pr\u00e9occupant, le quinquag\u00e9naire venait\u00a0<a href=\"https:\/\/www.lefigaro.fr\/actualite-france\/plus-de-120-agressions-a-l-arme-blanche-ont-lieu-chaque-jour-en-france-20200216\" target=\"_blank\" data-fig-type=\"Article\" rel=\"noopener\" data-gtm-custom-categorie=\"navigation\" data-gtm-custom-action=\"crossclick\" data-gtm-custom-label=\"Contextuel\" data-gtm-event=\"customEventSPE\" data-fig-domain=\"LEFIGARO\">d\u2019\u00eatre poignard\u00e9<\/a>\u00a0quelques minutes plus t\u00f4t et pr\u00e9sentait notamment une plaie \u00e0 l\u2019\u00e9paule.<\/p>\n<p class=\"fig-paragraph\">Le pronostic vital de la victime n\u2019\u00e9tait plus engag\u00e9 lundi. La tentative d\u2019homicide s\u2019est d\u00e9roul\u00e9e dans le quartier nantais du Bas-Chantenay, boulevard de la Libert\u00e9, pr\u00e8s du parc des Oblates. Colocataire de la victime, l\u2019auteur pr\u00e9sum\u00e9 des faits \u00e9tait activement recherch\u00e9 par la police, dimanche apr\u00e8s-midi. L\u2019homme de 33 ans s\u2019est finalement pr\u00e9sent\u00e9 de sa propre initiative en commissariat, vers 22 heures. Les forces de l\u2019ordre l\u2019ont aussit\u00f4t plac\u00e9 en garde \u00e0 vue.<\/p>\n<p class=\"fig-paragraph\">D\u2019apr\u00e8s nos confr\u00e8res de\u00a0<a href=\"https:\/\/www.ouest-france.fr\/societe\/faits-divers\/je-vais-te-planter-des-voisins-sous-le-choc-apres-la-tentative-dhomicide-a-nantes-a17da564-3415-11f0-b184-9fce0c190a12\" target=\"_blank\" rel=\"noopener\" data-gtm-custom-categorie=\"navigation\" data-gtm-custom-action=\"crossclick\" data-gtm-custom-label=\"Contextuel\" data-gtm-event=\"customEventSPE\">Presse Oc\u00e9an<\/a>, l\u2019auteur des faits h\u00e9bergeait la victime \u00e0 son domicile depuis quelques semaines. L\u2019agression serait intervenue lors d\u2019une dispute entre les deux hommes, dans le hall de leur immeuble. Un t\u00e9moin assure avoir aper\u00e7u l\u2019agresseur arm\u00e9 d\u2019un \u00abcouteau de poche\u00bb. Lundi matin, l\u2019auteur pr\u00e9sum\u00e9 des faits n\u2019avait pas encore \u00e9t\u00e9 auditionn\u00e9 par les enqu\u00eateurs.<\/p>\n","protected":false},"excerpt":{"rendered":"Un quinquag\u00e9naire a \u00e9t\u00e9 gravement bless\u00e9 dimanche apr\u00e8s-midi, dans des circonstances encore floues. L\u2019auteur pr\u00e9sum\u00e9 des faits s\u2019est&hellip;\n","protected":false},"author":2,"featured_media":111845,"comment_status":"","ping_status":"","sticky":false,"template":"","format":"standard","meta":{"footnotes":""},"categories":[2818],"tags":[1111,11,1777,674,462,1011,27,2640,2642,766,2638,2643,2637,2639,2646,2645,2641,2635,2644,2647,12,2636,25,5118],"class_list":{"0":"post-111844","1":"post","2":"type-post","3":"status-publish","4":"format-standard","5":"has-post-thumbnail","7":"category-nantes","8":"tag-actu","9":"tag-actualites","10":"tag-eu","11":"tag-europe","12":"tag-fc-nantes","13":"tag-fr","14":"tag-france","15":"tag-hauts-paves-saint-felix","16":"tag-ile-de-nantes","17":"tag-nantes","18":"tag-nantes-bellevue-chantenay-sainte-anne","19":"tag-nantes-breil-barberie","20":"tag-nantes-centre-ville","21":"tag-nantes-dervallieres-zola","22":"tag-nantes-doulon-bottiere","23":"tag-nantes-erdre","24":"tag-nantes-malakoff-saint-donatien","25":"tag-nantes-metropole","26":"tag-nantes-nord","27":"tag-nantes-sud","28":"tag-news","29":"tag-pays-de-la-loire","30":"tag-republique-francaise","31":"tag-tentative-de-meurtre"},"share_on_mastodon":{"url":"https:\/\/pubeurope.com\/@fr\/114534726229456722","error":""},"_links":{"self":[{"href":"https:\/\/www.europesays.com\/fr\/wp-json\/wp\/v2\/posts\/111844","targetHints":{"allow":["GET"]}}],"collection":[{"href":"https:\/\/www.europesays.com\/fr\/wp-json\/wp\/v2\/posts"}],"about":[{"href":"https:\/\/www.europesays.com\/fr\/wp-json\/wp\/v2\/types\/post"}],"author":[{"embeddable":true,"href":"https:\/\/www.europesays.com\/fr\/wp-json\/wp\/v2\/users\/2"}],"replies":[{"embeddable":true,"href":"https:\/\/www.europesays.com\/fr\/wp-json\/wp\/v2\/comments?post=111844"}],"version-history":[{"count":0,"href":"https:\/\/www.europesays.com\/fr\/wp-json\/wp\/v2\/posts\/111844\/revisions"}],"wp:featuredmedia":[{"embeddable":true,"href":"https:\/\/www.europesays.com\/fr\/wp-json\/wp\/v2\/media\/111845"}],"wp:attachment":[{"href":"https:\/\/www.europesays.com\/fr\/wp-json\/wp\/v2\/media?parent=111844"}],"wp:term":[{"taxonomy":"category","embeddable":true,"href":"https:\/\/www.europesays.com\/fr\/wp-json\/wp\/v2\/categories?post=111844"},{"taxonomy":"post_tag","embeddable":true,"href":"https:\/\/www.europesays.com\/fr\/wp-json\/wp\/v2\/tags?post=111844"}],"curies":[{"name":"wp","href":"https:\/\/api.w.org\/{rel}","templated":true}]}}